{"id":9508,"date":"2016-04-18T18:50:14","date_gmt":"2016-04-19T01:50:14","guid":{"rendered":"https:\/\/www.opalco.com\/?p=9508"},"modified":"2016-04-18T18:50:14","modified_gmt":"2016-04-19T01:50:14","slug":"la-retractacion-de-la-oferta-de-opalco-rock-island-confirma-la-neutralidad-electoral","status":"publish","type":"post","link":"https:\/\/www.opalco.com\/es\/la-retractacion-de-la-oferta-de-opalco-rock-island-confirma-la-neutralidad-electoral\/2016\/04\/","title":{"rendered":"OPALCO Y ROCK ISLAND OFRECEN RETIRADA, CONFIRMAN NEUTRALIDAD ELECTORAL"},"content":{"rendered":"<p>El viernes pasado, la subsidiaria de propiedad total de OPALCO, Rock Island Communications, envi\u00f3 un correo electr\u00f3nico a su lista de clientes haciendo referencia a una lista espec\u00edfica de candidatos para la pr\u00f3xima elecci\u00f3n de la junta directiva de OPALCO. Hoy, Gerry Lawlor, vicepresidente ejecutivo de Rock Island, emiti\u00f3 una retractaci\u00f3n de ese correo electr\u00f3nico afirmando: \u201cLas opiniones expresadas en ese correo electr\u00f3nico son m\u00edas y se formularon sin el conocimiento de la junta directiva de OPALCO, el equipo directivo o Glenna Hall. Comet\u00ed un error de juicio\u201d.<\/p>\n<p>Foster Hildreth, Gerente General de OPALCO y Rock Island, dijo: \u201cEl liderazgo de OPALCO adopta una posici\u00f3n neutral en la elecci\u00f3n de la Cooperativa. Depende de los miembros decidir qui\u00e9n representa mejor sus intereses. Lamentamos este paso en falso: es inaceptable\u201d.<\/p>\n<p>Los miembros de la Junta de OPALCO respondieron r\u00e1pidamente con un llamado a crear una pol\u00edtica clara sobre neutralidad electoral, imponiendo fuertes restricciones a las campa\u00f1as. La discusi\u00f3n comenzar\u00e1 en la reuni\u00f3n de la junta directiva del 21 de abril sobre L\u00f3pez; La reuni\u00f3n comienza a las 8:15 am en el Sal\u00f3n de Bomberos. Las reuniones de la junta directiva de OPALCO est\u00e1n abiertas a los miembros de la cooperativa. Los materiales de la junta y los detalles de las reuniones se publican en l\u00ednea en <a href=\"https:\/\/www.opalco.com\/es\/\">www.opalco.com<\/a>.<\/p>","protected":false},"excerpt":{"rendered":"<p>El viernes pasado, la subsidiaria de propiedad total de OPALCO, Rock Island Communications, envi\u00f3 un correo electr\u00f3nico a su lista de clientes haciendo referencia a una lista espec\u00edfica de candidatos para la pr\u00f3xima elecci\u00f3n de la junta directiva de OPALCO. Hoy, Gerry Lawlor, vicepresidente ejecutivo... <a class=\"co-blog_post--morelink\" href=\"https:\/\/www.opalco.com\/es\/la-retractacion-de-la-oferta-de-opalco-rock-island-confirma-la-neutralidad-electoral\/2016\/04\/\" aria-label=\"Leer m\u00e1s sobre: OPALCO Y ROCK ISLAND OFRECEN RETRACCI\u00d3N Y CONFIRMAN NEUTRALIDAD ELECTORAL\">Leer m\u00e1s<\/a><\/p>","protected":false},"author":34,"featured_media":0,"comment_status":"closed","ping_status":"closed","sticky":false,"template":"","format":"standard","meta":{"_acf_changed":false,"_searchwp_excluded":"","footnotes":""},"categories":[29,5,163],"tags":[],"class_list":["post-9508","post","type-post","status-publish","format-standard","hentry","category-board","category-membership","category-rock-island-communications"],"acf":[],"yoast_head":"<!-- This site is optimized with the Yoast SEO plugin v27.2 - https:\/\/yoast.com\/product\/yoast-seo-wordpress\/ -->\n<title>OPALCO AND ROCK ISLAND OFFER RETRACTION, CONFIRM ELECTION NEUTRALITY - OPALCO<\/title>\n<meta name=\"robots\" content=\"index, follow, max-snippet:-1, max-image-preview:large, max-video-preview:-1\" \/>\n<link rel=\"canonical\" href=\"https:\/\/www.opalco.com\/es\/la-retractacion-de-la-oferta-de-opalco-rock-island-confirma-la-neutralidad-electoral\/2016\/04\/\" \/>\n<meta property=\"og:locale\" content=\"es_ES\" \/>\n<meta property=\"og:type\" content=\"article\" \/>\n<meta property=\"og:title\" content=\"OPALCO AND ROCK ISLAND OFFER RETRACTION, CONFIRM ELECTION NEUTRALITY - OPALCO\" \/>\n<meta property=\"og:description\" content=\"Last Friday, OPALCO\u2019s wholly-owned subsidiary, Rock Island Communications, sent an email to its customer list referencing a specific slate of candidates for OPALCO\u2019s upcoming board election. Today, Gerry Lawlor, EVP &hellip; Read more\" \/>\n<meta property=\"og:url\" content=\"https:\/\/www.opalco.com\/es\/la-retractacion-de-la-oferta-de-opalco-rock-island-confirma-la-neutralidad-electoral\/2016\/04\/\" \/>\n<meta property=\"og:site_name\" content=\"OPALCO\" \/>\n<meta property=\"article:publisher\" content=\"https:\/\/www.facebook.com\/orcaspower\" \/>\n<meta property=\"article:published_time\" content=\"2016-04-19T01:50:14+00:00\" \/>\n<meta name=\"author\" content=\"Krista Bouchey\" \/>\n<meta name=\"twitter:card\" content=\"summary_large_image\" \/>\n<meta name=\"twitter:creator\" content=\"@OrcasPower\" \/>\n<meta name=\"twitter:site\" content=\"@orcaspower\" \/>\n<meta name=\"twitter:label1\" content=\"Written by\" \/>\n\t<meta name=\"twitter:data1\" content=\"Krista Bouchey\" \/>\n\t<meta name=\"twitter:label2\" content=\"Est. reading time\" \/>\n\t<meta name=\"twitter:data2\" content=\"1 minuto\" \/>\n<script type=\"application\/ld+json\" class=\"yoast-schema-graph\">{\"@context\":\"https:\/\/schema.org\",\"@graph\":[{\"@type\":\"Article\",\"@id\":\"https:\/\/www.opalco.com\/opalco-rock-island-offer-retraction-confirm-election-neutrality\/2016\/04\/#article\",\"isPartOf\":{\"@id\":\"https:\/\/www.opalco.com\/opalco-rock-island-offer-retraction-confirm-election-neutrality\/2016\/04\/\"},\"author\":{\"name\":\"Krista Bouchey\",\"@id\":\"https:\/\/www.opalco.com\/#\/schema\/person\/a5686fb5efc9d7787dad40e35b56abad\"},\"headline\":\"OPALCO AND ROCK ISLAND OFFER RETRACTION, CONFIRM ELECTION NEUTRALITY\",\"datePublished\":\"2016-04-19T01:50:14+00:00\",\"mainEntityOfPage\":{\"@id\":\"https:\/\/www.opalco.com\/opalco-rock-island-offer-retraction-confirm-election-neutrality\/2016\/04\/\"},\"wordCount\":182,\"publisher\":{\"@id\":\"https:\/\/www.opalco.com\/#organization\"},\"articleSection\":[\"Board\",\"Membership\",\"Rock Island Communications\"],\"inLanguage\":\"es-ES\"},{\"@type\":\"WebPage\",\"@id\":\"https:\/\/www.opalco.com\/opalco-rock-island-offer-retraction-confirm-election-neutrality\/2016\/04\/\",\"url\":\"https:\/\/www.opalco.com\/opalco-rock-island-offer-retraction-confirm-election-neutrality\/2016\/04\/\",\"name\":\"OPALCO AND ROCK ISLAND OFFER RETRACTION, CONFIRM ELECTION NEUTRALITY - OPALCO\",\"isPartOf\":{\"@id\":\"https:\/\/www.opalco.com\/#website\"},\"datePublished\":\"2016-04-19T01:50:14+00:00\",\"breadcrumb\":{\"@id\":\"https:\/\/www.opalco.com\/opalco-rock-island-offer-retraction-confirm-election-neutrality\/2016\/04\/#breadcrumb\"},\"inLanguage\":\"es-ES\",\"potentialAction\":[{\"@type\":\"ReadAction\",\"target\":[\"https:\/\/www.opalco.com\/opalco-rock-island-offer-retraction-confirm-election-neutrality\/2016\/04\/\"]}]},{\"@type\":\"BreadcrumbList\",\"@id\":\"https:\/\/www.opalco.com\/opalco-rock-island-offer-retraction-confirm-election-neutrality\/2016\/04\/#breadcrumb\",\"itemListElement\":[{\"@type\":\"ListItem\",\"position\":1,\"name\":\"Home\",\"item\":\"https:\/\/www.opalco.com\/\"},{\"@type\":\"ListItem\",\"position\":2,\"name\":\"OPALCO AND ROCK ISLAND OFFER RETRACTION, CONFIRM ELECTION NEUTRALITY\"}]},{\"@type\":\"WebSite\",\"@id\":\"https:\/\/www.opalco.com\/#website\",\"url\":\"https:\/\/www.opalco.com\/\",\"name\":\"OPALCO\",\"description\":\"Orcas Power &amp; Light Co-op\",\"publisher\":{\"@id\":\"https:\/\/www.opalco.com\/#organization\"},\"potentialAction\":[{\"@type\":\"SearchAction\",\"target\":{\"@type\":\"EntryPoint\",\"urlTemplate\":\"https:\/\/www.opalco.com\/?s={search_term_string}\"},\"query-input\":{\"@type\":\"PropertyValueSpecification\",\"valueRequired\":true,\"valueName\":\"search_term_string\"}}],\"inLanguage\":\"es-ES\"},{\"@type\":\"Organization\",\"@id\":\"https:\/\/www.opalco.com\/#organization\",\"name\":\"Orcas Power & Light Cooperative\",\"url\":\"https:\/\/www.opalco.com\/\",\"logo\":{\"@type\":\"ImageObject\",\"inLanguage\":\"es-ES\",\"@id\":\"https:\/\/www.opalco.com\/#\/schema\/logo\/image\/\",\"url\":\"https:\/\/www.opalco.com\/wp-content\/uploads\/2015\/10\/09-full-color-logo.jpg\",\"contentUrl\":\"https:\/\/www.opalco.com\/wp-content\/uploads\/2015\/10\/09-full-color-logo.jpg\",\"width\":788,\"height\":624,\"caption\":\"Orcas Power & Light Cooperative\"},\"image\":{\"@id\":\"https:\/\/www.opalco.com\/#\/schema\/logo\/image\/\"},\"sameAs\":[\"https:\/\/www.facebook.com\/orcaspower\",\"https:\/\/x.com\/orcaspower\"]},{\"@type\":\"Person\",\"@id\":\"https:\/\/www.opalco.com\/#\/schema\/person\/a5686fb5efc9d7787dad40e35b56abad\",\"name\":\"Krista Bouchey\",\"image\":{\"@type\":\"ImageObject\",\"inLanguage\":\"es-ES\",\"@id\":\"https:\/\/secure.gravatar.com\/avatar\/55520213b4e552fa8135f4e16078d94b4ff2df5da73caf284df5a1280b02195a?s=96&d=mm&r=g\",\"url\":\"https:\/\/secure.gravatar.com\/avatar\/55520213b4e552fa8135f4e16078d94b4ff2df5da73caf284df5a1280b02195a?s=96&d=mm&r=g\",\"contentUrl\":\"https:\/\/secure.gravatar.com\/avatar\/55520213b4e552fa8135f4e16078d94b4ff2df5da73caf284df5a1280b02195a?s=96&d=mm&r=g\",\"caption\":\"Krista Bouchey\"},\"sameAs\":[\"https:\/\/x.com\/OrcasPower\"],\"url\":\"https:\/\/www.opalco.com\/es\/author\/kbouchey\/\"}]}<\/script>\n<!-- \/ Yoast SEO plugin. -->","yoast_head_json":{"title":"OPALCO Y ROCK ISLAND OFRECEN RETIRADA, CONFIRMAN NEUTRALIDAD ELECTORAL - OPALCO","robots":{"index":"index","follow":"follow","max-snippet":"max-snippet:-1","max-image-preview":"max-image-preview:large","max-video-preview":"max-video-preview:-1"},"canonical":"https:\/\/www.opalco.com\/es\/la-retractacion-de-la-oferta-de-opalco-rock-island-confirma-la-neutralidad-electoral\/2016\/04\/","og_locale":"es_ES","og_type":"article","og_title":"OPALCO AND ROCK ISLAND OFFER RETRACTION, CONFIRM ELECTION NEUTRALITY - OPALCO","og_description":"Last Friday, OPALCO\u2019s wholly-owned subsidiary, Rock Island Communications, sent an email to its customer list referencing a specific slate of candidates for OPALCO\u2019s upcoming board election. Today, Gerry Lawlor, EVP &hellip; Read more","og_url":"https:\/\/www.opalco.com\/es\/la-retractacion-de-la-oferta-de-opalco-rock-island-confirma-la-neutralidad-electoral\/2016\/04\/","og_site_name":"OPALCO","article_publisher":"https:\/\/www.facebook.com\/orcaspower","article_published_time":"2016-04-19T01:50:14+00:00","author":"Krista Bouchey","twitter_card":"summary_large_image","twitter_creator":"@OrcasPower","twitter_site":"@orcaspower","twitter_misc":{"Written by":"Krista Bouchey","Est. reading time":"1 minuto"},"schema":{"@context":"https:\/\/schema.org","@graph":[{"@type":"Article","@id":"https:\/\/www.opalco.com\/opalco-rock-island-offer-retraction-confirm-election-neutrality\/2016\/04\/#article","isPartOf":{"@id":"https:\/\/www.opalco.com\/opalco-rock-island-offer-retraction-confirm-election-neutrality\/2016\/04\/"},"author":{"name":"Krista Bouchey","@id":"https:\/\/www.opalco.com\/#\/schema\/person\/a5686fb5efc9d7787dad40e35b56abad"},"headline":"OPALCO AND ROCK ISLAND OFFER RETRACTION, CONFIRM ELECTION NEUTRALITY","datePublished":"2016-04-19T01:50:14+00:00","mainEntityOfPage":{"@id":"https:\/\/www.opalco.com\/opalco-rock-island-offer-retraction-confirm-election-neutrality\/2016\/04\/"},"wordCount":182,"publisher":{"@id":"https:\/\/www.opalco.com\/#organization"},"articleSection":["Board","Membership","Rock Island Communications"],"inLanguage":"es-ES"},{"@type":"WebPage","@id":"https:\/\/www.opalco.com\/opalco-rock-island-offer-retraction-confirm-election-neutrality\/2016\/04\/","url":"https:\/\/www.opalco.com\/opalco-rock-island-offer-retraction-confirm-election-neutrality\/2016\/04\/","name":"OPALCO Y ROCK ISLAND OFRECEN RETIRADA, CONFIRMAN NEUTRALIDAD ELECTORAL - OPALCO","isPartOf":{"@id":"https:\/\/www.opalco.com\/#website"},"datePublished":"2016-04-19T01:50:14+00:00","breadcrumb":{"@id":"https:\/\/www.opalco.com\/opalco-rock-island-offer-retraction-confirm-election-neutrality\/2016\/04\/#breadcrumb"},"inLanguage":"es-ES","potentialAction":[{"@type":"ReadAction","target":["https:\/\/www.opalco.com\/opalco-rock-island-offer-retraction-confirm-election-neutrality\/2016\/04\/"]}]},{"@type":"BreadcrumbList","@id":"https:\/\/www.opalco.com\/opalco-rock-island-offer-retraction-confirm-election-neutrality\/2016\/04\/#breadcrumb","itemListElement":[{"@type":"ListItem","position":1,"name":"Home","item":"https:\/\/www.opalco.com\/"},{"@type":"ListItem","position":2,"name":"OPALCO AND ROCK ISLAND OFFER RETRACTION, CONFIRM ELECTION NEUTRALITY"}]},{"@type":"WebSite","@id":"https:\/\/www.opalco.com\/#website","url":"https:\/\/www.opalco.com\/","name":"OPALCO","description":"Cooperativa de energ\u00eda y luz Orcas","publisher":{"@id":"https:\/\/www.opalco.com\/#organization"},"potentialAction":[{"@type":"SearchAction","target":{"@type":"EntryPoint","urlTemplate":"https:\/\/www.opalco.com\/?s={search_term_string}"},"query-input":{"@type":"PropertyValueSpecification","valueRequired":true,"valueName":"search_term_string"}}],"inLanguage":"es-ES"},{"@type":"Organization","@id":"https:\/\/www.opalco.com\/#organization","name":"Cooperativa de energ\u00eda y luz Orcas","url":"https:\/\/www.opalco.com\/","logo":{"@type":"ImageObject","inLanguage":"es-ES","@id":"https:\/\/www.opalco.com\/#\/schema\/logo\/image\/","url":"https:\/\/www.opalco.com\/wp-content\/uploads\/2015\/10\/09-full-color-logo.jpg","contentUrl":"https:\/\/www.opalco.com\/wp-content\/uploads\/2015\/10\/09-full-color-logo.jpg","width":788,"height":624,"caption":"Orcas Power & Light Cooperative"},"image":{"@id":"https:\/\/www.opalco.com\/#\/schema\/logo\/image\/"},"sameAs":["https:\/\/www.facebook.com\/orcaspower","https:\/\/x.com\/orcaspower"]},{"@type":"Person","@id":"https:\/\/www.opalco.com\/#\/schema\/person\/a5686fb5efc9d7787dad40e35b56abad","name":"Krista Bouchey","image":{"@type":"ImageObject","inLanguage":"es-ES","@id":"https:\/\/secure.gravatar.com\/avatar\/55520213b4e552fa8135f4e16078d94b4ff2df5da73caf284df5a1280b02195a?s=96&d=mm&r=g","url":"https:\/\/secure.gravatar.com\/avatar\/55520213b4e552fa8135f4e16078d94b4ff2df5da73caf284df5a1280b02195a?s=96&d=mm&r=g","contentUrl":"https:\/\/secure.gravatar.com\/avatar\/55520213b4e552fa8135f4e16078d94b4ff2df5da73caf284df5a1280b02195a?s=96&d=mm&r=g","caption":"Krista Bouchey"},"sameAs":["https:\/\/x.com\/OrcasPower"],"url":"https:\/\/www.opalco.com\/es\/author\/kbouchey\/"}]}},"_links":{"self":[{"href":"https:\/\/www.opalco.com\/es\/wp-json\/wp\/v2\/posts\/9508","targetHints":{"allow":["GET"]}}],"collection":[{"href":"https:\/\/www.opalco.com\/es\/wp-json\/wp\/v2\/posts"}],"about":[{"href":"https:\/\/www.opalco.com\/es\/wp-json\/wp\/v2\/types\/post"}],"author":[{"embeddable":true,"href":"https:\/\/www.opalco.com\/es\/wp-json\/wp\/v2\/users\/34"}],"replies":[{"embeddable":true,"href":"https:\/\/www.opalco.com\/es\/wp-json\/wp\/v2\/comments?post=9508"}],"version-history":[{"count":0,"href":"https:\/\/www.opalco.com\/es\/wp-json\/wp\/v2\/posts\/9508\/revisions"}],"wp:attachment":[{"href":"https:\/\/www.opalco.com\/es\/wp-json\/wp\/v2\/media?parent=9508"}],"wp:term":[{"taxonomy":"category","embeddable":true,"href":"https:\/\/www.opalco.com\/es\/wp-json\/wp\/v2\/categories?post=9508"},{"taxonomy":"post_tag","embeddable":true,"href":"https:\/\/www.opalco.com\/es\/wp-json\/wp\/v2\/tags?post=9508"}],"curies":[{"name":"gracias","href":"https:\/\/api.w.org\/{rel}","templated":true}]}}