{"id":8739,"date":"2015-10-02T12:11:43","date_gmt":"2015-10-02T19:11:43","guid":{"rendered":"https:\/\/www.opalco.com\/?post_type=news_article&#038;p=8739"},"modified":"2016-02-02T09:37:37","modified_gmt":"2016-02-02T17:37:37","slug":"el-vicepresidente-de-rock-island-mike-greene-dimite-a-medida-que-se-solidifican-las-operaciones-iniciales","status":"publish","type":"post","link":"https:\/\/www.opalco.com\/es\/el-vicepresidente-de-rock-island-mike-greene-dimite-a-medida-que-se-solidifican-las-operaciones-iniciales\/2015\/10\/","title":{"rendered":"El vicepresidente de Rock Island, Mike Greene, dimite a medida que se solidifican las operaciones iniciales"},"content":{"rendered":"<p>El fundador de Rock Island Communications, Mike Greene, quien recientemente se desempe\u00f1\u00f3 como vicepresidente de tecnolog\u00eda, anunci\u00f3 que dejar\u00e1 la empresa a partir del 15 de octubre.<\/p>\n<p>Cuando OPALCO compr\u00f3 Rock Island en febrero, Greene se qued\u00f3 para ayudar con la transici\u00f3n, fusionando personal y operaciones para mantener el negocio funcionando mientras comenzaba una enorme expansi\u00f3n de infraestructura. Con esa transici\u00f3n consolid\u00e1ndose, Greene aprovech\u00f3 la oportunidad para dimitir. Las operaciones de la empresa seguir\u00e1n estando dirigidas por Gerry Lawlor, vicepresidente ejecutivo de Rock Island.<\/p>\n<p>&quot;Rock Island est\u00e1 revolucionando los servicios de Internet para nuestras comunidades&quot;, dijo Lawlor. &quot;Estamos llevando un ISP local al siguiente nivel, brindando servicios modernos bas\u00e1ndose en la base de la columna vertebral de OPALCO&quot;.<\/p>\n<p>No es inusual que los l\u00edderes fundadores renuncien al a\u00f1o siguiente de una adquisici\u00f3n, pero seguramente se extra\u00f1ar\u00e1 la experiencia y el conocimiento institucional de Mike Greene. &quot;No estar\u00edamos aqu\u00ed hoy sin la importante inversi\u00f3n que Mike ha hecho en nuestras comunidades&quot;, dijo Foster Hildreth, presidente de Rock Island y gerente general de OPALCO. &quot;Rock Island Communications es producto de su pasi\u00f3n, previsi\u00f3n y habilidad empresarial en el condado de San Juan&quot;.<\/p>\n<p>Rock Island contin\u00faa ampliando su personal en las oficinas de Friday Harbor y Eastsound. En agosto, la empresa contrat\u00f3 al director financiero Chad Bailey para dirigir el equipo de contabilidad y la contrataci\u00f3n continuar\u00e1 a medida que crezca el negocio. Rick Lysen, quien ha sido el arquitecto y administrador de la red troncal de fibra de OPALCO durante los \u00faltimos 14 a\u00f1os, continuar\u00e1 supervisando las operaciones de la red.<\/p>\n<p>Actualmente, el equipo presta servicios a miles de clientes y participa en la construcci\u00f3n de \u201ccapuchas de fibra\u201d y sistemas inal\u00e1mbricos LTE en todo el condado para brindar servicios de Internet basados en fibra de pr\u00f3xima generaci\u00f3n. Rock Island tiene actualmente un total de 235 clientes de fibra. Con m\u00e1s de 300 actualmente en construcci\u00f3n, la compa\u00f1\u00eda est\u00e1 en camino de cumplir su objetivo de 500 nuevos clientes de fibra para 2015.<\/p>","protected":false},"excerpt":{"rendered":"<p>El fundador de Rock Island Communications, Mike Greene, quien recientemente se desempe\u00f1\u00f3 como vicepresidente de tecnolog\u00eda, anunci\u00f3 que dejar\u00e1 la empresa a partir del 15 de octubre. <a class=\"co-blog_post--morelink\" href=\"https:\/\/www.opalco.com\/es\/el-vicepresidente-de-rock-island-mike-greene-dimite-a-medida-que-se-solidifican-las-operaciones-iniciales\/2015\/10\/\" aria-label=\"Lea m\u00e1s sobre: El vicepresidente de Rock Island, Mike Greene, dimite mientras las operaciones de la empresa emergente se consolidan\">Leer m\u00e1s<\/a><\/p>","protected":false},"author":34,"featured_media":0,"comment_status":"closed","ping_status":"closed","sticky":false,"template":"","format":"standard","meta":{"_acf_changed":false,"_searchwp_excluded":"","footnotes":""},"categories":[31,163],"tags":[164,101],"class_list":["post-8739","post","type-post","status-publish","format-standard","hentry","category-broadband","category-rock-island-communications","tag-ric","tag-rock-island"],"acf":[],"yoast_head":"<!-- This site is optimized with the Yoast SEO plugin v27.2 - https:\/\/yoast.com\/product\/yoast-seo-wordpress\/ -->\n<title>Rock Island VP Mike Greene Steps Down as Start-Up Operations Solidify - OPALCO<\/title>\n<meta name=\"robots\" content=\"index, follow, max-snippet:-1, max-image-preview:large, max-video-preview:-1\" \/>\n<link rel=\"canonical\" href=\"https:\/\/www.opalco.com\/es\/el-vicepresidente-de-rock-island-mike-greene-dimite-a-medida-que-se-solidifican-las-operaciones-iniciales\/2015\/10\/\" \/>\n<meta property=\"og:locale\" content=\"es_ES\" \/>\n<meta property=\"og:type\" content=\"article\" \/>\n<meta property=\"og:title\" content=\"Rock Island VP Mike Greene Steps Down as Start-Up Operations Solidify - OPALCO\" \/>\n<meta property=\"og:description\" content=\"Rock Island Communications founder Mike Greene, who has most recently been serving as Vice President of Technology, has announced that he will be leaving the company as of October 15. &hellip; Read more\" \/>\n<meta property=\"og:url\" content=\"https:\/\/www.opalco.com\/es\/el-vicepresidente-de-rock-island-mike-greene-dimite-a-medida-que-se-solidifican-las-operaciones-iniciales\/2015\/10\/\" \/>\n<meta property=\"og:site_name\" content=\"OPALCO\" \/>\n<meta property=\"article:publisher\" content=\"https:\/\/www.facebook.com\/orcaspower\" \/>\n<meta property=\"article:published_time\" content=\"2015-10-02T19:11:43+00:00\" \/>\n<meta property=\"article:modified_time\" content=\"2016-02-02T17:37:37+00:00\" \/>\n<meta name=\"author\" content=\"Krista Bouchey\" \/>\n<meta name=\"twitter:card\" content=\"summary_large_image\" \/>\n<meta name=\"twitter:creator\" content=\"@OrcasPower\" \/>\n<meta name=\"twitter:site\" content=\"@orcaspower\" \/>\n<meta name=\"twitter:label1\" content=\"Written by\" \/>\n\t<meta name=\"twitter:data1\" content=\"Krista Bouchey\" \/>\n\t<meta name=\"twitter:label2\" content=\"Est. reading time\" \/>\n\t<meta name=\"twitter:data2\" content=\"2 minutos\" \/>\n<script type=\"application\/ld+json\" class=\"yoast-schema-graph\">{\"@context\":\"https:\/\/schema.org\",\"@graph\":[{\"@type\":\"Article\",\"@id\":\"https:\/\/www.opalco.com\/rock-island-vp-mike-greene-steps-down-as-start-up-operations-solidify\/2015\/10\/#article\",\"isPartOf\":{\"@id\":\"https:\/\/www.opalco.com\/rock-island-vp-mike-greene-steps-down-as-start-up-operations-solidify\/2015\/10\/\"},\"author\":{\"name\":\"Krista Bouchey\",\"@id\":\"https:\/\/www.opalco.com\/#\/schema\/person\/a5686fb5efc9d7787dad40e35b56abad\"},\"headline\":\"Rock Island VP Mike Greene Steps Down as Start-Up Operations Solidify\",\"datePublished\":\"2015-10-02T19:11:43+00:00\",\"dateModified\":\"2016-02-02T17:37:37+00:00\",\"mainEntityOfPage\":{\"@id\":\"https:\/\/www.opalco.com\/rock-island-vp-mike-greene-steps-down-as-start-up-operations-solidify\/2015\/10\/\"},\"wordCount\":327,\"publisher\":{\"@id\":\"https:\/\/www.opalco.com\/#organization\"},\"keywords\":[\"RIC\",\"Rock Island\"],\"articleSection\":[\"Broadband\",\"Rock Island Communications\"],\"inLanguage\":\"es-ES\"},{\"@type\":\"WebPage\",\"@id\":\"https:\/\/www.opalco.com\/rock-island-vp-mike-greene-steps-down-as-start-up-operations-solidify\/2015\/10\/\",\"url\":\"https:\/\/www.opalco.com\/rock-island-vp-mike-greene-steps-down-as-start-up-operations-solidify\/2015\/10\/\",\"name\":\"Rock Island VP Mike Greene Steps Down as Start-Up Operations Solidify - OPALCO\",\"isPartOf\":{\"@id\":\"https:\/\/www.opalco.com\/#website\"},\"datePublished\":\"2015-10-02T19:11:43+00:00\",\"dateModified\":\"2016-02-02T17:37:37+00:00\",\"breadcrumb\":{\"@id\":\"https:\/\/www.opalco.com\/rock-island-vp-mike-greene-steps-down-as-start-up-operations-solidify\/2015\/10\/#breadcrumb\"},\"inLanguage\":\"es-ES\",\"potentialAction\":[{\"@type\":\"ReadAction\",\"target\":[\"https:\/\/www.opalco.com\/rock-island-vp-mike-greene-steps-down-as-start-up-operations-solidify\/2015\/10\/\"]}]},{\"@type\":\"BreadcrumbList\",\"@id\":\"https:\/\/www.opalco.com\/rock-island-vp-mike-greene-steps-down-as-start-up-operations-solidify\/2015\/10\/#breadcrumb\",\"itemListElement\":[{\"@type\":\"ListItem\",\"position\":1,\"name\":\"Home\",\"item\":\"https:\/\/www.opalco.com\/\"},{\"@type\":\"ListItem\",\"position\":2,\"name\":\"Rock Island VP Mike Greene Steps Down as Start-Up Operations Solidify\"}]},{\"@type\":\"WebSite\",\"@id\":\"https:\/\/www.opalco.com\/#website\",\"url\":\"https:\/\/www.opalco.com\/\",\"name\":\"OPALCO\",\"description\":\"Orcas Power &amp; Light Co-op\",\"publisher\":{\"@id\":\"https:\/\/www.opalco.com\/#organization\"},\"potentialAction\":[{\"@type\":\"SearchAction\",\"target\":{\"@type\":\"EntryPoint\",\"urlTemplate\":\"https:\/\/www.opalco.com\/?s={search_term_string}\"},\"query-input\":{\"@type\":\"PropertyValueSpecification\",\"valueRequired\":true,\"valueName\":\"search_term_string\"}}],\"inLanguage\":\"es-ES\"},{\"@type\":\"Organization\",\"@id\":\"https:\/\/www.opalco.com\/#organization\",\"name\":\"Orcas Power & Light Cooperative\",\"url\":\"https:\/\/www.opalco.com\/\",\"logo\":{\"@type\":\"ImageObject\",\"inLanguage\":\"es-ES\",\"@id\":\"https:\/\/www.opalco.com\/#\/schema\/logo\/image\/\",\"url\":\"https:\/\/www.opalco.com\/wp-content\/uploads\/2015\/10\/09-full-color-logo.jpg\",\"contentUrl\":\"https:\/\/www.opalco.com\/wp-content\/uploads\/2015\/10\/09-full-color-logo.jpg\",\"width\":788,\"height\":624,\"caption\":\"Orcas Power & Light Cooperative\"},\"image\":{\"@id\":\"https:\/\/www.opalco.com\/#\/schema\/logo\/image\/\"},\"sameAs\":[\"https:\/\/www.facebook.com\/orcaspower\",\"https:\/\/x.com\/orcaspower\"]},{\"@type\":\"Person\",\"@id\":\"https:\/\/www.opalco.com\/#\/schema\/person\/a5686fb5efc9d7787dad40e35b56abad\",\"name\":\"Krista Bouchey\",\"image\":{\"@type\":\"ImageObject\",\"inLanguage\":\"es-ES\",\"@id\":\"https:\/\/secure.gravatar.com\/avatar\/55520213b4e552fa8135f4e16078d94b4ff2df5da73caf284df5a1280b02195a?s=96&d=mm&r=g\",\"url\":\"https:\/\/secure.gravatar.com\/avatar\/55520213b4e552fa8135f4e16078d94b4ff2df5da73caf284df5a1280b02195a?s=96&d=mm&r=g\",\"contentUrl\":\"https:\/\/secure.gravatar.com\/avatar\/55520213b4e552fa8135f4e16078d94b4ff2df5da73caf284df5a1280b02195a?s=96&d=mm&r=g\",\"caption\":\"Krista Bouchey\"},\"sameAs\":[\"https:\/\/x.com\/OrcasPower\"],\"url\":\"https:\/\/www.opalco.com\/es\/author\/kbouchey\/\"}]}<\/script>\n<!-- \/ Yoast SEO plugin. -->","yoast_head_json":{"title":"El vicepresidente de Rock Island, Mike Greene, dimite a medida que se solidifican las operaciones iniciales - OPALCO","robots":{"index":"index","follow":"follow","max-snippet":"max-snippet:-1","max-image-preview":"max-image-preview:large","max-video-preview":"max-video-preview:-1"},"canonical":"https:\/\/www.opalco.com\/es\/el-vicepresidente-de-rock-island-mike-greene-dimite-a-medida-que-se-solidifican-las-operaciones-iniciales\/2015\/10\/","og_locale":"es_ES","og_type":"article","og_title":"Rock Island VP Mike Greene Steps Down as Start-Up Operations Solidify - OPALCO","og_description":"Rock Island Communications founder Mike Greene, who has most recently been serving as Vice President of Technology, has announced that he will be leaving the company as of October 15. &hellip; Read more","og_url":"https:\/\/www.opalco.com\/es\/el-vicepresidente-de-rock-island-mike-greene-dimite-a-medida-que-se-solidifican-las-operaciones-iniciales\/2015\/10\/","og_site_name":"OPALCO","article_publisher":"https:\/\/www.facebook.com\/orcaspower","article_published_time":"2015-10-02T19:11:43+00:00","article_modified_time":"2016-02-02T17:37:37+00:00","author":"Krista Bouchey","twitter_card":"summary_large_image","twitter_creator":"@OrcasPower","twitter_site":"@orcaspower","twitter_misc":{"Written by":"Krista Bouchey","Est. reading time":"2 minutos"},"schema":{"@context":"https:\/\/schema.org","@graph":[{"@type":"Article","@id":"https:\/\/www.opalco.com\/rock-island-vp-mike-greene-steps-down-as-start-up-operations-solidify\/2015\/10\/#article","isPartOf":{"@id":"https:\/\/www.opalco.com\/rock-island-vp-mike-greene-steps-down-as-start-up-operations-solidify\/2015\/10\/"},"author":{"name":"Krista Bouchey","@id":"https:\/\/www.opalco.com\/#\/schema\/person\/a5686fb5efc9d7787dad40e35b56abad"},"headline":"Rock Island VP Mike Greene Steps Down as Start-Up Operations Solidify","datePublished":"2015-10-02T19:11:43+00:00","dateModified":"2016-02-02T17:37:37+00:00","mainEntityOfPage":{"@id":"https:\/\/www.opalco.com\/rock-island-vp-mike-greene-steps-down-as-start-up-operations-solidify\/2015\/10\/"},"wordCount":327,"publisher":{"@id":"https:\/\/www.opalco.com\/#organization"},"keywords":["RIC","Rock Island"],"articleSection":["Broadband","Rock Island Communications"],"inLanguage":"es-ES"},{"@type":"WebPage","@id":"https:\/\/www.opalco.com\/rock-island-vp-mike-greene-steps-down-as-start-up-operations-solidify\/2015\/10\/","url":"https:\/\/www.opalco.com\/rock-island-vp-mike-greene-steps-down-as-start-up-operations-solidify\/2015\/10\/","name":"El vicepresidente de Rock Island, Mike Greene, dimite a medida que se solidifican las operaciones iniciales - OPALCO","isPartOf":{"@id":"https:\/\/www.opalco.com\/#website"},"datePublished":"2015-10-02T19:11:43+00:00","dateModified":"2016-02-02T17:37:37+00:00","breadcrumb":{"@id":"https:\/\/www.opalco.com\/rock-island-vp-mike-greene-steps-down-as-start-up-operations-solidify\/2015\/10\/#breadcrumb"},"inLanguage":"es-ES","potentialAction":[{"@type":"ReadAction","target":["https:\/\/www.opalco.com\/rock-island-vp-mike-greene-steps-down-as-start-up-operations-solidify\/2015\/10\/"]}]},{"@type":"BreadcrumbList","@id":"https:\/\/www.opalco.com\/rock-island-vp-mike-greene-steps-down-as-start-up-operations-solidify\/2015\/10\/#breadcrumb","itemListElement":[{"@type":"ListItem","position":1,"name":"Home","item":"https:\/\/www.opalco.com\/"},{"@type":"ListItem","position":2,"name":"Rock Island VP Mike Greene Steps Down as Start-Up Operations Solidify"}]},{"@type":"WebSite","@id":"https:\/\/www.opalco.com\/#website","url":"https:\/\/www.opalco.com\/","name":"OPALCO","description":"Cooperativa de energ\u00eda y luz Orcas","publisher":{"@id":"https:\/\/www.opalco.com\/#organization"},"potentialAction":[{"@type":"SearchAction","target":{"@type":"EntryPoint","urlTemplate":"https:\/\/www.opalco.com\/?s={search_term_string}"},"query-input":{"@type":"PropertyValueSpecification","valueRequired":true,"valueName":"search_term_string"}}],"inLanguage":"es-ES"},{"@type":"Organization","@id":"https:\/\/www.opalco.com\/#organization","name":"Cooperativa de energ\u00eda y luz Orcas","url":"https:\/\/www.opalco.com\/","logo":{"@type":"ImageObject","inLanguage":"es-ES","@id":"https:\/\/www.opalco.com\/#\/schema\/logo\/image\/","url":"https:\/\/www.opalco.com\/wp-content\/uploads\/2015\/10\/09-full-color-logo.jpg","contentUrl":"https:\/\/www.opalco.com\/wp-content\/uploads\/2015\/10\/09-full-color-logo.jpg","width":788,"height":624,"caption":"Orcas Power & Light Cooperative"},"image":{"@id":"https:\/\/www.opalco.com\/#\/schema\/logo\/image\/"},"sameAs":["https:\/\/www.facebook.com\/orcaspower","https:\/\/x.com\/orcaspower"]},{"@type":"Person","@id":"https:\/\/www.opalco.com\/#\/schema\/person\/a5686fb5efc9d7787dad40e35b56abad","name":"Krista Bouchey","image":{"@type":"ImageObject","inLanguage":"es-ES","@id":"https:\/\/secure.gravatar.com\/avatar\/55520213b4e552fa8135f4e16078d94b4ff2df5da73caf284df5a1280b02195a?s=96&d=mm&r=g","url":"https:\/\/secure.gravatar.com\/avatar\/55520213b4e552fa8135f4e16078d94b4ff2df5da73caf284df5a1280b02195a?s=96&d=mm&r=g","contentUrl":"https:\/\/secure.gravatar.com\/avatar\/55520213b4e552fa8135f4e16078d94b4ff2df5da73caf284df5a1280b02195a?s=96&d=mm&r=g","caption":"Krista Bouchey"},"sameAs":["https:\/\/x.com\/OrcasPower"],"url":"https:\/\/www.opalco.com\/es\/author\/kbouchey\/"}]}},"_links":{"self":[{"href":"https:\/\/www.opalco.com\/es\/wp-json\/wp\/v2\/posts\/8739","targetHints":{"allow":["GET"]}}],"collection":[{"href":"https:\/\/www.opalco.com\/es\/wp-json\/wp\/v2\/posts"}],"about":[{"href":"https:\/\/www.opalco.com\/es\/wp-json\/wp\/v2\/types\/post"}],"author":[{"embeddable":true,"href":"https:\/\/www.opalco.com\/es\/wp-json\/wp\/v2\/users\/34"}],"replies":[{"embeddable":true,"href":"https:\/\/www.opalco.com\/es\/wp-json\/wp\/v2\/comments?post=8739"}],"version-history":[{"count":0,"href":"https:\/\/www.opalco.com\/es\/wp-json\/wp\/v2\/posts\/8739\/revisions"}],"wp:attachment":[{"href":"https:\/\/www.opalco.com\/es\/wp-json\/wp\/v2\/media?parent=8739"}],"wp:term":[{"taxonomy":"category","embeddable":true,"href":"https:\/\/www.opalco.com\/es\/wp-json\/wp\/v2\/categories?post=8739"},{"taxonomy":"post_tag","embeddable":true,"href":"https:\/\/www.opalco.com\/es\/wp-json\/wp\/v2\/tags?post=8739"}],"curies":[{"name":"gracias","href":"https:\/\/api.w.org\/{rel}","templated":true}]}}