{"id":4805,"date":"2012-08-03T11:57:16","date_gmt":"2012-08-03T18:57:16","guid":{"rendered":"https:\/\/www.opalco.com\/?post_type=news_article&#038;p=4805"},"modified":"2015-12-15T18:27:18","modified_gmt":"2015-12-15T18:27:18","slug":"continua-la-celebracion-del-75-aniversario-de-opalcos-en-la-feria-del-condado","status":"publish","type":"post","link":"https:\/\/www.opalco.com\/es\/continua-la-celebracion-del-75-aniversario-de-opalcos-en-la-feria-del-condado\/2012\/08\/","title":{"rendered":"\u00a1La celebraci\u00f3n del 75 aniversario de OPALCO contin\u00faa en la feria del condado!"},"content":{"rendered":"<p>\u00a1Este a\u00f1o hay algo para todos en el stand de la Feria del Condado de OPALCO! La Feria es la \u00faltima parada de una larga cadena de eventos para celebrar el \u00e9xito de Orcas Power &amp; Light.<a href=\"https:\/\/www.opalco.com\/es\/about-us\/history-of-opalco\/\" target=\"_blank\"> 75 aniversario<\/a>.<\/p>\n<p>La seguridad es la principal prioridad de OPALCO. Los linieros de OPALCO estar\u00e1n disponibles para brindarles a los ni\u00f1os una emocionante e importante demostraci\u00f3n de seguridad y entregar\u00e1n geniales camisetas de seguridad a los miembros m\u00e1s interesados de la audiencia, hasta agotar existencias.<\/p>\n<p>Los ni\u00f1os est\u00e1n invitados a recoger una p\u00e1gina para colorear del 75.\u00ba aniversario en las bibliotecas locales y en las oficinas de OPALCO. Los ni\u00f1os que traigan su dibujo completo al stand de OPALCO en la Feria recibir\u00e1n un premio especial conmemorativo del 75\u00ba aniversario y sus dibujos se exhibir\u00e1n en el stand. Los dibujos seleccionados se pueden exhibir en las oficinas de OPALCO y en l\u00ednea en www.opalco.com.<\/p>\n<p>Se invita a los miembros de la cooperativa a pasar por el stand y registrar sus historias y recuerdos sobre la historia de OPALCO. El juego de sala de estar de la d\u00e9cada de 1930 incluye una silla c\u00f3moda y una \u201clata\u201d con la que los miembros pueden hablar para preservar sus fragmentos de la historia de la cooperativa. Las grabaciones se agregar\u00e1n a los archivos de OPALCO y algunas se publicar\u00e1n en el <a href=\"https:\/\/www.opalco.com\/es\/about-us\/history-of-opalco\/\" target=\"_blank\">sitio web hist\u00f3rico<\/a> para que todos disfruten. \u00bfQui\u00e9n puede grabar una historia? Cualquiera que tenga un recuerdo o una historia para compartir. Todos los que graben recibir\u00e1n un obsequio conmemorativo.<\/p>\n<p>El personal estar\u00e1 disponible la mayor parte del d\u00eda para hablar sobre los programas de OPALCO, incluidos <a href=\"https:\/\/www.opalco.com\/es\/energy-services\/\" target=\"_blank\">Eficiencia Energ\u00e9tica, Reembolsos<\/a> y el <a href=\"https:\/\/www.opalco.com\/es\/programas\/broadband-initiative\/\" target=\"_blank\">Iniciativa de banda ancha<\/a>. Habr\u00e1 informaci\u00f3n sobre <a href=\"https:\/\/www.opalco.com\/es\/energy-services\/renewable-generation\/\" target=\"_blank\">Energ\u00eda renovable<\/a>, incluyendo el <a href=\"https:\/\/www.opalco.com\/es\/energy-services\/renewable-generation\/mas\/\" target=\"_blank\">Programa M\u00c1S (Energ\u00eda Renovable Propiedad de Miembros)<\/a>, una iniciativa apoyada por sus miembros que ofrece incentivos financieros para la producci\u00f3n local de energ\u00eda renovable. Los miembros pueden registrarse para brindar soporte a M\u00c1S por tan solo $4 al mes.<\/p>\n<p>Los miembros tambi\u00e9n pueden inscribirse en Round Up sus facturas cada mes en apoyo de <a href=\"https:\/\/www.opalco.com\/es\/programas\/amigo-del-proyecto-2\/\" target=\"_blank\">Proyecto PAL<\/a>, que brinda asistencia financiera durante los meses de calefacci\u00f3n a los miembros de la cooperativa que la necesitan, especialmente a las personas mayores y con discapacidades. Redondear su factura de electricidad no cuesta m\u00e1s de $11.99 por a\u00f1o y es de gran ayuda para ayudar a los vecinos de la cooperativa que lo necesitan. Cuando te registres en Round Up at the Fair, recibir\u00e1s un regalo de edici\u00f3n limitada del 75.\u00ba aniversario.<\/p>\n<p>El stand contar\u00e1 durante todo el d\u00eda con miembros-propietarios-operadores expertos de la cooperativa para responder sus preguntas y ayudarlo a obtener el m\u00e1ximo valor de su servicio el\u00e9ctrico. Y, para obtener la experiencia completa del 75.\u00b0 aniversario, consulte la cronolog\u00eda, las fotos, las historias y las galer\u00edas de videos en <a href=\"https:\/\/www.opalco.com\/es\/about-us\/history-of-opalco\/\" target=\"_blank\">www.opalco.com\/historia<\/a>\u2014Y haz clic en \u201cMe gusta\u201d en Facebook (Orcas Power &amp; Light), donde tambi\u00e9n puedes compartir historias, fotos y recuerdos. \u00a1Te veo en la Feria!<\/p>","protected":false},"excerpt":{"rendered":"<p>\u00a1Este a\u00f1o hay algo para todos en el stand de la Feria del Condado de OPALCO! La Feria es la \u00faltima parada de una larga cadena de eventos para celebrar Orcas Power &amp;... <a class=\"co-blog_post--morelink\" href=\"https:\/\/www.opalco.com\/es\/continua-la-celebracion-del-75-aniversario-de-opalcos-en-la-feria-del-condado\/2012\/08\/\" aria-label=\"Lea m\u00e1s sobre: \u00a1La celebraci\u00f3n del 75.\u00b0 aniversario de OPALCO contin\u00faa en la Feria del Condado!\">Leer m\u00e1s<\/a><\/p>","protected":false},"author":34,"featured_media":0,"comment_status":"closed","ping_status":"closed","sticky":false,"template":"","format":"standard","meta":{"_acf_changed":false,"_searchwp_excluded":"","footnotes":""},"categories":[31,35,38,44],"tags":[],"class_list":["post-4805","post","type-post","status-publish","format-standard","hentry","category-broadband","category-energy-efficiency","category-events","category-programs"],"acf":[],"yoast_head":"<!-- This site is optimized with the Yoast SEO plugin v27.2 - https:\/\/yoast.com\/product\/yoast-seo-wordpress\/ -->\n<title>OPALCO\u2019s 75th Anniversary Celebration Continues at the County Fair! - OPALCO<\/title>\n<meta name=\"robots\" content=\"index, follow, max-snippet:-1, max-image-preview:large, max-video-preview:-1\" \/>\n<link rel=\"canonical\" href=\"https:\/\/www.opalco.com\/es\/continua-la-celebracion-del-75-aniversario-de-opalcos-en-la-feria-del-condado\/2012\/08\/\" \/>\n<meta property=\"og:locale\" content=\"es_ES\" \/>\n<meta property=\"og:type\" content=\"article\" \/>\n<meta property=\"og:title\" content=\"OPALCO\u2019s 75th Anniversary Celebration Continues at the County Fair! - OPALCO\" \/>\n<meta property=\"og:description\" content=\"There is something for everyone at OPALCO\u2019s County Fair booth this year! The Fair is the last stop in a long chain of events in celebration of Orcas Power &amp; &hellip; Read more\" \/>\n<meta property=\"og:url\" content=\"https:\/\/www.opalco.com\/es\/continua-la-celebracion-del-75-aniversario-de-opalcos-en-la-feria-del-condado\/2012\/08\/\" \/>\n<meta property=\"og:site_name\" content=\"OPALCO\" \/>\n<meta property=\"article:publisher\" content=\"https:\/\/www.facebook.com\/orcaspower\" \/>\n<meta property=\"article:published_time\" content=\"2012-08-03T18:57:16+00:00\" \/>\n<meta property=\"article:modified_time\" content=\"2015-12-15T18:27:18+00:00\" \/>\n<meta name=\"author\" content=\"Krista Bouchey\" \/>\n<meta name=\"twitter:card\" content=\"summary_large_image\" \/>\n<meta name=\"twitter:creator\" content=\"@OrcasPower\" \/>\n<meta name=\"twitter:site\" content=\"@orcaspower\" \/>\n<meta name=\"twitter:label1\" content=\"Written by\" \/>\n\t<meta name=\"twitter:data1\" content=\"Krista Bouchey\" \/>\n\t<meta name=\"twitter:label2\" content=\"Est. reading time\" \/>\n\t<meta name=\"twitter:data2\" content=\"2 minutos\" \/>\n<script type=\"application\/ld+json\" class=\"yoast-schema-graph\">{\"@context\":\"https:\/\/schema.org\",\"@graph\":[{\"@type\":\"Article\",\"@id\":\"https:\/\/www.opalco.com\/opalcos-75th-anniversary-celebration-continues-at-the-county-fair\/2012\/08\/#article\",\"isPartOf\":{\"@id\":\"https:\/\/www.opalco.com\/opalcos-75th-anniversary-celebration-continues-at-the-county-fair\/2012\/08\/\"},\"author\":{\"name\":\"Krista Bouchey\",\"@id\":\"https:\/\/www.opalco.com\/#\/schema\/person\/a5686fb5efc9d7787dad40e35b56abad\"},\"headline\":\"OPALCO\u2019s 75th Anniversary Celebration Continues at the County Fair!\",\"datePublished\":\"2012-08-03T18:57:16+00:00\",\"dateModified\":\"2015-12-15T18:27:18+00:00\",\"mainEntityOfPage\":{\"@id\":\"https:\/\/www.opalco.com\/opalcos-75th-anniversary-celebration-continues-at-the-county-fair\/2012\/08\/\"},\"wordCount\":440,\"publisher\":{\"@id\":\"https:\/\/www.opalco.com\/#organization\"},\"articleSection\":[\"Broadband\",\"Energy Efficiency &amp; Conservation\",\"Events\",\"Programs\"],\"inLanguage\":\"es-ES\"},{\"@type\":\"WebPage\",\"@id\":\"https:\/\/www.opalco.com\/opalcos-75th-anniversary-celebration-continues-at-the-county-fair\/2012\/08\/\",\"url\":\"https:\/\/www.opalco.com\/opalcos-75th-anniversary-celebration-continues-at-the-county-fair\/2012\/08\/\",\"name\":\"OPALCO\u2019s 75th Anniversary Celebration Continues at the County Fair! - OPALCO\",\"isPartOf\":{\"@id\":\"https:\/\/www.opalco.com\/#website\"},\"datePublished\":\"2012-08-03T18:57:16+00:00\",\"dateModified\":\"2015-12-15T18:27:18+00:00\",\"breadcrumb\":{\"@id\":\"https:\/\/www.opalco.com\/opalcos-75th-anniversary-celebration-continues-at-the-county-fair\/2012\/08\/#breadcrumb\"},\"inLanguage\":\"es-ES\",\"potentialAction\":[{\"@type\":\"ReadAction\",\"target\":[\"https:\/\/www.opalco.com\/opalcos-75th-anniversary-celebration-continues-at-the-county-fair\/2012\/08\/\"]}]},{\"@type\":\"BreadcrumbList\",\"@id\":\"https:\/\/www.opalco.com\/opalcos-75th-anniversary-celebration-continues-at-the-county-fair\/2012\/08\/#breadcrumb\",\"itemListElement\":[{\"@type\":\"ListItem\",\"position\":1,\"name\":\"Home\",\"item\":\"https:\/\/www.opalco.com\/\"},{\"@type\":\"ListItem\",\"position\":2,\"name\":\"OPALCO\u2019s 75th Anniversary Celebration Continues at the County Fair!\"}]},{\"@type\":\"WebSite\",\"@id\":\"https:\/\/www.opalco.com\/#website\",\"url\":\"https:\/\/www.opalco.com\/\",\"name\":\"OPALCO\",\"description\":\"Orcas Power &amp; Light Co-op\",\"publisher\":{\"@id\":\"https:\/\/www.opalco.com\/#organization\"},\"potentialAction\":[{\"@type\":\"SearchAction\",\"target\":{\"@type\":\"EntryPoint\",\"urlTemplate\":\"https:\/\/www.opalco.com\/?s={search_term_string}\"},\"query-input\":{\"@type\":\"PropertyValueSpecification\",\"valueRequired\":true,\"valueName\":\"search_term_string\"}}],\"inLanguage\":\"es-ES\"},{\"@type\":\"Organization\",\"@id\":\"https:\/\/www.opalco.com\/#organization\",\"name\":\"Orcas Power & Light Cooperative\",\"url\":\"https:\/\/www.opalco.com\/\",\"logo\":{\"@type\":\"ImageObject\",\"inLanguage\":\"es-ES\",\"@id\":\"https:\/\/www.opalco.com\/#\/schema\/logo\/image\/\",\"url\":\"https:\/\/www.opalco.com\/wp-content\/uploads\/2015\/10\/09-full-color-logo.jpg\",\"contentUrl\":\"https:\/\/www.opalco.com\/wp-content\/uploads\/2015\/10\/09-full-color-logo.jpg\",\"width\":788,\"height\":624,\"caption\":\"Orcas Power & Light Cooperative\"},\"image\":{\"@id\":\"https:\/\/www.opalco.com\/#\/schema\/logo\/image\/\"},\"sameAs\":[\"https:\/\/www.facebook.com\/orcaspower\",\"https:\/\/x.com\/orcaspower\"]},{\"@type\":\"Person\",\"@id\":\"https:\/\/www.opalco.com\/#\/schema\/person\/a5686fb5efc9d7787dad40e35b56abad\",\"name\":\"Krista Bouchey\",\"image\":{\"@type\":\"ImageObject\",\"inLanguage\":\"es-ES\",\"@id\":\"https:\/\/secure.gravatar.com\/avatar\/55520213b4e552fa8135f4e16078d94b4ff2df5da73caf284df5a1280b02195a?s=96&d=mm&r=g\",\"url\":\"https:\/\/secure.gravatar.com\/avatar\/55520213b4e552fa8135f4e16078d94b4ff2df5da73caf284df5a1280b02195a?s=96&d=mm&r=g\",\"contentUrl\":\"https:\/\/secure.gravatar.com\/avatar\/55520213b4e552fa8135f4e16078d94b4ff2df5da73caf284df5a1280b02195a?s=96&d=mm&r=g\",\"caption\":\"Krista Bouchey\"},\"sameAs\":[\"https:\/\/x.com\/OrcasPower\"],\"url\":\"https:\/\/www.opalco.com\/es\/author\/kbouchey\/\"}]}<\/script>\n<!-- \/ Yoast SEO plugin. -->","yoast_head_json":{"title":"\u00a1La celebraci\u00f3n del 75 aniversario de OPALCO contin\u00faa en la feria del condado! - OPALCO","robots":{"index":"index","follow":"follow","max-snippet":"max-snippet:-1","max-image-preview":"max-image-preview:large","max-video-preview":"max-video-preview:-1"},"canonical":"https:\/\/www.opalco.com\/es\/continua-la-celebracion-del-75-aniversario-de-opalcos-en-la-feria-del-condado\/2012\/08\/","og_locale":"es_ES","og_type":"article","og_title":"OPALCO\u2019s 75th Anniversary Celebration Continues at the County Fair! - OPALCO","og_description":"There is something for everyone at OPALCO\u2019s County Fair booth this year! The Fair is the last stop in a long chain of events in celebration of Orcas Power &amp; &hellip; Read more","og_url":"https:\/\/www.opalco.com\/es\/continua-la-celebracion-del-75-aniversario-de-opalcos-en-la-feria-del-condado\/2012\/08\/","og_site_name":"OPALCO","article_publisher":"https:\/\/www.facebook.com\/orcaspower","article_published_time":"2012-08-03T18:57:16+00:00","article_modified_time":"2015-12-15T18:27:18+00:00","author":"Krista Bouchey","twitter_card":"summary_large_image","twitter_creator":"@OrcasPower","twitter_site":"@orcaspower","twitter_misc":{"Written by":"Krista Bouchey","Est. reading time":"2 minutos"},"schema":{"@context":"https:\/\/schema.org","@graph":[{"@type":"Article","@id":"https:\/\/www.opalco.com\/opalcos-75th-anniversary-celebration-continues-at-the-county-fair\/2012\/08\/#article","isPartOf":{"@id":"https:\/\/www.opalco.com\/opalcos-75th-anniversary-celebration-continues-at-the-county-fair\/2012\/08\/"},"author":{"name":"Krista Bouchey","@id":"https:\/\/www.opalco.com\/#\/schema\/person\/a5686fb5efc9d7787dad40e35b56abad"},"headline":"OPALCO\u2019s 75th Anniversary Celebration Continues at the County Fair!","datePublished":"2012-08-03T18:57:16+00:00","dateModified":"2015-12-15T18:27:18+00:00","mainEntityOfPage":{"@id":"https:\/\/www.opalco.com\/opalcos-75th-anniversary-celebration-continues-at-the-county-fair\/2012\/08\/"},"wordCount":440,"publisher":{"@id":"https:\/\/www.opalco.com\/#organization"},"articleSection":["Broadband","Energy Efficiency &amp; Conservation","Events","Programs"],"inLanguage":"es-ES"},{"@type":"WebPage","@id":"https:\/\/www.opalco.com\/opalcos-75th-anniversary-celebration-continues-at-the-county-fair\/2012\/08\/","url":"https:\/\/www.opalco.com\/opalcos-75th-anniversary-celebration-continues-at-the-county-fair\/2012\/08\/","name":"\u00a1La celebraci\u00f3n del 75 aniversario de OPALCO contin\u00faa en la feria del condado! - OPALCO","isPartOf":{"@id":"https:\/\/www.opalco.com\/#website"},"datePublished":"2012-08-03T18:57:16+00:00","dateModified":"2015-12-15T18:27:18+00:00","breadcrumb":{"@id":"https:\/\/www.opalco.com\/opalcos-75th-anniversary-celebration-continues-at-the-county-fair\/2012\/08\/#breadcrumb"},"inLanguage":"es-ES","potentialAction":[{"@type":"ReadAction","target":["https:\/\/www.opalco.com\/opalcos-75th-anniversary-celebration-continues-at-the-county-fair\/2012\/08\/"]}]},{"@type":"BreadcrumbList","@id":"https:\/\/www.opalco.com\/opalcos-75th-anniversary-celebration-continues-at-the-county-fair\/2012\/08\/#breadcrumb","itemListElement":[{"@type":"ListItem","position":1,"name":"Home","item":"https:\/\/www.opalco.com\/"},{"@type":"ListItem","position":2,"name":"OPALCO\u2019s 75th Anniversary Celebration Continues at the County Fair!"}]},{"@type":"WebSite","@id":"https:\/\/www.opalco.com\/#website","url":"https:\/\/www.opalco.com\/","name":"OPALCO","description":"Cooperativa de energ\u00eda y luz Orcas","publisher":{"@id":"https:\/\/www.opalco.com\/#organization"},"potentialAction":[{"@type":"SearchAction","target":{"@type":"EntryPoint","urlTemplate":"https:\/\/www.opalco.com\/?s={search_term_string}"},"query-input":{"@type":"PropertyValueSpecification","valueRequired":true,"valueName":"search_term_string"}}],"inLanguage":"es-ES"},{"@type":"Organization","@id":"https:\/\/www.opalco.com\/#organization","name":"Cooperativa de energ\u00eda y luz Orcas","url":"https:\/\/www.opalco.com\/","logo":{"@type":"ImageObject","inLanguage":"es-ES","@id":"https:\/\/www.opalco.com\/#\/schema\/logo\/image\/","url":"https:\/\/www.opalco.com\/wp-content\/uploads\/2015\/10\/09-full-color-logo.jpg","contentUrl":"https:\/\/www.opalco.com\/wp-content\/uploads\/2015\/10\/09-full-color-logo.jpg","width":788,"height":624,"caption":"Orcas Power & Light Cooperative"},"image":{"@id":"https:\/\/www.opalco.com\/#\/schema\/logo\/image\/"},"sameAs":["https:\/\/www.facebook.com\/orcaspower","https:\/\/x.com\/orcaspower"]},{"@type":"Person","@id":"https:\/\/www.opalco.com\/#\/schema\/person\/a5686fb5efc9d7787dad40e35b56abad","name":"Krista Bouchey","image":{"@type":"ImageObject","inLanguage":"es-ES","@id":"https:\/\/secure.gravatar.com\/avatar\/55520213b4e552fa8135f4e16078d94b4ff2df5da73caf284df5a1280b02195a?s=96&d=mm&r=g","url":"https:\/\/secure.gravatar.com\/avatar\/55520213b4e552fa8135f4e16078d94b4ff2df5da73caf284df5a1280b02195a?s=96&d=mm&r=g","contentUrl":"https:\/\/secure.gravatar.com\/avatar\/55520213b4e552fa8135f4e16078d94b4ff2df5da73caf284df5a1280b02195a?s=96&d=mm&r=g","caption":"Krista Bouchey"},"sameAs":["https:\/\/x.com\/OrcasPower"],"url":"https:\/\/www.opalco.com\/es\/author\/kbouchey\/"}]}},"_links":{"self":[{"href":"https:\/\/www.opalco.com\/es\/wp-json\/wp\/v2\/posts\/4805","targetHints":{"allow":["GET"]}}],"collection":[{"href":"https:\/\/www.opalco.com\/es\/wp-json\/wp\/v2\/posts"}],"about":[{"href":"https:\/\/www.opalco.com\/es\/wp-json\/wp\/v2\/types\/post"}],"author":[{"embeddable":true,"href":"https:\/\/www.opalco.com\/es\/wp-json\/wp\/v2\/users\/34"}],"replies":[{"embeddable":true,"href":"https:\/\/www.opalco.com\/es\/wp-json\/wp\/v2\/comments?post=4805"}],"version-history":[{"count":0,"href":"https:\/\/www.opalco.com\/es\/wp-json\/wp\/v2\/posts\/4805\/revisions"}],"wp:attachment":[{"href":"https:\/\/www.opalco.com\/es\/wp-json\/wp\/v2\/media?parent=4805"}],"wp:term":[{"taxonomy":"category","embeddable":true,"href":"https:\/\/www.opalco.com\/es\/wp-json\/wp\/v2\/categories?post=4805"},{"taxonomy":"post_tag","embeddable":true,"href":"https:\/\/www.opalco.com\/es\/wp-json\/wp\/v2\/tags?post=4805"}],"curies":[{"name":"gracias","href":"https:\/\/api.w.org\/{rel}","templated":true}]}}