{"id":4439,"date":"2010-09-01T10:50:34","date_gmt":"2010-09-01T18:50:34","guid":{"rendered":"https:\/\/www.opalco.com\/?post_type=news_article&#038;p=4439"},"modified":"2016-02-01T13:55:01","modified_gmt":"2016-02-01T21:55:01","slug":"amigo-del-proyecto-2","status":"publish","type":"post","link":"https:\/\/www.opalco.com\/es\/amigo-del-proyecto-2\/2010\/09\/","title":{"rendered":"Proyecto PAL"},"content":{"rendered":"<p><strong>PROYECTO PAL IS ISLANDERS AYUDANDO A LOS ISLEROS<\/strong><\/p>\n<p>\u00bfQui\u00e9n necesita ayuda para pagar su factura de electricidad en esta temporada de calefacci\u00f3n? El padre soltero que perder\u00e1 una semana de trabajo cuando su hijo peque\u00f1o contraiga gripe; el anciano que vive con un ingreso fijo y que tuvo grandes facturas m\u00e9dicas el mes pasado; la familia trabajadora con un sost\u00e9n econ\u00f3mico que fue despedido recientemente; su vecino que poco a poco se est\u00e1 atrasando en el pago de sus facturas y no puede encontrar m\u00e1s atajos que recortar; y el propietario de una peque\u00f1a empresa que usted frecuenta y que se ha visto muy afectada por la econom\u00eda.<\/p>\n<p>Son tiempos dif\u00edciles y las facturas de calefacci\u00f3n en invierno pueden acumularse r\u00e1pidamente. Mantenerse abrigado es una necesidad b\u00e1sica que todos compartimos y es por eso que el Proyecto PAL de OPALCO est\u00e1 dise\u00f1ado para permitir que los miembros de la cooperativa ayuden a otros miembros de la cooperativa a superar los meses m\u00e1s duros del invierno. Los miembros de OPALCO apoyan el Proyecto PAL realizando donaciones \u201cRedondear\u201d, redondeando el monto de su factura mensual. Para donar, marque la casilla &quot;Redondear&quot; en su factura o llame a la oficina al 376-3500 para registrarse o hacer una donaci\u00f3n \u00fanica. Las empresas pueden apoyar a PAL con donaciones regulares o equivalentes, o convirti\u00e9ndose en patrocinadores comerciales de PAL. Es una excelente manera de mostrarles a sus clientes que se preocupa por la comunidad.<\/p>\n<p>La dif\u00edcil econom\u00eda del a\u00f1o pasado y el fr\u00edo invierno agotaron nuestra financiaci\u00f3n PAL: entre octubre de 2009 y abril de 2010 tuvimos 242 solicitantes con subvenciones PAL por un total de $37.130. Anticipamos otra temporada PAL ocupada y esperamos obtener suficientes donaciones para satisfacer la necesidad.<\/p>\n<p>Un consejo independiente de miembros de OPALCO recibe solicitudes de quienes las necesitan y toma decisiones de financiaci\u00f3n mensualmente de octubre a abril. El Consejo vot\u00f3 para aumentar la elegibilidad este a\u00f1o a un nivel de ingresos familiares de hasta 200% de las Directrices Federales de Ingresos de Pobreza para que m\u00e1s miembros puedan tener acceso a una mano amiga. Las solicitudes est\u00e1n disponibles en www.opalco.com o se pueden recoger en las oficinas de OPALCO.<\/p>\n<p>Como miembros de la cooperativa, \u00a1podemos trabajar juntos para asegurarnos de que todos se mantengan abrigados este invierno!<\/p>\n<p>Leer <em>Es electrizante<\/em> acerca de <a href=\"https:\/\/www.opalco.com\/wp-content\/uploads\/2009\/03\/9-10-Project-PAL.pdf\">inicios del proyecto PAL<\/a>.<\/p>","protected":false},"excerpt":{"rendered":"<p>PROJECT PAL IS ISLANDERS AYUDANDO A LOS ISLE\u00d1OS \u00bfQui\u00e9n necesita ayuda para pagar su factura de electricidad en esta temporada de calefacci\u00f3n? El padre soltero que perder\u00e1 una semana de trabajo cuando su hijo peque\u00f1o... <a class=\"co-blog_post--morelink\" href=\"https:\/\/www.opalco.com\/es\/amigo-del-proyecto-2\/2010\/09\/\" aria-label=\"Leer m\u00e1s sobre: Proyecto PAL\">Leer m\u00e1s<\/a><\/p>","protected":false},"author":1,"featured_media":0,"comment_status":"closed","ping_status":"closed","sticky":false,"template":"","format":"standard","meta":{"_acf_changed":false,"_searchwp_excluded":"","footnotes":""},"categories":[84,153],"tags":[85,154],"class_list":["post-4439","post","type-post","status-publish","format-standard","hentry","category-low-income","category-project-pal","tag-low-income","tag-project-pal"],"acf":[],"yoast_head":"<!-- This site is optimized with the Yoast SEO plugin v27.2 - https:\/\/yoast.com\/product\/yoast-seo-wordpress\/ -->\n<title>Project PAL - OPALCO<\/title>\n<meta name=\"robots\" content=\"index, follow, max-snippet:-1, max-image-preview:large, max-video-preview:-1\" \/>\n<link rel=\"canonical\" href=\"https:\/\/www.opalco.com\/es\/amigo-del-proyecto-2\/2010\/09\/\" \/>\n<meta property=\"og:locale\" content=\"es_ES\" \/>\n<meta property=\"og:type\" content=\"article\" \/>\n<meta property=\"og:title\" content=\"Project PAL - OPALCO\" \/>\n<meta property=\"og:description\" content=\"PROJECT PAL IS ISLANDERS HELPING ISLANDERS Who needs help paying their electric bill this heating season? The single parent who will miss a week of work when their small child &hellip; Read more\" \/>\n<meta property=\"og:url\" content=\"https:\/\/www.opalco.com\/es\/amigo-del-proyecto-2\/2010\/09\/\" \/>\n<meta property=\"og:site_name\" content=\"OPALCO\" \/>\n<meta property=\"article:publisher\" content=\"https:\/\/www.facebook.com\/orcaspower\" \/>\n<meta property=\"article:published_time\" content=\"2010-09-01T18:50:34+00:00\" \/>\n<meta property=\"article:modified_time\" content=\"2016-02-01T21:55:01+00:00\" \/>\n<meta name=\"author\" content=\"TbbA27cHc4gWvY2u\" \/>\n<meta name=\"twitter:card\" content=\"summary_large_image\" \/>\n<meta name=\"twitter:creator\" content=\"@orcaspower\" \/>\n<meta name=\"twitter:site\" content=\"@orcaspower\" \/>\n<meta name=\"twitter:label1\" content=\"Written by\" \/>\n\t<meta name=\"twitter:data1\" content=\"TbbA27cHc4gWvY2u\" \/>\n\t<meta name=\"twitter:label2\" content=\"Est. reading time\" \/>\n\t<meta name=\"twitter:data2\" content=\"2 minutos\" \/>\n<script type=\"application\/ld+json\" class=\"yoast-schema-graph\">{\"@context\":\"https:\/\/schema.org\",\"@graph\":[{\"@type\":\"Article\",\"@id\":\"https:\/\/www.opalco.com\/project-pal\/2010\/09\/#article\",\"isPartOf\":{\"@id\":\"https:\/\/www.opalco.com\/project-pal\/2010\/09\/\"},\"author\":{\"name\":\"TbbA27cHc4gWvY2u\",\"@id\":\"https:\/\/www.opalco.com\/#\/schema\/person\/0dcf51a74444ff3bc38dd373b5913262\"},\"headline\":\"Project PAL\",\"datePublished\":\"2010-09-01T18:50:34+00:00\",\"dateModified\":\"2016-02-01T21:55:01+00:00\",\"mainEntityOfPage\":{\"@id\":\"https:\/\/www.opalco.com\/project-pal\/2010\/09\/\"},\"wordCount\":351,\"publisher\":{\"@id\":\"https:\/\/www.opalco.com\/#organization\"},\"keywords\":[\"low-income\",\"Project PAL\"],\"articleSection\":[\"Low-income\",\"Project PAL\"],\"inLanguage\":\"es-ES\"},{\"@type\":\"WebPage\",\"@id\":\"https:\/\/www.opalco.com\/project-pal\/2010\/09\/\",\"url\":\"https:\/\/www.opalco.com\/project-pal\/2010\/09\/\",\"name\":\"Project PAL - OPALCO\",\"isPartOf\":{\"@id\":\"https:\/\/www.opalco.com\/#website\"},\"datePublished\":\"2010-09-01T18:50:34+00:00\",\"dateModified\":\"2016-02-01T21:55:01+00:00\",\"breadcrumb\":{\"@id\":\"https:\/\/www.opalco.com\/project-pal\/2010\/09\/#breadcrumb\"},\"inLanguage\":\"es-ES\",\"potentialAction\":[{\"@type\":\"ReadAction\",\"target\":[\"https:\/\/www.opalco.com\/project-pal\/2010\/09\/\"]}]},{\"@type\":\"BreadcrumbList\",\"@id\":\"https:\/\/www.opalco.com\/project-pal\/2010\/09\/#breadcrumb\",\"itemListElement\":[{\"@type\":\"ListItem\",\"position\":1,\"name\":\"Home\",\"item\":\"https:\/\/www.opalco.com\/\"},{\"@type\":\"ListItem\",\"position\":2,\"name\":\"Project PAL\"}]},{\"@type\":\"WebSite\",\"@id\":\"https:\/\/www.opalco.com\/#website\",\"url\":\"https:\/\/www.opalco.com\/\",\"name\":\"OPALCO\",\"description\":\"Orcas Power &amp; Light Co-op\",\"publisher\":{\"@id\":\"https:\/\/www.opalco.com\/#organization\"},\"potentialAction\":[{\"@type\":\"SearchAction\",\"target\":{\"@type\":\"EntryPoint\",\"urlTemplate\":\"https:\/\/www.opalco.com\/?s={search_term_string}\"},\"query-input\":{\"@type\":\"PropertyValueSpecification\",\"valueRequired\":true,\"valueName\":\"search_term_string\"}}],\"inLanguage\":\"es-ES\"},{\"@type\":\"Organization\",\"@id\":\"https:\/\/www.opalco.com\/#organization\",\"name\":\"Orcas Power & Light Cooperative\",\"url\":\"https:\/\/www.opalco.com\/\",\"logo\":{\"@type\":\"ImageObject\",\"inLanguage\":\"es-ES\",\"@id\":\"https:\/\/www.opalco.com\/#\/schema\/logo\/image\/\",\"url\":\"https:\/\/www.opalco.com\/wp-content\/uploads\/2015\/10\/09-full-color-logo.jpg\",\"contentUrl\":\"https:\/\/www.opalco.com\/wp-content\/uploads\/2015\/10\/09-full-color-logo.jpg\",\"width\":788,\"height\":624,\"caption\":\"Orcas Power & Light Cooperative\"},\"image\":{\"@id\":\"https:\/\/www.opalco.com\/#\/schema\/logo\/image\/\"},\"sameAs\":[\"https:\/\/www.facebook.com\/orcaspower\",\"https:\/\/x.com\/orcaspower\"]},{\"@type\":\"Person\",\"@id\":\"https:\/\/www.opalco.com\/#\/schema\/person\/0dcf51a74444ff3bc38dd373b5913262\",\"name\":\"TbbA27cHc4gWvY2u\",\"image\":{\"@type\":\"ImageObject\",\"inLanguage\":\"es-ES\",\"@id\":\"https:\/\/secure.gravatar.com\/avatar\/9298464b0eb9131ab803ba75771d45eb2f70d3bd56c5efe5d435ef6348507334?s=96&d=mm&r=g\",\"url\":\"https:\/\/secure.gravatar.com\/avatar\/9298464b0eb9131ab803ba75771d45eb2f70d3bd56c5efe5d435ef6348507334?s=96&d=mm&r=g\",\"contentUrl\":\"https:\/\/secure.gravatar.com\/avatar\/9298464b0eb9131ab803ba75771d45eb2f70d3bd56c5efe5d435ef6348507334?s=96&d=mm&r=g\",\"caption\":\"TbbA27cHc4gWvY2u\"},\"url\":\"https:\/\/www.opalco.com\/es\/author\/tbba27chc4gwvy2u\/\"}]}<\/script>\n<!-- \/ Yoast SEO plugin. -->","yoast_head_json":{"title":"Proyecto PAL - OPALCO","robots":{"index":"index","follow":"follow","max-snippet":"max-snippet:-1","max-image-preview":"max-image-preview:large","max-video-preview":"max-video-preview:-1"},"canonical":"https:\/\/www.opalco.com\/es\/amigo-del-proyecto-2\/2010\/09\/","og_locale":"es_ES","og_type":"article","og_title":"Project PAL - OPALCO","og_description":"PROJECT PAL IS ISLANDERS HELPING ISLANDERS Who needs help paying their electric bill this heating season? The single parent who will miss a week of work when their small child &hellip; Read more","og_url":"https:\/\/www.opalco.com\/es\/amigo-del-proyecto-2\/2010\/09\/","og_site_name":"OPALCO","article_publisher":"https:\/\/www.facebook.com\/orcaspower","article_published_time":"2010-09-01T18:50:34+00:00","article_modified_time":"2016-02-01T21:55:01+00:00","author":"TbbA27cHc4gWvY2u","twitter_card":"summary_large_image","twitter_creator":"@orcaspower","twitter_site":"@orcaspower","twitter_misc":{"Written by":"TbbA27cHc4gWvY2u","Est. reading time":"2 minutos"},"schema":{"@context":"https:\/\/schema.org","@graph":[{"@type":"Article","@id":"https:\/\/www.opalco.com\/project-pal\/2010\/09\/#article","isPartOf":{"@id":"https:\/\/www.opalco.com\/project-pal\/2010\/09\/"},"author":{"name":"TbbA27cHc4gWvY2u","@id":"https:\/\/www.opalco.com\/#\/schema\/person\/0dcf51a74444ff3bc38dd373b5913262"},"headline":"Project PAL","datePublished":"2010-09-01T18:50:34+00:00","dateModified":"2016-02-01T21:55:01+00:00","mainEntityOfPage":{"@id":"https:\/\/www.opalco.com\/project-pal\/2010\/09\/"},"wordCount":351,"publisher":{"@id":"https:\/\/www.opalco.com\/#organization"},"keywords":["low-income","Project PAL"],"articleSection":["Low-income","Project PAL"],"inLanguage":"es-ES"},{"@type":"WebPage","@id":"https:\/\/www.opalco.com\/project-pal\/2010\/09\/","url":"https:\/\/www.opalco.com\/project-pal\/2010\/09\/","name":"Proyecto PAL - OPALCO","isPartOf":{"@id":"https:\/\/www.opalco.com\/#website"},"datePublished":"2010-09-01T18:50:34+00:00","dateModified":"2016-02-01T21:55:01+00:00","breadcrumb":{"@id":"https:\/\/www.opalco.com\/project-pal\/2010\/09\/#breadcrumb"},"inLanguage":"es-ES","potentialAction":[{"@type":"ReadAction","target":["https:\/\/www.opalco.com\/project-pal\/2010\/09\/"]}]},{"@type":"BreadcrumbList","@id":"https:\/\/www.opalco.com\/project-pal\/2010\/09\/#breadcrumb","itemListElement":[{"@type":"ListItem","position":1,"name":"Home","item":"https:\/\/www.opalco.com\/"},{"@type":"ListItem","position":2,"name":"Project PAL"}]},{"@type":"WebSite","@id":"https:\/\/www.opalco.com\/#website","url":"https:\/\/www.opalco.com\/","name":"OPALCO","description":"Cooperativa de energ\u00eda y luz Orcas","publisher":{"@id":"https:\/\/www.opalco.com\/#organization"},"potentialAction":[{"@type":"SearchAction","target":{"@type":"EntryPoint","urlTemplate":"https:\/\/www.opalco.com\/?s={search_term_string}"},"query-input":{"@type":"PropertyValueSpecification","valueRequired":true,"valueName":"search_term_string"}}],"inLanguage":"es-ES"},{"@type":"Organization","@id":"https:\/\/www.opalco.com\/#organization","name":"Cooperativa de energ\u00eda y luz Orcas","url":"https:\/\/www.opalco.com\/","logo":{"@type":"ImageObject","inLanguage":"es-ES","@id":"https:\/\/www.opalco.com\/#\/schema\/logo\/image\/","url":"https:\/\/www.opalco.com\/wp-content\/uploads\/2015\/10\/09-full-color-logo.jpg","contentUrl":"https:\/\/www.opalco.com\/wp-content\/uploads\/2015\/10\/09-full-color-logo.jpg","width":788,"height":624,"caption":"Orcas Power & Light Cooperative"},"image":{"@id":"https:\/\/www.opalco.com\/#\/schema\/logo\/image\/"},"sameAs":["https:\/\/www.facebook.com\/orcaspower","https:\/\/x.com\/orcaspower"]},{"@type":"Person","@id":"https:\/\/www.opalco.com\/#\/schema\/person\/0dcf51a74444ff3bc38dd373b5913262","name":"TbbA27cHc4gWvY2u","image":{"@type":"ImageObject","inLanguage":"es-ES","@id":"https:\/\/secure.gravatar.com\/avatar\/9298464b0eb9131ab803ba75771d45eb2f70d3bd56c5efe5d435ef6348507334?s=96&d=mm&r=g","url":"https:\/\/secure.gravatar.com\/avatar\/9298464b0eb9131ab803ba75771d45eb2f70d3bd56c5efe5d435ef6348507334?s=96&d=mm&r=g","contentUrl":"https:\/\/secure.gravatar.com\/avatar\/9298464b0eb9131ab803ba75771d45eb2f70d3bd56c5efe5d435ef6348507334?s=96&d=mm&r=g","caption":"TbbA27cHc4gWvY2u"},"url":"https:\/\/www.opalco.com\/es\/author\/tbba27chc4gwvy2u\/"}]}},"_links":{"self":[{"href":"https:\/\/www.opalco.com\/es\/wp-json\/wp\/v2\/posts\/4439","targetHints":{"allow":["GET"]}}],"collection":[{"href":"https:\/\/www.opalco.com\/es\/wp-json\/wp\/v2\/posts"}],"about":[{"href":"https:\/\/www.opalco.com\/es\/wp-json\/wp\/v2\/types\/post"}],"author":[{"embeddable":true,"href":"https:\/\/www.opalco.com\/es\/wp-json\/wp\/v2\/users\/1"}],"replies":[{"embeddable":true,"href":"https:\/\/www.opalco.com\/es\/wp-json\/wp\/v2\/comments?post=4439"}],"version-history":[{"count":0,"href":"https:\/\/www.opalco.com\/es\/wp-json\/wp\/v2\/posts\/4439\/revisions"}],"wp:attachment":[{"href":"https:\/\/www.opalco.com\/es\/wp-json\/wp\/v2\/media?parent=4439"}],"wp:term":[{"taxonomy":"category","embeddable":true,"href":"https:\/\/www.opalco.com\/es\/wp-json\/wp\/v2\/categories?post=4439"},{"taxonomy":"post_tag","embeddable":true,"href":"https:\/\/www.opalco.com\/es\/wp-json\/wp\/v2\/tags?post=4439"}],"curies":[{"name":"gracias","href":"https:\/\/api.w.org\/{rel}","templated":true}]}}