{"id":24471,"date":"2025-12-04T10:36:36","date_gmt":"2025-12-04T18:36:36","guid":{"rendered":"https:\/\/www.opalco.com\/?p=24471"},"modified":"2025-12-04T10:57:43","modified_gmt":"2025-12-04T18:57:43","slug":"opalco-lanza-una-encuesta-de-energia-renovable-para-recopilar-las-opiniones-de-sus-miembros","status":"publish","type":"post","link":"https:\/\/www.opalco.com\/es\/opalco-lanza-una-encuesta-de-energia-renovable-para-recopilar-las-opiniones-de-sus-miembros\/2025\/12\/","title":{"rendered":"OPALCO lanza una encuesta voluntaria sobre energ\u00edas renovables para recopilar las opiniones de sus miembros"},"content":{"rendered":"<p>La Cooperativa Orcas Power &amp; Light (OPALCO) invita a todos sus miembros a participar en la reci\u00e9n lanzada Encuesta de Energ\u00eda Renovable, dise\u00f1ada para recabar la opini\u00f3n de la comunidad sobre futuros programas, prioridades y oportunidades energ\u00e9ticas. A medida que OPALCO contin\u00faa planificando un futuro energ\u00e9tico resiliente y sostenible, la opini\u00f3n de los miembros ser\u00e1 fundamental para definir la estrategia de energ\u00eda renovable a largo plazo de la cooperativa.<\/p>\n<p>Los miembros pueden completar la encuesta en l\u00ednea mediante el enlace proporcionado o escaneando el c\u00f3digo QR que aparece en las comunicaciones recientes de OPALCO en redes sociales. Para acceder a la encuesta, necesitar\u00e1n su n\u00famero de miembro, que se encuentra localizando los primeros cinco d\u00edgitos de su n\u00famero de cuenta de OPALCO. Tambi\u00e9n se han compartido gu\u00edas visuales en redes sociales para ayudar a los miembros a identificar este n\u00famero tanto en SmartHub como en sus facturas impresas. Si tiene alguna pregunta sobre el n\u00famero de miembro o c\u00f3mo acceder a la encuesta, env\u00ede un correo electr\u00f3nico a communications@opalco.com o llame al 360-376-3500.<\/p>\n<p>OPALCO se ha asociado con la firma de investigaci\u00f3n DHM para realizar una encuesta a sus miembros, que estar\u00e1 abierta hasta el 12 de diciembre de 2025. OPALCO anima a todos los miembros a dedicar unos minutos a compartir sus opiniones. Quienes necesiten ayuda para acceder a la encuesta o tengan problemas t\u00e9cnicos pueden contactar con el servicio de asistencia: info@surveysinsight.com.<\/p>\n<p>Visita el enlace para acceder a la Encuesta de Energ\u00edas Renovables de OPALCO: <a href=\"https:\/\/research-polls.com\/uRk1\">https:\/\/research-polls.com\/uRk1<\/a><\/p>\n<p>&nbsp;<\/p>\n<p>&nbsp;<\/p>","protected":false},"excerpt":{"rendered":"<p>Orcas Power &amp; Light Cooperative (OPALCO) invita a todos los miembros a participar en una encuesta de energ\u00eda renovable recientemente lanzada, dise\u00f1ada para recopilar informaci\u00f3n de la comunidad sobre futuros programas energ\u00e9ticos, prioridades y\u2026 <a class=\"co-blog_post--morelink\" href=\"https:\/\/www.opalco.com\/es\/opalco-lanza-una-encuesta-de-energia-renovable-para-recopilar-las-opiniones-de-sus-miembros\/2025\/12\/\" aria-label=\"Lea m\u00e1s sobre: OPALCO lanza una encuesta voluntaria sobre energ\u00edas renovables para recopilar las opiniones de sus miembros\">Leer m\u00e1s<\/a><\/p>","protected":false},"author":54,"featured_media":24473,"comment_status":"closed","ping_status":"closed","sticky":false,"template":"","format":"standard","meta":{"_acf_changed":false,"_searchwp_excluded":"","footnotes":""},"categories":[5,672,599],"tags":[],"class_list":["post-24471","post","type-post","status-publish","format-standard","has-post-thumbnail","hentry","category-membership","category-newsroom","category-the-island-way"],"acf":[],"yoast_head":"<!-- This site is optimized with the Yoast SEO plugin v27.2 - https:\/\/yoast.com\/product\/yoast-seo-wordpress\/ -->\n<title>OPALCO Launches Opt-In Renewable Energy Survey to Gather Member Input - OPALCO<\/title>\n<meta name=\"robots\" content=\"index, follow, max-snippet:-1, max-image-preview:large, max-video-preview:-1\" \/>\n<link rel=\"canonical\" href=\"https:\/\/www.opalco.com\/es\/opalco-lanza-una-encuesta-de-energia-renovable-para-recopilar-las-opiniones-de-sus-miembros\/2025\/12\/\" \/>\n<meta property=\"og:locale\" content=\"es_ES\" \/>\n<meta property=\"og:type\" content=\"article\" \/>\n<meta property=\"og:title\" content=\"OPALCO Launches Opt-In Renewable Energy Survey to Gather Member Input - OPALCO\" \/>\n<meta property=\"og:description\" content=\"Orcas Power &amp; Light Cooperative (OPALCO) is inviting all members to participate in a newly launched Renewable Energy Survey designed to gather community insight on future energy programs, priorities, and &hellip; Read more\" \/>\n<meta property=\"og:url\" content=\"https:\/\/www.opalco.com\/es\/opalco-lanza-una-encuesta-de-energia-renovable-para-recopilar-las-opiniones-de-sus-miembros\/2025\/12\/\" \/>\n<meta property=\"og:site_name\" content=\"OPALCO\" \/>\n<meta property=\"article:publisher\" content=\"https:\/\/www.facebook.com\/orcaspower\" \/>\n<meta property=\"article:published_time\" content=\"2025-12-04T18:36:36+00:00\" \/>\n<meta property=\"article:modified_time\" content=\"2025-12-04T18:57:43+00:00\" \/>\n<meta property=\"og:image\" content=\"https:\/\/www.opalco.com\/wp-content\/uploads\/2025\/12\/feedback-e1764873841509.jpg\" \/>\n\t<meta property=\"og:image:width\" content=\"498\" \/>\n\t<meta property=\"og:image:height\" content=\"330\" \/>\n\t<meta property=\"og:image:type\" content=\"image\/jpeg\" \/>\n<meta name=\"author\" content=\"Johanna Lange\" \/>\n<meta name=\"twitter:card\" content=\"summary_large_image\" \/>\n<meta name=\"twitter:creator\" content=\"@orcaspower\" \/>\n<meta name=\"twitter:site\" content=\"@orcaspower\" \/>\n<meta name=\"twitter:label1\" content=\"Written by\" \/>\n\t<meta name=\"twitter:data1\" content=\"Johanna Lange\" \/>\n\t<meta name=\"twitter:label2\" content=\"Est. reading time\" \/>\n\t<meta name=\"twitter:data2\" content=\"2 minutos\" \/>\n<script type=\"application\/ld+json\" class=\"yoast-schema-graph\">{\"@context\":\"https:\/\/schema.org\",\"@graph\":[{\"@type\":\"Article\",\"@id\":\"https:\/\/www.opalco.com\/opalco-launches-opt-in-renewable-energy-survey-to-gather-member-input\/2025\/12\/#article\",\"isPartOf\":{\"@id\":\"https:\/\/www.opalco.com\/opalco-launches-opt-in-renewable-energy-survey-to-gather-member-input\/2025\/12\/\"},\"author\":{\"name\":\"Johanna Lange\",\"@id\":\"https:\/\/www.opalco.com\/#\/schema\/person\/534a96619df921d1e61f5d14f7650cb0\"},\"headline\":\"OPALCO Launches Opt-In Renewable Energy Survey to Gather Member Input\",\"datePublished\":\"2025-12-04T18:36:36+00:00\",\"dateModified\":\"2025-12-04T18:57:43+00:00\",\"mainEntityOfPage\":{\"@id\":\"https:\/\/www.opalco.com\/opalco-launches-opt-in-renewable-energy-survey-to-gather-member-input\/2025\/12\/\"},\"wordCount\":233,\"publisher\":{\"@id\":\"https:\/\/www.opalco.com\/#organization\"},\"image\":{\"@id\":\"https:\/\/www.opalco.com\/opalco-launches-opt-in-renewable-energy-survey-to-gather-member-input\/2025\/12\/#primaryimage\"},\"thumbnailUrl\":\"https:\/\/www.opalco.com\/wp-content\/uploads\/2025\/12\/feedback-e1764873841509.jpg\",\"articleSection\":[\"Membership\",\"Newsroom\",\"The Island Way\"],\"inLanguage\":\"es-ES\"},{\"@type\":\"WebPage\",\"@id\":\"https:\/\/www.opalco.com\/opalco-launches-opt-in-renewable-energy-survey-to-gather-member-input\/2025\/12\/\",\"url\":\"https:\/\/www.opalco.com\/opalco-launches-opt-in-renewable-energy-survey-to-gather-member-input\/2025\/12\/\",\"name\":\"OPALCO Launches Opt-In Renewable Energy Survey to Gather Member Input - OPALCO\",\"isPartOf\":{\"@id\":\"https:\/\/www.opalco.com\/#website\"},\"primaryImageOfPage\":{\"@id\":\"https:\/\/www.opalco.com\/opalco-launches-opt-in-renewable-energy-survey-to-gather-member-input\/2025\/12\/#primaryimage\"},\"image\":{\"@id\":\"https:\/\/www.opalco.com\/opalco-launches-opt-in-renewable-energy-survey-to-gather-member-input\/2025\/12\/#primaryimage\"},\"thumbnailUrl\":\"https:\/\/www.opalco.com\/wp-content\/uploads\/2025\/12\/feedback-e1764873841509.jpg\",\"datePublished\":\"2025-12-04T18:36:36+00:00\",\"dateModified\":\"2025-12-04T18:57:43+00:00\",\"breadcrumb\":{\"@id\":\"https:\/\/www.opalco.com\/opalco-launches-opt-in-renewable-energy-survey-to-gather-member-input\/2025\/12\/#breadcrumb\"},\"inLanguage\":\"es-ES\",\"potentialAction\":[{\"@type\":\"ReadAction\",\"target\":[\"https:\/\/www.opalco.com\/opalco-launches-opt-in-renewable-energy-survey-to-gather-member-input\/2025\/12\/\"]}]},{\"@type\":\"ImageObject\",\"inLanguage\":\"es-ES\",\"@id\":\"https:\/\/www.opalco.com\/opalco-launches-opt-in-renewable-energy-survey-to-gather-member-input\/2025\/12\/#primaryimage\",\"url\":\"https:\/\/www.opalco.com\/wp-content\/uploads\/2025\/12\/feedback-e1764873841509.jpg\",\"contentUrl\":\"https:\/\/www.opalco.com\/wp-content\/uploads\/2025\/12\/feedback-e1764873841509.jpg\",\"width\":498,\"height\":330,\"caption\":\"we want your feedback\"},{\"@type\":\"BreadcrumbList\",\"@id\":\"https:\/\/www.opalco.com\/opalco-launches-opt-in-renewable-energy-survey-to-gather-member-input\/2025\/12\/#breadcrumb\",\"itemListElement\":[{\"@type\":\"ListItem\",\"position\":1,\"name\":\"Home\",\"item\":\"https:\/\/www.opalco.com\/\"},{\"@type\":\"ListItem\",\"position\":2,\"name\":\"OPALCO Launches Opt-In Renewable Energy Survey to Gather Member Input\"}]},{\"@type\":\"WebSite\",\"@id\":\"https:\/\/www.opalco.com\/#website\",\"url\":\"https:\/\/www.opalco.com\/\",\"name\":\"OPALCO\",\"description\":\"Orcas Power &amp; Light Co-op\",\"publisher\":{\"@id\":\"https:\/\/www.opalco.com\/#organization\"},\"potentialAction\":[{\"@type\":\"SearchAction\",\"target\":{\"@type\":\"EntryPoint\",\"urlTemplate\":\"https:\/\/www.opalco.com\/?s={search_term_string}\"},\"query-input\":{\"@type\":\"PropertyValueSpecification\",\"valueRequired\":true,\"valueName\":\"search_term_string\"}}],\"inLanguage\":\"es-ES\"},{\"@type\":\"Organization\",\"@id\":\"https:\/\/www.opalco.com\/#organization\",\"name\":\"Orcas Power & Light Cooperative\",\"url\":\"https:\/\/www.opalco.com\/\",\"logo\":{\"@type\":\"ImageObject\",\"inLanguage\":\"es-ES\",\"@id\":\"https:\/\/www.opalco.com\/#\/schema\/logo\/image\/\",\"url\":\"https:\/\/www.opalco.com\/wp-content\/uploads\/2015\/10\/09-full-color-logo.jpg\",\"contentUrl\":\"https:\/\/www.opalco.com\/wp-content\/uploads\/2015\/10\/09-full-color-logo.jpg\",\"width\":788,\"height\":624,\"caption\":\"Orcas Power & Light Cooperative\"},\"image\":{\"@id\":\"https:\/\/www.opalco.com\/#\/schema\/logo\/image\/\"},\"sameAs\":[\"https:\/\/www.facebook.com\/orcaspower\",\"https:\/\/x.com\/orcaspower\"]},{\"@type\":\"Person\",\"@id\":\"https:\/\/www.opalco.com\/#\/schema\/person\/534a96619df921d1e61f5d14f7650cb0\",\"name\":\"Johanna Lange\",\"image\":{\"@type\":\"ImageObject\",\"inLanguage\":\"es-ES\",\"@id\":\"https:\/\/secure.gravatar.com\/avatar\/a19c85f8070c733bd0b9676bd9f1b468f4d4fae42585780197ab04b44bac8cf4?s=96&d=mm&r=g\",\"url\":\"https:\/\/secure.gravatar.com\/avatar\/a19c85f8070c733bd0b9676bd9f1b468f4d4fae42585780197ab04b44bac8cf4?s=96&d=mm&r=g\",\"contentUrl\":\"https:\/\/secure.gravatar.com\/avatar\/a19c85f8070c733bd0b9676bd9f1b468f4d4fae42585780197ab04b44bac8cf4?s=96&d=mm&r=g\",\"caption\":\"Johanna Lange\"},\"url\":\"https:\/\/www.opalco.com\/es\/author\/jlange\/\"}]}<\/script>\n<!-- \/ Yoast SEO plugin. -->","yoast_head_json":{"title":"OPALCO lanza una encuesta voluntaria sobre energ\u00edas renovables para recopilar las opiniones de sus miembros - OPALCO","robots":{"index":"index","follow":"follow","max-snippet":"max-snippet:-1","max-image-preview":"max-image-preview:large","max-video-preview":"max-video-preview:-1"},"canonical":"https:\/\/www.opalco.com\/es\/opalco-lanza-una-encuesta-de-energia-renovable-para-recopilar-las-opiniones-de-sus-miembros\/2025\/12\/","og_locale":"es_ES","og_type":"article","og_title":"OPALCO Launches Opt-In Renewable Energy Survey to Gather Member Input - OPALCO","og_description":"Orcas Power &amp; Light Cooperative (OPALCO) is inviting all members to participate in a newly launched Renewable Energy Survey designed to gather community insight on future energy programs, priorities, and &hellip; Read more","og_url":"https:\/\/www.opalco.com\/es\/opalco-lanza-una-encuesta-de-energia-renovable-para-recopilar-las-opiniones-de-sus-miembros\/2025\/12\/","og_site_name":"OPALCO","article_publisher":"https:\/\/www.facebook.com\/orcaspower","article_published_time":"2025-12-04T18:36:36+00:00","article_modified_time":"2025-12-04T18:57:43+00:00","og_image":[{"width":498,"height":330,"url":"https:\/\/www.opalco.com\/wp-content\/uploads\/2025\/12\/feedback-e1764873841509.jpg","type":"image\/jpeg"}],"author":"Johanna Lange","twitter_card":"summary_large_image","twitter_creator":"@orcaspower","twitter_site":"@orcaspower","twitter_misc":{"Written by":"Johanna Lange","Est. reading time":"2 minutos"},"schema":{"@context":"https:\/\/schema.org","@graph":[{"@type":"Article","@id":"https:\/\/www.opalco.com\/opalco-launches-opt-in-renewable-energy-survey-to-gather-member-input\/2025\/12\/#article","isPartOf":{"@id":"https:\/\/www.opalco.com\/opalco-launches-opt-in-renewable-energy-survey-to-gather-member-input\/2025\/12\/"},"author":{"name":"Johanna Lange","@id":"https:\/\/www.opalco.com\/#\/schema\/person\/534a96619df921d1e61f5d14f7650cb0"},"headline":"OPALCO Launches Opt-In Renewable Energy Survey to Gather Member Input","datePublished":"2025-12-04T18:36:36+00:00","dateModified":"2025-12-04T18:57:43+00:00","mainEntityOfPage":{"@id":"https:\/\/www.opalco.com\/opalco-launches-opt-in-renewable-energy-survey-to-gather-member-input\/2025\/12\/"},"wordCount":233,"publisher":{"@id":"https:\/\/www.opalco.com\/#organization"},"image":{"@id":"https:\/\/www.opalco.com\/opalco-launches-opt-in-renewable-energy-survey-to-gather-member-input\/2025\/12\/#primaryimage"},"thumbnailUrl":"https:\/\/www.opalco.com\/wp-content\/uploads\/2025\/12\/feedback-e1764873841509.jpg","articleSection":["Membership","Newsroom","The Island Way"],"inLanguage":"es-ES"},{"@type":"WebPage","@id":"https:\/\/www.opalco.com\/opalco-launches-opt-in-renewable-energy-survey-to-gather-member-input\/2025\/12\/","url":"https:\/\/www.opalco.com\/opalco-launches-opt-in-renewable-energy-survey-to-gather-member-input\/2025\/12\/","name":"OPALCO lanza una encuesta voluntaria sobre energ\u00edas renovables para recopilar las opiniones de sus miembros - OPALCO","isPartOf":{"@id":"https:\/\/www.opalco.com\/#website"},"primaryImageOfPage":{"@id":"https:\/\/www.opalco.com\/opalco-launches-opt-in-renewable-energy-survey-to-gather-member-input\/2025\/12\/#primaryimage"},"image":{"@id":"https:\/\/www.opalco.com\/opalco-launches-opt-in-renewable-energy-survey-to-gather-member-input\/2025\/12\/#primaryimage"},"thumbnailUrl":"https:\/\/www.opalco.com\/wp-content\/uploads\/2025\/12\/feedback-e1764873841509.jpg","datePublished":"2025-12-04T18:36:36+00:00","dateModified":"2025-12-04T18:57:43+00:00","breadcrumb":{"@id":"https:\/\/www.opalco.com\/opalco-launches-opt-in-renewable-energy-survey-to-gather-member-input\/2025\/12\/#breadcrumb"},"inLanguage":"es-ES","potentialAction":[{"@type":"ReadAction","target":["https:\/\/www.opalco.com\/opalco-launches-opt-in-renewable-energy-survey-to-gather-member-input\/2025\/12\/"]}]},{"@type":"ImageObject","inLanguage":"es-ES","@id":"https:\/\/www.opalco.com\/opalco-launches-opt-in-renewable-energy-survey-to-gather-member-input\/2025\/12\/#primaryimage","url":"https:\/\/www.opalco.com\/wp-content\/uploads\/2025\/12\/feedback-e1764873841509.jpg","contentUrl":"https:\/\/www.opalco.com\/wp-content\/uploads\/2025\/12\/feedback-e1764873841509.jpg","width":498,"height":330,"caption":"we want your feedback"},{"@type":"BreadcrumbList","@id":"https:\/\/www.opalco.com\/opalco-launches-opt-in-renewable-energy-survey-to-gather-member-input\/2025\/12\/#breadcrumb","itemListElement":[{"@type":"ListItem","position":1,"name":"Home","item":"https:\/\/www.opalco.com\/"},{"@type":"ListItem","position":2,"name":"OPALCO Launches Opt-In Renewable Energy Survey to Gather Member Input"}]},{"@type":"WebSite","@id":"https:\/\/www.opalco.com\/#website","url":"https:\/\/www.opalco.com\/","name":"OPALCO","description":"Cooperativa de energ\u00eda y luz Orcas","publisher":{"@id":"https:\/\/www.opalco.com\/#organization"},"potentialAction":[{"@type":"SearchAction","target":{"@type":"EntryPoint","urlTemplate":"https:\/\/www.opalco.com\/?s={search_term_string}"},"query-input":{"@type":"PropertyValueSpecification","valueRequired":true,"valueName":"search_term_string"}}],"inLanguage":"es-ES"},{"@type":"Organization","@id":"https:\/\/www.opalco.com\/#organization","name":"Cooperativa de energ\u00eda y luz Orcas","url":"https:\/\/www.opalco.com\/","logo":{"@type":"ImageObject","inLanguage":"es-ES","@id":"https:\/\/www.opalco.com\/#\/schema\/logo\/image\/","url":"https:\/\/www.opalco.com\/wp-content\/uploads\/2015\/10\/09-full-color-logo.jpg","contentUrl":"https:\/\/www.opalco.com\/wp-content\/uploads\/2015\/10\/09-full-color-logo.jpg","width":788,"height":624,"caption":"Orcas Power & Light Cooperative"},"image":{"@id":"https:\/\/www.opalco.com\/#\/schema\/logo\/image\/"},"sameAs":["https:\/\/www.facebook.com\/orcaspower","https:\/\/x.com\/orcaspower"]},{"@type":"Person","@id":"https:\/\/www.opalco.com\/#\/schema\/person\/534a96619df921d1e61f5d14f7650cb0","name":"Johanna Lange","image":{"@type":"ImageObject","inLanguage":"es-ES","@id":"https:\/\/secure.gravatar.com\/avatar\/a19c85f8070c733bd0b9676bd9f1b468f4d4fae42585780197ab04b44bac8cf4?s=96&d=mm&r=g","url":"https:\/\/secure.gravatar.com\/avatar\/a19c85f8070c733bd0b9676bd9f1b468f4d4fae42585780197ab04b44bac8cf4?s=96&d=mm&r=g","contentUrl":"https:\/\/secure.gravatar.com\/avatar\/a19c85f8070c733bd0b9676bd9f1b468f4d4fae42585780197ab04b44bac8cf4?s=96&d=mm&r=g","caption":"Johanna Lange"},"url":"https:\/\/www.opalco.com\/es\/author\/jlange\/"}]}},"_links":{"self":[{"href":"https:\/\/www.opalco.com\/es\/wp-json\/wp\/v2\/posts\/24471","targetHints":{"allow":["GET"]}}],"collection":[{"href":"https:\/\/www.opalco.com\/es\/wp-json\/wp\/v2\/posts"}],"about":[{"href":"https:\/\/www.opalco.com\/es\/wp-json\/wp\/v2\/types\/post"}],"author":[{"embeddable":true,"href":"https:\/\/www.opalco.com\/es\/wp-json\/wp\/v2\/users\/54"}],"replies":[{"embeddable":true,"href":"https:\/\/www.opalco.com\/es\/wp-json\/wp\/v2\/comments?post=24471"}],"version-history":[{"count":1,"href":"https:\/\/www.opalco.com\/es\/wp-json\/wp\/v2\/posts\/24471\/revisions"}],"predecessor-version":[{"id":24472,"href":"https:\/\/www.opalco.com\/es\/wp-json\/wp\/v2\/posts\/24471\/revisions\/24472"}],"wp:featuredmedia":[{"embeddable":true,"href":"https:\/\/www.opalco.com\/es\/wp-json\/wp\/v2\/media\/24473"}],"wp:attachment":[{"href":"https:\/\/www.opalco.com\/es\/wp-json\/wp\/v2\/media?parent=24471"}],"wp:term":[{"taxonomy":"category","embeddable":true,"href":"https:\/\/www.opalco.com\/es\/wp-json\/wp\/v2\/categories?post=24471"},{"taxonomy":"post_tag","embeddable":true,"href":"https:\/\/www.opalco.com\/es\/wp-json\/wp\/v2\/tags?post=24471"}],"curies":[{"name":"gracias","href":"https:\/\/api.w.org\/{rel}","templated":true}]}}