{"id":24446,"date":"2025-11-24T09:54:00","date_gmt":"2025-11-24T17:54:00","guid":{"rendered":"https:\/\/www.opalco.com\/?p=24446"},"modified":"2025-11-24T09:54:00","modified_gmt":"2025-11-24T17:54:00","slug":"la-junta-de-opalco-aprueba-el-presupuesto-y-las-tarifas-para-2026","status":"publish","type":"post","link":"https:\/\/www.opalco.com\/es\/la-junta-de-opalco-aprueba-el-presupuesto-y-las-tarifas-para-2026\/2025\/11\/","title":{"rendered":"La Junta de OPALCO aprueba el presupuesto y las tarifas para 2026"},"content":{"rendered":"<p>El presupuesto anual de OPALCO para 2026 fue aprobado el 20 de noviembre<sup>th<\/sup> La reuni\u00f3n de la junta directiva incluy\u00f3 cambios en la estructura tarifaria y un aumento de aproximadamente 61 TP3T para los miembros residenciales. Esto equivale a un aumento de aproximadamente 1 TP4T12 al mes para el residente promedio del condado de San Juan. El presupuesto prev\u00e9 aumentos de 51 TP3T para cada uno de los pr\u00f3ximos cinco a\u00f1os para adaptarse a la inflaci\u00f3n, el aumento de los costos de la energ\u00eda y la mano de obra, y para gestionar el capital de la Cooperativa. La Cooperativa utiliza el capital para obtener pr\u00e9stamos federales para construir proyectos de capital esenciales, como los m\u00faltiples reemplazos de cables submarinos programados para los pr\u00f3ximos 10 a 20 a\u00f1os.<\/p>\n<p>El equipo de OPALCO realiz\u00f3 un an\u00e1lisis exhaustivo de su estructura tarifaria durante 2025. Los miembros ver\u00e1n algunos cambios en la asignaci\u00f3n de sus facturas en 2026 debido a los resultados del estudio tarifario. A continuaci\u00f3n, se presenta un resumen de los cambios tarifarios:<\/p>\n<ul>\n<li><strong>Cambiar la forma en que se comparten los costos:<\/strong> La mayor parte de los ingresos de OPALCO proviene del cargo por kWh. Nuestro estudio de costo del servicio demostr\u00f3 que es m\u00e1s justo distribuir m\u00e1s costos en el cargo fijo mensual (Cargo por Acceso al Servicio). Esto implica un aumento en el cargo mensual por servicio, pero un cargo por kWh m\u00e1s bajo.<\/li>\n<li><strong>Actualizaci\u00f3n de la asignaci\u00f3n de costos de los miembros comerciales:<\/strong> El estudio de costo del servicio tambi\u00e9n encontr\u00f3 que los miembros comerciales estaban subsidiando a los miembros residenciales (en aproximadamente 1%). Para 2026, las tarifas residenciales aumentar\u00e1n m\u00e1s que las tarifas comerciales.<\/li>\n<li><strong>Estabilidad en los costos de energ\u00eda:<\/strong> En lugar de estar vinculado \u00fanicamente a los costos de energ\u00eda, el \u201cajuste del cargo por energ\u00eda\u201d reflejar\u00e1 el margen operativo general de OPALCO.<\/li>\n<li><strong>Informaci\u00f3n sobre demanda m\u00e1xima:<\/strong> Las facturas incluir\u00e1n una nueva l\u00ednea que indicar\u00e1 su mayor consumo de energ\u00eda del mes (su &quot;demanda m\u00e1xima&quot;). Por ahora, esto es solo informaci\u00f3n; no se a\u00f1adir\u00e1n cargos adicionales en 2026.<\/li>\n<li><strong>Tarifas por exceso de tama\u00f1o:<\/strong> La mayor\u00eda de los hogares no ver\u00e1n ning\u00fan cambio, pero si tiene un medidor m\u00e1s grande que el est\u00e1ndar, habr\u00e1 una tarifa mensual ($10 para servicio de 400 amperios, $20 para 600 amperios o m\u00e1s).<\/li>\n<\/ul>\n<p>\u00bfQu\u00e9 significa esto para sus facturas?<\/p>\n<ul>\n<li>Para los miembros residenciales, es probable que vean un aumento de tarifa de 5.8% en su factura mensual general, con un aumento mayor en el cargo de acceso al servicio ($67.58\/mes) que en el cargo por kWh ($0.1395 por kWh).<\/li>\n<li>Para los miembros comerciales, su aumento ser\u00e1 menor este a\u00f1o dependiendo de si es un comercial grande (sin aumento notable) o un comercial peque\u00f1o (aumento de 2.4%).<\/li>\n<\/ul>\n<p>Todas las categor\u00edas de gastos est\u00e1n aumentando. Esto est\u00e1 generando facturas de electricidad m\u00e1s altas para los miembros de OPALCO en 2026 y en el futuro pr\u00f3ximo. OPALCO seguir\u00e1 animando a sus miembros a utilizar nuestro programa de financiaci\u00f3n en factura, Switch It Up, para fomentar la electrificaci\u00f3n y el ahorro energ\u00e9tico, lo que les ayudar\u00e1 a ahorrar dinero en sus facturas, que est\u00e1n aumentando, y a proteger el medio ambiente.<\/p>\n<p>OPALCO est\u00e1 comprometida con programas que ayudan a sus miembros m\u00e1s vulnerables a afrontar el aumento del costo de la energ\u00eda. El Presupuesto de 2026 aumenta los montos del cr\u00e9dito de Asistencia Energ\u00e9tica para compensar el aumento de tarifas. Adem\u00e1s, OPALCO seguir\u00e1 apoyando y promoviendo el Proyecto Pal para hogares con dificultades para pagar sus facturas de energ\u00eda, que consiste en una subvenci\u00f3n \u00fanica anual durante la temporada de calefacci\u00f3n. Solicite o inf\u00f3rmese sobre la asistencia energ\u00e9tica en l\u00ednea.<\/p>\n<p>La estructura tarifaria final de OPALCO para 2026 se someter\u00e1 a una segunda lectura y se aprobar\u00e1 en la reuni\u00f3n de la Junta Directiva de diciembre de 2025. Para consultar el informe presupuestario completo de 2026 o el estudio de costos de servicio de 2025, visite la Biblioteca de Documentos en el sitio web de OPALCO. <a href=\"https:\/\/www.opalco.com\/es\/sobre-la-comunidad\/biblioteca-de-documentos\/#rlfboardmeetingsandmaterials\">www.opalco.com<\/a>. Si tiene preguntas sobre estos cambios, el equipo de OPALCO organizar\u00e1 una reuni\u00f3n virtual sobre el tema el 15 de diciembre.<sup>th<\/sup> A las 5 p. m. v\u00eda Zoom. Reg\u00edstrese para la reuni\u00f3n en\u00a0<a href=\"http:\/\/www.opalco.com\/es\/eventos\/\">www.opalco.com\/eventos<\/a>.<\/p>","protected":false},"excerpt":{"rendered":"<p>El presupuesto anual de OPALCO para 2026 se aprob\u00f3 en la reuni\u00f3n de la junta directiva del 20 de noviembre, incluyendo cambios en la estructura tarifaria y un aumento de aproximadamente 61 TP3T para los miembros residenciales. Esto resulta en... <a class=\"co-blog_post--morelink\" href=\"https:\/\/www.opalco.com\/es\/la-junta-de-opalco-aprueba-el-presupuesto-y-las-tarifas-para-2026\/2025\/11\/\" aria-label=\"Lea m\u00e1s sobre: La Junta de OPALCO aprueba el presupuesto y las tarifas para 2026\">Leer m\u00e1s<\/a><\/p>","protected":false},"author":34,"featured_media":23032,"comment_status":"closed","ping_status":"closed","sticky":false,"template":"","format":"standard","meta":{"_acf_changed":false,"_searchwp_excluded":"","footnotes":""},"categories":[672,148],"tags":[],"class_list":["post-24446","post","type-post","status-publish","format-standard","has-post-thumbnail","hentry","category-newsroom","category-rates-tariffs"],"acf":[],"yoast_head":"<!-- This site is optimized with the Yoast SEO plugin v27.2 - https:\/\/yoast.com\/product\/yoast-seo-wordpress\/ -->\n<title>OPALCO Board Passes 2026 Budget and Rates - OPALCO<\/title>\n<meta name=\"robots\" content=\"index, follow, max-snippet:-1, max-image-preview:large, max-video-preview:-1\" \/>\n<link rel=\"canonical\" href=\"https:\/\/www.opalco.com\/es\/la-junta-de-opalco-aprueba-el-presupuesto-y-las-tarifas-para-2026\/2025\/11\/\" \/>\n<meta property=\"og:locale\" content=\"es_ES\" \/>\n<meta property=\"og:type\" content=\"article\" \/>\n<meta property=\"og:title\" content=\"OPALCO Board Passes 2026 Budget and Rates - OPALCO\" \/>\n<meta property=\"og:description\" content=\"The 2026 OPALCO annual budget was approved at the November 20th board meeting including changes to the rate structure and a ~6% rate increase for residential members. This works out &hellip; Read more\" \/>\n<meta property=\"og:url\" content=\"https:\/\/www.opalco.com\/es\/la-junta-de-opalco-aprueba-el-presupuesto-y-las-tarifas-para-2026\/2025\/11\/\" \/>\n<meta property=\"og:site_name\" content=\"OPALCO\" \/>\n<meta property=\"article:publisher\" content=\"https:\/\/www.facebook.com\/orcaspower\" \/>\n<meta property=\"article:published_time\" content=\"2025-11-24T17:54:00+00:00\" \/>\n<meta property=\"og:image\" content=\"https:\/\/www.opalco.com\/wp-content\/uploads\/2025\/02\/meeting670.jpg\" \/>\n\t<meta property=\"og:image:width\" content=\"670\" \/>\n\t<meta property=\"og:image:height\" content=\"424\" \/>\n\t<meta property=\"og:image:type\" content=\"image\/jpeg\" \/>\n<meta name=\"author\" content=\"Krista Bouchey\" \/>\n<meta name=\"twitter:card\" content=\"summary_large_image\" \/>\n<meta name=\"twitter:creator\" content=\"@OrcasPower\" \/>\n<meta name=\"twitter:site\" content=\"@orcaspower\" \/>\n<meta name=\"twitter:label1\" content=\"Written by\" \/>\n\t<meta name=\"twitter:data1\" content=\"Krista Bouchey\" \/>\n\t<meta name=\"twitter:label2\" content=\"Est. reading time\" \/>\n\t<meta name=\"twitter:data2\" content=\"3 minutos\" \/>\n<script type=\"application\/ld+json\" class=\"yoast-schema-graph\">{\"@context\":\"https:\/\/schema.org\",\"@graph\":[{\"@type\":\"Article\",\"@id\":\"https:\/\/www.opalco.com\/opalco-board-passes-2026-budget-and-rates\/2025\/11\/#article\",\"isPartOf\":{\"@id\":\"https:\/\/www.opalco.com\/opalco-board-passes-2026-budget-and-rates\/2025\/11\/\"},\"author\":{\"name\":\"Krista Bouchey\",\"@id\":\"https:\/\/www.opalco.com\/#\/schema\/person\/a5686fb5efc9d7787dad40e35b56abad\"},\"headline\":\"OPALCO Board Passes 2026 Budget and Rates\",\"datePublished\":\"2025-11-24T17:54:00+00:00\",\"mainEntityOfPage\":{\"@id\":\"https:\/\/www.opalco.com\/opalco-board-passes-2026-budget-and-rates\/2025\/11\/\"},\"wordCount\":574,\"publisher\":{\"@id\":\"https:\/\/www.opalco.com\/#organization\"},\"image\":{\"@id\":\"https:\/\/www.opalco.com\/opalco-board-passes-2026-budget-and-rates\/2025\/11\/#primaryimage\"},\"thumbnailUrl\":\"https:\/\/www.opalco.com\/wp-content\/uploads\/2025\/02\/meeting670.jpg\",\"articleSection\":[\"Newsroom\",\"Rates &amp; Tariffs\"],\"inLanguage\":\"es-ES\"},{\"@type\":\"WebPage\",\"@id\":\"https:\/\/www.opalco.com\/opalco-board-passes-2026-budget-and-rates\/2025\/11\/\",\"url\":\"https:\/\/www.opalco.com\/opalco-board-passes-2026-budget-and-rates\/2025\/11\/\",\"name\":\"OPALCO Board Passes 2026 Budget and Rates - OPALCO\",\"isPartOf\":{\"@id\":\"https:\/\/www.opalco.com\/#website\"},\"primaryImageOfPage\":{\"@id\":\"https:\/\/www.opalco.com\/opalco-board-passes-2026-budget-and-rates\/2025\/11\/#primaryimage\"},\"image\":{\"@id\":\"https:\/\/www.opalco.com\/opalco-board-passes-2026-budget-and-rates\/2025\/11\/#primaryimage\"},\"thumbnailUrl\":\"https:\/\/www.opalco.com\/wp-content\/uploads\/2025\/02\/meeting670.jpg\",\"datePublished\":\"2025-11-24T17:54:00+00:00\",\"breadcrumb\":{\"@id\":\"https:\/\/www.opalco.com\/opalco-board-passes-2026-budget-and-rates\/2025\/11\/#breadcrumb\"},\"inLanguage\":\"es-ES\",\"potentialAction\":[{\"@type\":\"ReadAction\",\"target\":[\"https:\/\/www.opalco.com\/opalco-board-passes-2026-budget-and-rates\/2025\/11\/\"]}]},{\"@type\":\"ImageObject\",\"inLanguage\":\"es-ES\",\"@id\":\"https:\/\/www.opalco.com\/opalco-board-passes-2026-budget-and-rates\/2025\/11\/#primaryimage\",\"url\":\"https:\/\/www.opalco.com\/wp-content\/uploads\/2025\/02\/meeting670.jpg\",\"contentUrl\":\"https:\/\/www.opalco.com\/wp-content\/uploads\/2025\/02\/meeting670.jpg\",\"width\":670,\"height\":424,\"caption\":\"Asian business adviser meeting to analyze and discuss the situation on the financial report in the meeting room.Investment Consultant,Financial Consultant,Financial advisor and accounting concept.\"},{\"@type\":\"BreadcrumbList\",\"@id\":\"https:\/\/www.opalco.com\/opalco-board-passes-2026-budget-and-rates\/2025\/11\/#breadcrumb\",\"itemListElement\":[{\"@type\":\"ListItem\",\"position\":1,\"name\":\"Home\",\"item\":\"https:\/\/www.opalco.com\/\"},{\"@type\":\"ListItem\",\"position\":2,\"name\":\"OPALCO Board Passes 2026 Budget and Rates\"}]},{\"@type\":\"WebSite\",\"@id\":\"https:\/\/www.opalco.com\/#website\",\"url\":\"https:\/\/www.opalco.com\/\",\"name\":\"OPALCO\",\"description\":\"Orcas Power &amp; Light Co-op\",\"publisher\":{\"@id\":\"https:\/\/www.opalco.com\/#organization\"},\"potentialAction\":[{\"@type\":\"SearchAction\",\"target\":{\"@type\":\"EntryPoint\",\"urlTemplate\":\"https:\/\/www.opalco.com\/?s={search_term_string}\"},\"query-input\":{\"@type\":\"PropertyValueSpecification\",\"valueRequired\":true,\"valueName\":\"search_term_string\"}}],\"inLanguage\":\"es-ES\"},{\"@type\":\"Organization\",\"@id\":\"https:\/\/www.opalco.com\/#organization\",\"name\":\"Orcas Power & Light Cooperative\",\"url\":\"https:\/\/www.opalco.com\/\",\"logo\":{\"@type\":\"ImageObject\",\"inLanguage\":\"es-ES\",\"@id\":\"https:\/\/www.opalco.com\/#\/schema\/logo\/image\/\",\"url\":\"https:\/\/www.opalco.com\/wp-content\/uploads\/2015\/10\/09-full-color-logo.jpg\",\"contentUrl\":\"https:\/\/www.opalco.com\/wp-content\/uploads\/2015\/10\/09-full-color-logo.jpg\",\"width\":788,\"height\":624,\"caption\":\"Orcas Power & Light Cooperative\"},\"image\":{\"@id\":\"https:\/\/www.opalco.com\/#\/schema\/logo\/image\/\"},\"sameAs\":[\"https:\/\/www.facebook.com\/orcaspower\",\"https:\/\/x.com\/orcaspower\"]},{\"@type\":\"Person\",\"@id\":\"https:\/\/www.opalco.com\/#\/schema\/person\/a5686fb5efc9d7787dad40e35b56abad\",\"name\":\"Krista Bouchey\",\"image\":{\"@type\":\"ImageObject\",\"inLanguage\":\"es-ES\",\"@id\":\"https:\/\/secure.gravatar.com\/avatar\/55520213b4e552fa8135f4e16078d94b4ff2df5da73caf284df5a1280b02195a?s=96&d=mm&r=g\",\"url\":\"https:\/\/secure.gravatar.com\/avatar\/55520213b4e552fa8135f4e16078d94b4ff2df5da73caf284df5a1280b02195a?s=96&d=mm&r=g\",\"contentUrl\":\"https:\/\/secure.gravatar.com\/avatar\/55520213b4e552fa8135f4e16078d94b4ff2df5da73caf284df5a1280b02195a?s=96&d=mm&r=g\",\"caption\":\"Krista Bouchey\"},\"sameAs\":[\"https:\/\/x.com\/OrcasPower\"],\"url\":\"https:\/\/www.opalco.com\/es\/author\/kbouchey\/\"}]}<\/script>\n<!-- \/ Yoast SEO plugin. -->","yoast_head_json":{"title":"La Junta de OPALCO aprueba el presupuesto y las tarifas para 2026 - OPALCO","robots":{"index":"index","follow":"follow","max-snippet":"max-snippet:-1","max-image-preview":"max-image-preview:large","max-video-preview":"max-video-preview:-1"},"canonical":"https:\/\/www.opalco.com\/es\/la-junta-de-opalco-aprueba-el-presupuesto-y-las-tarifas-para-2026\/2025\/11\/","og_locale":"es_ES","og_type":"article","og_title":"OPALCO Board Passes 2026 Budget and Rates - OPALCO","og_description":"The 2026 OPALCO annual budget was approved at the November 20th board meeting including changes to the rate structure and a ~6% rate increase for residential members. This works out &hellip; Read more","og_url":"https:\/\/www.opalco.com\/es\/la-junta-de-opalco-aprueba-el-presupuesto-y-las-tarifas-para-2026\/2025\/11\/","og_site_name":"OPALCO","article_publisher":"https:\/\/www.facebook.com\/orcaspower","article_published_time":"2025-11-24T17:54:00+00:00","og_image":[{"width":670,"height":424,"url":"https:\/\/www.opalco.com\/wp-content\/uploads\/2025\/02\/meeting670.jpg","type":"image\/jpeg"}],"author":"Krista Bouchey","twitter_card":"summary_large_image","twitter_creator":"@OrcasPower","twitter_site":"@orcaspower","twitter_misc":{"Written by":"Krista Bouchey","Est. reading time":"3 minutos"},"schema":{"@context":"https:\/\/schema.org","@graph":[{"@type":"Article","@id":"https:\/\/www.opalco.com\/opalco-board-passes-2026-budget-and-rates\/2025\/11\/#article","isPartOf":{"@id":"https:\/\/www.opalco.com\/opalco-board-passes-2026-budget-and-rates\/2025\/11\/"},"author":{"name":"Krista Bouchey","@id":"https:\/\/www.opalco.com\/#\/schema\/person\/a5686fb5efc9d7787dad40e35b56abad"},"headline":"OPALCO Board Passes 2026 Budget and Rates","datePublished":"2025-11-24T17:54:00+00:00","mainEntityOfPage":{"@id":"https:\/\/www.opalco.com\/opalco-board-passes-2026-budget-and-rates\/2025\/11\/"},"wordCount":574,"publisher":{"@id":"https:\/\/www.opalco.com\/#organization"},"image":{"@id":"https:\/\/www.opalco.com\/opalco-board-passes-2026-budget-and-rates\/2025\/11\/#primaryimage"},"thumbnailUrl":"https:\/\/www.opalco.com\/wp-content\/uploads\/2025\/02\/meeting670.jpg","articleSection":["Newsroom","Rates &amp; Tariffs"],"inLanguage":"es-ES"},{"@type":"WebPage","@id":"https:\/\/www.opalco.com\/opalco-board-passes-2026-budget-and-rates\/2025\/11\/","url":"https:\/\/www.opalco.com\/opalco-board-passes-2026-budget-and-rates\/2025\/11\/","name":"La Junta de OPALCO aprueba el presupuesto y las tarifas para 2026 - OPALCO","isPartOf":{"@id":"https:\/\/www.opalco.com\/#website"},"primaryImageOfPage":{"@id":"https:\/\/www.opalco.com\/opalco-board-passes-2026-budget-and-rates\/2025\/11\/#primaryimage"},"image":{"@id":"https:\/\/www.opalco.com\/opalco-board-passes-2026-budget-and-rates\/2025\/11\/#primaryimage"},"thumbnailUrl":"https:\/\/www.opalco.com\/wp-content\/uploads\/2025\/02\/meeting670.jpg","datePublished":"2025-11-24T17:54:00+00:00","breadcrumb":{"@id":"https:\/\/www.opalco.com\/opalco-board-passes-2026-budget-and-rates\/2025\/11\/#breadcrumb"},"inLanguage":"es-ES","potentialAction":[{"@type":"ReadAction","target":["https:\/\/www.opalco.com\/opalco-board-passes-2026-budget-and-rates\/2025\/11\/"]}]},{"@type":"ImageObject","inLanguage":"es-ES","@id":"https:\/\/www.opalco.com\/opalco-board-passes-2026-budget-and-rates\/2025\/11\/#primaryimage","url":"https:\/\/www.opalco.com\/wp-content\/uploads\/2025\/02\/meeting670.jpg","contentUrl":"https:\/\/www.opalco.com\/wp-content\/uploads\/2025\/02\/meeting670.jpg","width":670,"height":424,"caption":"Asian business adviser meeting to analyze and discuss the situation on the financial report in the meeting room.Investment Consultant,Financial Consultant,Financial advisor and accounting concept."},{"@type":"BreadcrumbList","@id":"https:\/\/www.opalco.com\/opalco-board-passes-2026-budget-and-rates\/2025\/11\/#breadcrumb","itemListElement":[{"@type":"ListItem","position":1,"name":"Home","item":"https:\/\/www.opalco.com\/"},{"@type":"ListItem","position":2,"name":"OPALCO Board Passes 2026 Budget and Rates"}]},{"@type":"WebSite","@id":"https:\/\/www.opalco.com\/#website","url":"https:\/\/www.opalco.com\/","name":"OPALCO","description":"Cooperativa de energ\u00eda y luz Orcas","publisher":{"@id":"https:\/\/www.opalco.com\/#organization"},"potentialAction":[{"@type":"SearchAction","target":{"@type":"EntryPoint","urlTemplate":"https:\/\/www.opalco.com\/?s={search_term_string}"},"query-input":{"@type":"PropertyValueSpecification","valueRequired":true,"valueName":"search_term_string"}}],"inLanguage":"es-ES"},{"@type":"Organization","@id":"https:\/\/www.opalco.com\/#organization","name":"Cooperativa de energ\u00eda y luz Orcas","url":"https:\/\/www.opalco.com\/","logo":{"@type":"ImageObject","inLanguage":"es-ES","@id":"https:\/\/www.opalco.com\/#\/schema\/logo\/image\/","url":"https:\/\/www.opalco.com\/wp-content\/uploads\/2015\/10\/09-full-color-logo.jpg","contentUrl":"https:\/\/www.opalco.com\/wp-content\/uploads\/2015\/10\/09-full-color-logo.jpg","width":788,"height":624,"caption":"Orcas Power & Light Cooperative"},"image":{"@id":"https:\/\/www.opalco.com\/#\/schema\/logo\/image\/"},"sameAs":["https:\/\/www.facebook.com\/orcaspower","https:\/\/x.com\/orcaspower"]},{"@type":"Person","@id":"https:\/\/www.opalco.com\/#\/schema\/person\/a5686fb5efc9d7787dad40e35b56abad","name":"Krista Bouchey","image":{"@type":"ImageObject","inLanguage":"es-ES","@id":"https:\/\/secure.gravatar.com\/avatar\/55520213b4e552fa8135f4e16078d94b4ff2df5da73caf284df5a1280b02195a?s=96&d=mm&r=g","url":"https:\/\/secure.gravatar.com\/avatar\/55520213b4e552fa8135f4e16078d94b4ff2df5da73caf284df5a1280b02195a?s=96&d=mm&r=g","contentUrl":"https:\/\/secure.gravatar.com\/avatar\/55520213b4e552fa8135f4e16078d94b4ff2df5da73caf284df5a1280b02195a?s=96&d=mm&r=g","caption":"Krista Bouchey"},"sameAs":["https:\/\/x.com\/OrcasPower"],"url":"https:\/\/www.opalco.com\/es\/author\/kbouchey\/"}]}},"_links":{"self":[{"href":"https:\/\/www.opalco.com\/es\/wp-json\/wp\/v2\/posts\/24446","targetHints":{"allow":["GET"]}}],"collection":[{"href":"https:\/\/www.opalco.com\/es\/wp-json\/wp\/v2\/posts"}],"about":[{"href":"https:\/\/www.opalco.com\/es\/wp-json\/wp\/v2\/types\/post"}],"author":[{"embeddable":true,"href":"https:\/\/www.opalco.com\/es\/wp-json\/wp\/v2\/users\/34"}],"replies":[{"embeddable":true,"href":"https:\/\/www.opalco.com\/es\/wp-json\/wp\/v2\/comments?post=24446"}],"version-history":[{"count":1,"href":"https:\/\/www.opalco.com\/es\/wp-json\/wp\/v2\/posts\/24446\/revisions"}],"predecessor-version":[{"id":24452,"href":"https:\/\/www.opalco.com\/es\/wp-json\/wp\/v2\/posts\/24446\/revisions\/24452"}],"wp:featuredmedia":[{"embeddable":true,"href":"https:\/\/www.opalco.com\/es\/wp-json\/wp\/v2\/media\/23032"}],"wp:attachment":[{"href":"https:\/\/www.opalco.com\/es\/wp-json\/wp\/v2\/media?parent=24446"}],"wp:term":[{"taxonomy":"category","embeddable":true,"href":"https:\/\/www.opalco.com\/es\/wp-json\/wp\/v2\/categories?post=24446"},{"taxonomy":"post_tag","embeddable":true,"href":"https:\/\/www.opalco.com\/es\/wp-json\/wp\/v2\/tags?post=24446"}],"curies":[{"name":"gracias","href":"https:\/\/api.w.org\/{rel}","templated":true}]}}