{"id":22838,"date":"2025-01-07T16:30:32","date_gmt":"2025-01-08T00:30:32","guid":{"rendered":"https:\/\/www.opalco.com\/?p=22838"},"modified":"2025-01-08T13:03:24","modified_gmt":"2025-01-08T21:03:24","slug":"por-que-es-importante-la-generacion-local-parte-1-de-3","status":"publish","type":"post","link":"https:\/\/www.opalco.com\/es\/por-que-es-importante-la-generacion-local-parte-1-de-3\/2025\/01\/","title":{"rendered":"Por qu\u00e9 es importante la generaci\u00f3n local: Parte 1 de 3"},"content":{"rendered":"<p>OPALCO ha proporcionado energ\u00eda confiable a las islas desde 1937. La electricidad es un componente esencial y cr\u00edtico para los estilos de vida modernos que alimentan nuestros hospitales, supermercados, sistemas de calefacci\u00f3n y departamentos de bomberos. La electricidad constante no se consigue sin algunas desventajas. Como cooperativa, OPALCO espera que los miembros respalden la infraestructura de la red que sirve a nuestra vida diaria. Como comunidad, necesitaremos seguir construyendo y manteniendo nuestro sistema de energ\u00eda y ahora m\u00e1s que nunca debemos buscar soluciones confiables, renovables y libres de carbono.<\/p>\n<p>La industria energ\u00e9tica se encuentra en un momento cr\u00edtico, ya que la regi\u00f3n y el mundo est\u00e1n sintiendo los efectos del cambio clim\u00e1tico. El estado de Washington es l\u00edder en la transici\u00f3n hacia el abandono de los combustibles f\u00f3siles, con una s\u00f3lida legislaci\u00f3n para la reducci\u00f3n de las emisiones de carbono y fondos destinados a la energ\u00eda renovable.<\/p>\n<p>La demanda de electricidad est\u00e1 aumentando a medida que muchas personas dejan de usar veh\u00edculos a gas y fuentes de calefacci\u00f3n a base de combustibles f\u00f3siles. Adem\u00e1s, hay un aumento en las tecnolog\u00edas de inteligencia artificial y los centros de datos que consumen mucha energ\u00eda. El suministro de energ\u00eda regional est\u00e1 al l\u00edmite de su capacidad y existe una gran necesidad de construir m\u00e1s fuentes de energ\u00eda renovable.<\/p>\n<p>El equipo de OPALCO dedica horas interminables a analizar las necesidades futuras de electricidad de nuestra comunidad. La Administraci\u00f3n de Energ\u00eda de Bonneville (BPA), que suministra 96% de la energ\u00eda de OPALCO, no construir\u00e1 m\u00e1s plantas de generaci\u00f3n de energ\u00eda y se espera que se produzcan d\u00e9ficits de energ\u00eda en los pr\u00f3ximos dos a\u00f1os y que contin\u00faen durante mucho tiempo. Esto significa que OPALCO tendr\u00e1 que empezar a construir plantas de generaci\u00f3n de energ\u00eda locales o comprar energ\u00eda en el mercado a precios dr\u00e1sticamente m\u00e1s altos. Este d\u00e9ficit de demanda frente a la oferta podr\u00eda dar lugar a apagones regionales durante los fen\u00f3menos meteorol\u00f3gicos de mayor intensidad.<\/p>\n<p><img loading=\"lazy\" decoding=\"async\" class=\"alignleft size-medium wp-image-22845\" src=\"https:\/\/www.opalco.com\/wp-content\/uploads\/2025\/01\/nw-energy-supply-chart-540x309.jpg\" alt=\"tabla de suministros\" width=\"540\" height=\"309\" srcset=\"https:\/\/www.opalco.com\/wp-content\/uploads\/2025\/01\/nw-energy-supply-chart-540x309.jpg 540w, https:\/\/www.opalco.com\/wp-content\/uploads\/2025\/01\/nw-energy-supply-chart-730x417.jpg 730w, https:\/\/www.opalco.com\/wp-content\/uploads\/2025\/01\/nw-energy-supply-chart-1536x878.jpg 1536w, https:\/\/www.opalco.com\/wp-content\/uploads\/2025\/01\/nw-energy-supply-chart-2048x1171.jpg 2048w, https:\/\/www.opalco.com\/wp-content\/uploads\/2025\/01\/nw-energy-supply-chart-18x10.jpg 18w, https:\/\/www.opalco.com\/wp-content\/uploads\/2025\/01\/nw-energy-supply-chart-490x280.jpg 490w, https:\/\/www.opalco.com\/wp-content\/uploads\/2025\/01\/nw-energy-supply-chart-396x226.jpg 396w, https:\/\/www.opalco.com\/wp-content\/uploads\/2025\/01\/nw-energy-supply-chart-75x43.jpg 75w\" sizes=\"auto, (max-width: 540px) 100vw, 540px\" \/>El Consejo de Energ\u00eda y Conservaci\u00f3n del Noroeste estima que se necesitar\u00e1 un m\u00ednimo de 30 GW de energ\u00eda nueva para 2030. Proporcionar esta cantidad de nueva generaci\u00f3n ser\u00e1 extremadamente dif\u00edcil. Debido a los obst\u00e1culos en cuanto a ubicaci\u00f3n y permisos, el Noroeste solo ha podido construir 1 GW en los \u00faltimos 8 a\u00f1os. La cantidad de nuevas soluciones energ\u00e9ticas para mantener la confiabilidad de nuestra red es asombrosa.<\/p>\n<p>Los proyectos de energ\u00eda renovable requieren a\u00f1os de planificaci\u00f3n, autorizaci\u00f3n y construcci\u00f3n. Cuanto m\u00e1s demoremos la construcci\u00f3n de estos proyectos, m\u00e1s tardar\u00e1 la oferta en satisfacer la demanda y habr\u00e1 m\u00e1s probabilidades de que las necesidades energ\u00e9ticas se cubran con fuentes de combustible basadas en el carbono.<\/p>\n<p><strong>Suministro el\u00e9ctrico regional<\/strong><\/p>\n<p>Para revertir la cat\u00e1strofe clim\u00e1tica global, Estados Unidos debe reducir sus emisiones en un 50% para 2030. Se trata de un objetivo ambicioso y desafiante que pone de relieve la necesidad de impulsar proyectos de energ\u00eda renovable en el condado de San Juan y en toda la regi\u00f3n.<\/p>\n<p>La demanda aumenta a medida que la poblaci\u00f3n del noroeste crece y recurre a la electricidad para el transporte y la calefacci\u00f3n. Los centros de datos han proliferado en todo el noroeste debido a nuestra energ\u00eda hidroel\u00e9ctrica barata y abundante y est\u00e1n contribuyendo al aumento de la demanda. Los legisladores del estado de Washington tambi\u00e9n est\u00e1n aumentando la demanda de electricidad renovable al alentarnos a electrificar la calefacci\u00f3n residencial y el transporte con veh\u00edculos el\u00e9ctricos y exigir a los usuarios de energ\u00eda que paguen multas clim\u00e1ticas por utilizar fuentes de energ\u00eda basadas en el carbono.<\/p>\n<p>El suministro en todo el noroeste est\u00e1 disminuyendo debido al cierre de las plantas de energ\u00eda a carb\u00f3n, pero los proyectos de energ\u00eda de reemplazo se detienen o cancelan debido a la resistencia p\u00fablica y local a la obtenci\u00f3n de permisos. El sistema hidroel\u00e9ctrico regional est\u00e1 ahora al m\u00e1ximo de su capacidad y no hay planes de generar m\u00e1s energ\u00eda hidroel\u00e9ctrica.<\/p>\n<p>Con las trayectorias actuales, los apagones escalonados y las fluctuaciones de los precios del mercado aumentar\u00e1n hasta que la oferta pueda satisfacer la demanda. OPALCO puede invertir en proyectos de generaci\u00f3n fuera de las islas, pero esto no beneficia a la red local. Solo la generaci\u00f3n local beneficiar\u00e1 a las islas con energ\u00eda confiable si\/cuando se interrumpa la energ\u00eda en el continente.<\/p>\n<p><strong>\u00bfC\u00f3mo podemos prepararnos como comunidad?<\/strong><\/p>\n<p>El condado de San Juan obtiene la mayor parte de su energ\u00eda del continente a trav\u00e9s de cables submarinos. Durante la ola de fr\u00edo de enero de 2024, la factura de electricidad de OPALCO proveniente de nuestro suministro de energ\u00eda continental tuvo un cargo por demanda de $310,000. Debido a los shocks de precios como estos y la mayor probabilidad de apagones en el continente, es cada vez m\u00e1s necesario que nuestra comunidad comience a explorar proyectos locales de energ\u00eda renovable.<\/p>\n<p>OPALCO lleva mucho tiempo fomentando iniciativas de conservaci\u00f3n con descuentos para proyectos de eficiencia energ\u00e9tica. El programa Switch It Up fomenta el uso racional de la electricidad ofreciendo financiaci\u00f3n en la factura para proyectos de conservaci\u00f3n y energ\u00eda renovable. Los veh\u00edculos el\u00e9ctricos son cinco veces m\u00e1s eficientes que los coches de gasolina y las bombas de calor son tres veces m\u00e1s eficientes que otros calentadores. A trav\u00e9s de este programa, se han invertido cerca de $20M en nuestra comunidad en proyectos de ahorro de energ\u00eda.<\/p>\n<p>Un futuro de energ\u00eda limpia, que es fundamental para proteger la salud y la resiliencia del mar de Salish y nuestro pr\u00edstino entorno mar\u00edtimo, va a requerir una amplia combinaci\u00f3n de fuentes de energ\u00eda renovable. Las tecnolog\u00edas de energ\u00eda maremotriz son muy prometedoras para complementar nuestra cartera de necesidades energ\u00e9ticas. OPALCO est\u00e1 actualmente estudiando la viabilidad de un generador maremotriz de 2 MW en el estrecho de Rosario con financiaci\u00f3n del Departamento de Energ\u00eda.<\/p>\n<p><strong>\u00bfQu\u00e9 pasa con la energ\u00eda solar en los tejados?<\/strong><\/p>\n<p><strong>\u00a0<\/strong>Existe la idea err\u00f3nea de que si se instalan paneles solares en todos los tejados y aparcamientos, el problema se resolver\u00e1. Lamentablemente, los paneles solares en los tejados no son la \u201csoluci\u00f3n milagrosa\u201d.<\/p>\n<p>La energ\u00eda solar en azoteas ha estado creciendo en todo el condado de San Juan. Las instalaciones han aumentado desde 2022, cuando OPALCO puso a disposici\u00f3n su programa de financiaci\u00f3n en factura para proyectos de energ\u00eda solar y bater\u00edas. Se han financiado alrededor de 1 TP4T7.5M en proyectos locales de energ\u00eda solar en azoteas y almacenamiento de bater\u00edas a trav\u00e9s del programa de OPALCO.<\/p>\n<p>OPALCO alienta encarecidamente a quienes tienen techos que sean viables a instalar energ\u00eda solar, pero esto por s\u00ed solo no va a satisfacer el crecimiento de la carga proyectado para el condado de San Juan. La energ\u00eda solar en los techos solo puede satisfacer alrededor de 5% de nuestras necesidades energ\u00e9ticas locales proyectadas (suponiendo que podamos maximizar esta cifra). Necesitamos explorar proyectos de energ\u00eda renovable a escala de servicios p\u00fablicos para satisfacer nuestras necesidades energ\u00e9ticas futuras.<\/p>\n<p><strong>Microrredes a escala de servicios p\u00fablicos<\/strong><\/p>\n<p><img loading=\"lazy\" decoding=\"async\" class=\"alignleft wp-image-22839\" src=\"https:\/\/www.opalco.com\/wp-content\/uploads\/2025\/01\/AdobeStock_1016229875-540x360.jpeg\" alt=\"ovejas y energ\u00eda solar\" width=\"237\" height=\"158\" srcset=\"https:\/\/www.opalco.com\/wp-content\/uploads\/2025\/01\/AdobeStock_1016229875-540x360.jpeg 540w, https:\/\/www.opalco.com\/wp-content\/uploads\/2025\/01\/AdobeStock_1016229875-730x487.jpeg 730w, https:\/\/www.opalco.com\/wp-content\/uploads\/2025\/01\/AdobeStock_1016229875-1536x1025.jpeg 1536w, https:\/\/www.opalco.com\/wp-content\/uploads\/2025\/01\/AdobeStock_1016229875-2048x1367.jpeg 2048w, https:\/\/www.opalco.com\/wp-content\/uploads\/2025\/01\/AdobeStock_1016229875-18x12.jpeg 18w, https:\/\/www.opalco.com\/wp-content\/uploads\/2025\/01\/AdobeStock_1016229875-490x327.jpeg 490w, https:\/\/www.opalco.com\/wp-content\/uploads\/2025\/01\/AdobeStock_1016229875-396x264.jpeg 396w, https:\/\/www.opalco.com\/wp-content\/uploads\/2025\/01\/AdobeStock_1016229875-75x50.jpeg 75w\" sizes=\"auto, (max-width: 237px) 100vw, 237px\" \/>La microrred propuesta en Bailer Hill podr\u00eda duplicar con creces la generaci\u00f3n de energ\u00eda solar en los tejados del condado. Este proyecto es un sistema solar agr\u00edcola que se asociar\u00e1 con agricultores locales para que las ovejas pasten a la sombra del panel solar. La combinaci\u00f3n de energ\u00eda solar con almacenamiento en bater\u00edas garantiza que podamos acceder a la energ\u00eda cuando el sol no brille, lo que la convierte en una fuente de energ\u00eda m\u00e1s confiable para el condado.<\/p>\n<p>Esta y futuras microrredes solo pueden hacerse realidad si existe el apoyo del p\u00fablico. En el continente, m\u00e1s de 701 TP3T de proyectos de energ\u00eda renovable de servicios p\u00fablicos se han cancelado debido a la falta de permisos locales y la oposici\u00f3n del p\u00fablico.<\/p>\n<p>Cada a\u00f1o que retrasamos la construcci\u00f3n de esta microrred en Bailer Hill equivale a quemar 230.000 galones de gasolina o a emitir 4,5 millones de libras de CO2. No podemos permitirnos el lujo de esperar a que se lleven a cabo estos proyectos.<\/p>\n<p>Nuestra comunidad y nuestro planeta se beneficiar\u00e1n enormemente si invertimos ahora en proyectos locales de generaci\u00f3n de energ\u00eda renovable. Es hora de que demos un paso adelante, invirtamos en soluciones y comencemos a abordar estos problemas cr\u00edticos que enfrentamos. OPALCO necesita el apoyo de los miembros de la cooperativa para poner en marcha estos proyectos.<\/p>\n<p>OPALCO tiene fuentes de los datos compartidos e informaci\u00f3n m\u00e1s detallada sobre este art\u00edculo en nuestro sitio web.<a href=\"https:\/\/www.opalco.com\/es\/20989-2\/2024\/03\/\"> Inf\u00f3rmese sobre las cuestiones relacionadas con la oferta y la demanda a nivel regional.<\/a> Correo electr\u00f3nico <a href=\"mailto:communications@opalco.com\">communications@opalco.com<\/a> Si tiene preguntas o desea profundizar m\u00e1s, la segunda parte de esta serie de tres partes analizar\u00e1 en profundidad por qu\u00e9 OPALCO eligi\u00f3 Bailer Hill como el sitio para una futura microrred.<\/p>\n<p>&nbsp;<\/p>","protected":false},"excerpt":{"rendered":"<p>OPALCO ha proporcionado energ\u00eda confiable a las islas desde 1937. La electricidad es un componente esencial y cr\u00edtico para los estilos de vida modernos que alimentan nuestros hospitales, supermercados, sistemas de calefacci\u00f3n y... <a class=\"co-blog_post--morelink\" href=\"https:\/\/www.opalco.com\/es\/por-que-es-importante-la-generacion-local-parte-1-de-3\/2025\/01\/\" aria-label=\"Leer m\u00e1s sobre: Por qu\u00e9 es importante la generaci\u00f3n local: Parte 1 de 3\">Leer m\u00e1s<\/a><\/p>","protected":false},"author":34,"featured_media":22845,"comment_status":"closed","ping_status":"closed","sticky":false,"template":"","format":"standard","meta":{"_acf_changed":false,"_searchwp_excluded":"","footnotes":""},"categories":[32,645,648,5,46,599],"tags":[],"class_list":["post-22838","post","type-post","status-publish","format-standard","has-post-thumbnail","hentry","category-climate-change","category-community-solar","category-energy-policy-renewable-energy","category-membership","category-renewable-energy","category-the-island-way"],"acf":[],"yoast_head":"<!-- This site is optimized with the Yoast SEO plugin v27.2 - https:\/\/yoast.com\/product\/yoast-seo-wordpress\/ -->\n<title>Why Local Generation Is Important: Part 1 of 3 - OPALCO<\/title>\n<meta name=\"robots\" content=\"index, follow, max-snippet:-1, max-image-preview:large, max-video-preview:-1\" \/>\n<link rel=\"canonical\" href=\"https:\/\/www.opalco.com\/es\/por-que-es-importante-la-generacion-local-parte-1-de-3\/2025\/01\/\" \/>\n<meta property=\"og:locale\" content=\"es_ES\" \/>\n<meta property=\"og:type\" content=\"article\" \/>\n<meta property=\"og:title\" content=\"Why Local Generation Is Important: Part 1 of 3 - OPALCO\" \/>\n<meta property=\"og:description\" content=\"OPALCO has been providing reliable power to the islands since 1937. Electricity is an essential and critical component to the modern-day lifestyles powering our hospitals, grocery stores, heating systems, and &hellip; Read more\" \/>\n<meta property=\"og:url\" content=\"https:\/\/www.opalco.com\/es\/por-que-es-importante-la-generacion-local-parte-1-de-3\/2025\/01\/\" \/>\n<meta property=\"og:site_name\" content=\"OPALCO\" \/>\n<meta property=\"article:publisher\" content=\"https:\/\/www.facebook.com\/orcaspower\" \/>\n<meta property=\"article:published_time\" content=\"2025-01-08T00:30:32+00:00\" \/>\n<meta property=\"article:modified_time\" content=\"2025-01-08T21:03:24+00:00\" \/>\n<meta property=\"og:image\" content=\"https:\/\/www.opalco.com\/wp-content\/uploads\/2025\/01\/nw-energy-supply-chart-scaled.jpg\" \/>\n\t<meta property=\"og:image:width\" content=\"2560\" \/>\n\t<meta property=\"og:image:height\" content=\"1464\" \/>\n\t<meta property=\"og:image:type\" content=\"image\/jpeg\" \/>\n<meta name=\"author\" content=\"Krista Bouchey\" \/>\n<meta name=\"twitter:card\" content=\"summary_large_image\" \/>\n<meta name=\"twitter:creator\" content=\"@OrcasPower\" \/>\n<meta name=\"twitter:site\" content=\"@orcaspower\" \/>\n<meta name=\"twitter:label1\" content=\"Written by\" \/>\n\t<meta name=\"twitter:data1\" content=\"Krista Bouchey\" \/>\n\t<meta name=\"twitter:label2\" content=\"Est. reading time\" \/>\n\t<meta name=\"twitter:data2\" content=\"6 minutos\" \/>\n<script type=\"application\/ld+json\" class=\"yoast-schema-graph\">{\"@context\":\"https:\/\/schema.org\",\"@graph\":[{\"@type\":\"Article\",\"@id\":\"https:\/\/www.opalco.com\/why-local-generation-is-important-part-1-of-3\/2025\/01\/#article\",\"isPartOf\":{\"@id\":\"https:\/\/www.opalco.com\/why-local-generation-is-important-part-1-of-3\/2025\/01\/\"},\"author\":{\"name\":\"Krista Bouchey\",\"@id\":\"https:\/\/www.opalco.com\/#\/schema\/person\/a5686fb5efc9d7787dad40e35b56abad\"},\"headline\":\"Why Local Generation Is Important: Part 1 of 3\",\"datePublished\":\"2025-01-08T00:30:32+00:00\",\"dateModified\":\"2025-01-08T21:03:24+00:00\",\"mainEntityOfPage\":{\"@id\":\"https:\/\/www.opalco.com\/why-local-generation-is-important-part-1-of-3\/2025\/01\/\"},\"wordCount\":1175,\"publisher\":{\"@id\":\"https:\/\/www.opalco.com\/#organization\"},\"image\":{\"@id\":\"https:\/\/www.opalco.com\/why-local-generation-is-important-part-1-of-3\/2025\/01\/#primaryimage\"},\"thumbnailUrl\":\"https:\/\/www.opalco.com\/wp-content\/uploads\/2025\/01\/nw-energy-supply-chart-scaled.jpg\",\"articleSection\":[\"Climate Change\",\"Community Solar\",\"Energy Policy\",\"Membership\",\"Renewable Energy\",\"The Island Way\"],\"inLanguage\":\"es-ES\"},{\"@type\":\"WebPage\",\"@id\":\"https:\/\/www.opalco.com\/why-local-generation-is-important-part-1-of-3\/2025\/01\/\",\"url\":\"https:\/\/www.opalco.com\/why-local-generation-is-important-part-1-of-3\/2025\/01\/\",\"name\":\"Why Local Generation Is Important: Part 1 of 3 - OPALCO\",\"isPartOf\":{\"@id\":\"https:\/\/www.opalco.com\/#website\"},\"primaryImageOfPage\":{\"@id\":\"https:\/\/www.opalco.com\/why-local-generation-is-important-part-1-of-3\/2025\/01\/#primaryimage\"},\"image\":{\"@id\":\"https:\/\/www.opalco.com\/why-local-generation-is-important-part-1-of-3\/2025\/01\/#primaryimage\"},\"thumbnailUrl\":\"https:\/\/www.opalco.com\/wp-content\/uploads\/2025\/01\/nw-energy-supply-chart-scaled.jpg\",\"datePublished\":\"2025-01-08T00:30:32+00:00\",\"dateModified\":\"2025-01-08T21:03:24+00:00\",\"breadcrumb\":{\"@id\":\"https:\/\/www.opalco.com\/why-local-generation-is-important-part-1-of-3\/2025\/01\/#breadcrumb\"},\"inLanguage\":\"es-ES\",\"potentialAction\":[{\"@type\":\"ReadAction\",\"target\":[\"https:\/\/www.opalco.com\/why-local-generation-is-important-part-1-of-3\/2025\/01\/\"]}]},{\"@type\":\"ImageObject\",\"inLanguage\":\"es-ES\",\"@id\":\"https:\/\/www.opalco.com\/why-local-generation-is-important-part-1-of-3\/2025\/01\/#primaryimage\",\"url\":\"https:\/\/www.opalco.com\/wp-content\/uploads\/2025\/01\/nw-energy-supply-chart-scaled.jpg\",\"contentUrl\":\"https:\/\/www.opalco.com\/wp-content\/uploads\/2025\/01\/nw-energy-supply-chart-scaled.jpg\",\"width\":2560,\"height\":1464,\"caption\":\"supply chart\"},{\"@type\":\"BreadcrumbList\",\"@id\":\"https:\/\/www.opalco.com\/why-local-generation-is-important-part-1-of-3\/2025\/01\/#breadcrumb\",\"itemListElement\":[{\"@type\":\"ListItem\",\"position\":1,\"name\":\"Home\",\"item\":\"https:\/\/www.opalco.com\/\"},{\"@type\":\"ListItem\",\"position\":2,\"name\":\"Why Local Generation Is Important: Part 1 of 3\"}]},{\"@type\":\"WebSite\",\"@id\":\"https:\/\/www.opalco.com\/#website\",\"url\":\"https:\/\/www.opalco.com\/\",\"name\":\"OPALCO\",\"description\":\"Orcas Power &amp; Light Co-op\",\"publisher\":{\"@id\":\"https:\/\/www.opalco.com\/#organization\"},\"potentialAction\":[{\"@type\":\"SearchAction\",\"target\":{\"@type\":\"EntryPoint\",\"urlTemplate\":\"https:\/\/www.opalco.com\/?s={search_term_string}\"},\"query-input\":{\"@type\":\"PropertyValueSpecification\",\"valueRequired\":true,\"valueName\":\"search_term_string\"}}],\"inLanguage\":\"es-ES\"},{\"@type\":\"Organization\",\"@id\":\"https:\/\/www.opalco.com\/#organization\",\"name\":\"Orcas Power & Light Cooperative\",\"url\":\"https:\/\/www.opalco.com\/\",\"logo\":{\"@type\":\"ImageObject\",\"inLanguage\":\"es-ES\",\"@id\":\"https:\/\/www.opalco.com\/#\/schema\/logo\/image\/\",\"url\":\"https:\/\/www.opalco.com\/wp-content\/uploads\/2015\/10\/09-full-color-logo.jpg\",\"contentUrl\":\"https:\/\/www.opalco.com\/wp-content\/uploads\/2015\/10\/09-full-color-logo.jpg\",\"width\":788,\"height\":624,\"caption\":\"Orcas Power & Light Cooperative\"},\"image\":{\"@id\":\"https:\/\/www.opalco.com\/#\/schema\/logo\/image\/\"},\"sameAs\":[\"https:\/\/www.facebook.com\/orcaspower\",\"https:\/\/x.com\/orcaspower\"]},{\"@type\":\"Person\",\"@id\":\"https:\/\/www.opalco.com\/#\/schema\/person\/a5686fb5efc9d7787dad40e35b56abad\",\"name\":\"Krista Bouchey\",\"image\":{\"@type\":\"ImageObject\",\"inLanguage\":\"es-ES\",\"@id\":\"https:\/\/secure.gravatar.com\/avatar\/55520213b4e552fa8135f4e16078d94b4ff2df5da73caf284df5a1280b02195a?s=96&d=mm&r=g\",\"url\":\"https:\/\/secure.gravatar.com\/avatar\/55520213b4e552fa8135f4e16078d94b4ff2df5da73caf284df5a1280b02195a?s=96&d=mm&r=g\",\"contentUrl\":\"https:\/\/secure.gravatar.com\/avatar\/55520213b4e552fa8135f4e16078d94b4ff2df5da73caf284df5a1280b02195a?s=96&d=mm&r=g\",\"caption\":\"Krista Bouchey\"},\"sameAs\":[\"https:\/\/x.com\/OrcasPower\"],\"url\":\"https:\/\/www.opalco.com\/es\/author\/kbouchey\/\"}]}<\/script>\n<!-- \/ Yoast SEO plugin. -->","yoast_head_json":{"title":"Por qu\u00e9 es importante la generaci\u00f3n local: Parte 1 de 3 - OPALCO","robots":{"index":"index","follow":"follow","max-snippet":"max-snippet:-1","max-image-preview":"max-image-preview:large","max-video-preview":"max-video-preview:-1"},"canonical":"https:\/\/www.opalco.com\/es\/por-que-es-importante-la-generacion-local-parte-1-de-3\/2025\/01\/","og_locale":"es_ES","og_type":"article","og_title":"Why Local Generation Is Important: Part 1 of 3 - OPALCO","og_description":"OPALCO has been providing reliable power to the islands since 1937. Electricity is an essential and critical component to the modern-day lifestyles powering our hospitals, grocery stores, heating systems, and &hellip; Read more","og_url":"https:\/\/www.opalco.com\/es\/por-que-es-importante-la-generacion-local-parte-1-de-3\/2025\/01\/","og_site_name":"OPALCO","article_publisher":"https:\/\/www.facebook.com\/orcaspower","article_published_time":"2025-01-08T00:30:32+00:00","article_modified_time":"2025-01-08T21:03:24+00:00","og_image":[{"width":2560,"height":1464,"url":"https:\/\/www.opalco.com\/wp-content\/uploads\/2025\/01\/nw-energy-supply-chart-scaled.jpg","type":"image\/jpeg"}],"author":"Krista Bouchey","twitter_card":"summary_large_image","twitter_creator":"@OrcasPower","twitter_site":"@orcaspower","twitter_misc":{"Written by":"Krista Bouchey","Est. reading time":"6 minutos"},"schema":{"@context":"https:\/\/schema.org","@graph":[{"@type":"Article","@id":"https:\/\/www.opalco.com\/why-local-generation-is-important-part-1-of-3\/2025\/01\/#article","isPartOf":{"@id":"https:\/\/www.opalco.com\/why-local-generation-is-important-part-1-of-3\/2025\/01\/"},"author":{"name":"Krista Bouchey","@id":"https:\/\/www.opalco.com\/#\/schema\/person\/a5686fb5efc9d7787dad40e35b56abad"},"headline":"Why Local Generation Is Important: Part 1 of 3","datePublished":"2025-01-08T00:30:32+00:00","dateModified":"2025-01-08T21:03:24+00:00","mainEntityOfPage":{"@id":"https:\/\/www.opalco.com\/why-local-generation-is-important-part-1-of-3\/2025\/01\/"},"wordCount":1175,"publisher":{"@id":"https:\/\/www.opalco.com\/#organization"},"image":{"@id":"https:\/\/www.opalco.com\/why-local-generation-is-important-part-1-of-3\/2025\/01\/#primaryimage"},"thumbnailUrl":"https:\/\/www.opalco.com\/wp-content\/uploads\/2025\/01\/nw-energy-supply-chart-scaled.jpg","articleSection":["Climate Change","Community Solar","Energy Policy","Membership","Renewable Energy","The Island Way"],"inLanguage":"es-ES"},{"@type":"WebPage","@id":"https:\/\/www.opalco.com\/why-local-generation-is-important-part-1-of-3\/2025\/01\/","url":"https:\/\/www.opalco.com\/why-local-generation-is-important-part-1-of-3\/2025\/01\/","name":"Por qu\u00e9 es importante la generaci\u00f3n local: Parte 1 de 3 - OPALCO","isPartOf":{"@id":"https:\/\/www.opalco.com\/#website"},"primaryImageOfPage":{"@id":"https:\/\/www.opalco.com\/why-local-generation-is-important-part-1-of-3\/2025\/01\/#primaryimage"},"image":{"@id":"https:\/\/www.opalco.com\/why-local-generation-is-important-part-1-of-3\/2025\/01\/#primaryimage"},"thumbnailUrl":"https:\/\/www.opalco.com\/wp-content\/uploads\/2025\/01\/nw-energy-supply-chart-scaled.jpg","datePublished":"2025-01-08T00:30:32+00:00","dateModified":"2025-01-08T21:03:24+00:00","breadcrumb":{"@id":"https:\/\/www.opalco.com\/why-local-generation-is-important-part-1-of-3\/2025\/01\/#breadcrumb"},"inLanguage":"es-ES","potentialAction":[{"@type":"ReadAction","target":["https:\/\/www.opalco.com\/why-local-generation-is-important-part-1-of-3\/2025\/01\/"]}]},{"@type":"ImageObject","inLanguage":"es-ES","@id":"https:\/\/www.opalco.com\/why-local-generation-is-important-part-1-of-3\/2025\/01\/#primaryimage","url":"https:\/\/www.opalco.com\/wp-content\/uploads\/2025\/01\/nw-energy-supply-chart-scaled.jpg","contentUrl":"https:\/\/www.opalco.com\/wp-content\/uploads\/2025\/01\/nw-energy-supply-chart-scaled.jpg","width":2560,"height":1464,"caption":"supply chart"},{"@type":"BreadcrumbList","@id":"https:\/\/www.opalco.com\/why-local-generation-is-important-part-1-of-3\/2025\/01\/#breadcrumb","itemListElement":[{"@type":"ListItem","position":1,"name":"Home","item":"https:\/\/www.opalco.com\/"},{"@type":"ListItem","position":2,"name":"Why Local Generation Is Important: Part 1 of 3"}]},{"@type":"WebSite","@id":"https:\/\/www.opalco.com\/#website","url":"https:\/\/www.opalco.com\/","name":"OPALCO","description":"Cooperativa de energ\u00eda y luz Orcas","publisher":{"@id":"https:\/\/www.opalco.com\/#organization"},"potentialAction":[{"@type":"SearchAction","target":{"@type":"EntryPoint","urlTemplate":"https:\/\/www.opalco.com\/?s={search_term_string}"},"query-input":{"@type":"PropertyValueSpecification","valueRequired":true,"valueName":"search_term_string"}}],"inLanguage":"es-ES"},{"@type":"Organization","@id":"https:\/\/www.opalco.com\/#organization","name":"Cooperativa de energ\u00eda y luz Orcas","url":"https:\/\/www.opalco.com\/","logo":{"@type":"ImageObject","inLanguage":"es-ES","@id":"https:\/\/www.opalco.com\/#\/schema\/logo\/image\/","url":"https:\/\/www.opalco.com\/wp-content\/uploads\/2015\/10\/09-full-color-logo.jpg","contentUrl":"https:\/\/www.opalco.com\/wp-content\/uploads\/2015\/10\/09-full-color-logo.jpg","width":788,"height":624,"caption":"Orcas Power & Light Cooperative"},"image":{"@id":"https:\/\/www.opalco.com\/#\/schema\/logo\/image\/"},"sameAs":["https:\/\/www.facebook.com\/orcaspower","https:\/\/x.com\/orcaspower"]},{"@type":"Person","@id":"https:\/\/www.opalco.com\/#\/schema\/person\/a5686fb5efc9d7787dad40e35b56abad","name":"Krista Bouchey","image":{"@type":"ImageObject","inLanguage":"es-ES","@id":"https:\/\/secure.gravatar.com\/avatar\/55520213b4e552fa8135f4e16078d94b4ff2df5da73caf284df5a1280b02195a?s=96&d=mm&r=g","url":"https:\/\/secure.gravatar.com\/avatar\/55520213b4e552fa8135f4e16078d94b4ff2df5da73caf284df5a1280b02195a?s=96&d=mm&r=g","contentUrl":"https:\/\/secure.gravatar.com\/avatar\/55520213b4e552fa8135f4e16078d94b4ff2df5da73caf284df5a1280b02195a?s=96&d=mm&r=g","caption":"Krista Bouchey"},"sameAs":["https:\/\/x.com\/OrcasPower"],"url":"https:\/\/www.opalco.com\/es\/author\/kbouchey\/"}]}},"_links":{"self":[{"href":"https:\/\/www.opalco.com\/es\/wp-json\/wp\/v2\/posts\/22838","targetHints":{"allow":["GET"]}}],"collection":[{"href":"https:\/\/www.opalco.com\/es\/wp-json\/wp\/v2\/posts"}],"about":[{"href":"https:\/\/www.opalco.com\/es\/wp-json\/wp\/v2\/types\/post"}],"author":[{"embeddable":true,"href":"https:\/\/www.opalco.com\/es\/wp-json\/wp\/v2\/users\/34"}],"replies":[{"embeddable":true,"href":"https:\/\/www.opalco.com\/es\/wp-json\/wp\/v2\/comments?post=22838"}],"version-history":[{"count":4,"href":"https:\/\/www.opalco.com\/es\/wp-json\/wp\/v2\/posts\/22838\/revisions"}],"predecessor-version":[{"id":22846,"href":"https:\/\/www.opalco.com\/es\/wp-json\/wp\/v2\/posts\/22838\/revisions\/22846"}],"wp:featuredmedia":[{"embeddable":true,"href":"https:\/\/www.opalco.com\/es\/wp-json\/wp\/v2\/media\/22845"}],"wp:attachment":[{"href":"https:\/\/www.opalco.com\/es\/wp-json\/wp\/v2\/media?parent=22838"}],"wp:term":[{"taxonomy":"category","embeddable":true,"href":"https:\/\/www.opalco.com\/es\/wp-json\/wp\/v2\/categories?post=22838"},{"taxonomy":"post_tag","embeddable":true,"href":"https:\/\/www.opalco.com\/es\/wp-json\/wp\/v2\/tags?post=22838"}],"curies":[{"name":"gracias","href":"https:\/\/api.w.org\/{rel}","templated":true}]}}