{"id":20643,"date":"2024-01-02T09:06:37","date_gmt":"2024-01-02T17:06:37","guid":{"rendered":"https:\/\/www.opalco.com\/?p=20643"},"modified":"2024-01-02T09:06:37","modified_gmt":"2024-01-02T17:06:37","slug":"oficinas-de-opalco-cerradas-los-viernes-abierto-lunes-jueves-8a-5p","status":"publish","type":"post","link":"https:\/\/www.opalco.com\/es\/oficinas-de-opalco-cerradas-los-viernes-abierto-lunes-jueves-8a-5p\/2024\/01\/","title":{"rendered":"Oficinas de OPALCO cerradas los viernes \u2013 Abiertas de lunes a jueves de 8 a. m. a 5 p. m."},"content":{"rendered":"<p>Las oficinas de OPALCO estar\u00e1n cerradas los viernes a partir del 5 de enero.<sup>th<\/sup> y el horario de atenci\u00f3n se ampl\u00eda 30 minutos de lunes a jueves. La mayor\u00eda del personal de OPALCO forma parte de la unidad de negociaci\u00f3n IBEW-77 y se aprob\u00f3 un nuevo contrato el 29 de diciembre de 2023. Los t\u00e9rminos negociados incluyen aumentos salariales para mantenerse al d\u00eda con las normas de la industria y un nuevo contrato 9\/80. <u>semana laboral de 40 horas<\/u> cronograma. Las facturas pagadas en la fecha de vencimiento o antes a trav\u00e9s de los buzones de OPALCO se procesar\u00e1n a tiempo, independientemente del horario de oficina.<\/p>\n<p>El personal trabajar\u00e1 nueve horas al d\u00eda de lunes a jueves, m\u00e1s una jornada laboral de ocho horas un viernes (para ponerse al d\u00eda con las tareas internas) y se tomar\u00e1 los viernes libres alternos cada mes. El nuevo horario equivale a una semana laboral de 40 horas para todos los empleados.<\/p>\n<p>Las negociaciones del contrato han estado en marcha durante meses y una mayor\u00eda de votos cerr\u00f3 el trato el 29 de diciembre.<sup>th<\/sup>. Los trabajadores de servicios p\u00fablicos tienen una gran demanda en la regi\u00f3n y el pa\u00eds y los salarios est\u00e1n aumentando para atraer y retener a trabajadores calificados para operar los complejos sistemas el\u00e9ctricos, especialmente para los trabajadores de l\u00ednea. OPALCO debe seguir siendo competitivo para mantener a nuestros equipos en el condado de San Juan. Con los altos costos de vivienda y la naturaleza remota de la vida en la isla, es muy dif\u00edcil contratar trabajadores de servicios p\u00fablicos calificados.<\/p>\n<p>OPALCO ofrece empleos con salario digno con beneficios de salud y jubilaci\u00f3n a 49 empleados en las islas Orcas, San Juan y L\u00f3pez. El Programa de Aprendices de OPALCO contrata y brinda capacitaci\u00f3n en el trabajo para trabajadores de nivel b\u00e1sico con una fuerte preferencia por candidatos locales. Actualmente, el programa est\u00e1 completo con cuatro aprendices y todos menos uno se criaron en el condado de San Juan. Para vacantes profesionales, vaya a: <a href=\"http:\/\/www.opalco.com\/es\/carreras\/\">www.opalco.com\/careers<\/a>.<\/p>\n<p>Desde COVID-19, el tr\u00e1fico en las oficinas de OPALCO se ha ralentizado y se puede acceder a la mayor\u00eda de las transacciones y la informaci\u00f3n en l\u00ednea en <a href=\"http:\/\/www.opalco.com\/es\/\">www.opalco.com<\/a>. Hay buzones en cada oficina para la presentaci\u00f3n de facturas y las facturas tambi\u00e9n se pueden pagar en l\u00ednea a trav\u00e9s de SmartHub o mediante SecurePay por tel\u00e9fono.<\/p>\n<p>El equipo de OPALCO agradece a sus miembros por su paciencia mientras todos nos adaptamos al nuevo horario.<\/p>","protected":false},"excerpt":{"rendered":"<p>Las oficinas de OPALCO estar\u00e1n cerradas los viernes a partir del 5 de enero y el horario de atenci\u00f3n se ampliar\u00e1 30 minutos de lunes a jueves. La mayor\u00eda del personal de OPALCO es parte del\u2026 <a class=\"co-blog_post--morelink\" href=\"https:\/\/www.opalco.com\/es\/oficinas-de-opalco-cerradas-los-viernes-abierto-lunes-jueves-8a-5p\/2024\/01\/\" aria-label=\"Lea m\u00e1s sobre: Oficinas de OPALCO cerradas los viernes \u2013 Abiertas de lunes a jueves de 8 a. m. a 5 p. m.\">Leer m\u00e1s<\/a><\/p>","protected":false},"author":34,"featured_media":20644,"comment_status":"closed","ping_status":"closed","sticky":false,"template":"","format":"standard","meta":{"_acf_changed":false,"_searchwp_excluded":"","footnotes":""},"categories":[672],"tags":[734,733,731,19,732],"class_list":["post-20643","post","type-post","status-publish","format-standard","has-post-thumbnail","hentry","category-newsroom","tag-careers","tag-jobs","tag-office","tag-opalco-hours","tag-union"],"acf":[],"yoast_head":"<!-- This site is optimized with the Yoast SEO plugin v27.2 - https:\/\/yoast.com\/product\/yoast-seo-wordpress\/ -->\n<title>OPALCO Offices Closed Fridays - Open Mon-Thurs 8a - 5p - OPALCO<\/title>\n<meta name=\"robots\" content=\"index, follow, max-snippet:-1, max-image-preview:large, max-video-preview:-1\" \/>\n<link rel=\"canonical\" href=\"https:\/\/www.opalco.com\/es\/oficinas-de-opalco-cerradas-los-viernes-abierto-lunes-jueves-8a-5p\/2024\/01\/\" \/>\n<meta property=\"og:locale\" content=\"es_ES\" \/>\n<meta property=\"og:type\" content=\"article\" \/>\n<meta property=\"og:title\" content=\"OPALCO Offices Closed Fridays - Open Mon-Thurs 8a - 5p - OPALCO\" \/>\n<meta property=\"og:description\" content=\"OPALCO offices will be closed on Fridays beginning January 5th and open hours are extended by 30 minutes Monday through Thursday. \u00a0The majority of OPALCO staff are part of the &hellip; Read more\" \/>\n<meta property=\"og:url\" content=\"https:\/\/www.opalco.com\/es\/oficinas-de-opalco-cerradas-los-viernes-abierto-lunes-jueves-8a-5p\/2024\/01\/\" \/>\n<meta property=\"og:site_name\" content=\"OPALCO\" \/>\n<meta property=\"article:publisher\" content=\"https:\/\/www.facebook.com\/orcaspower\" \/>\n<meta property=\"article:published_time\" content=\"2024-01-02T17:06:37+00:00\" \/>\n<meta property=\"og:image\" content=\"https:\/\/www.opalco.com\/wp-content\/uploads\/2024\/01\/krista-at-computer-scaled.jpg\" \/>\n\t<meta property=\"og:image:width\" content=\"2560\" \/>\n\t<meta property=\"og:image:height\" content=\"1920\" \/>\n\t<meta property=\"og:image:type\" content=\"image\/jpeg\" \/>\n<meta name=\"author\" content=\"Krista Bouchey\" \/>\n<meta name=\"twitter:card\" content=\"summary_large_image\" \/>\n<meta name=\"twitter:creator\" content=\"@OrcasPower\" \/>\n<meta name=\"twitter:site\" content=\"@orcaspower\" \/>\n<meta name=\"twitter:label1\" content=\"Written by\" \/>\n\t<meta name=\"twitter:data1\" content=\"Krista Bouchey\" \/>\n\t<meta name=\"twitter:label2\" content=\"Est. reading time\" \/>\n\t<meta name=\"twitter:data2\" content=\"2 minutos\" \/>\n<script type=\"application\/ld+json\" class=\"yoast-schema-graph\">{\"@context\":\"https:\/\/schema.org\",\"@graph\":[{\"@type\":\"Article\",\"@id\":\"https:\/\/www.opalco.com\/opalco-offices-closed-fridays-open-mon-thurs-8a-5p\/2024\/01\/#article\",\"isPartOf\":{\"@id\":\"https:\/\/www.opalco.com\/opalco-offices-closed-fridays-open-mon-thurs-8a-5p\/2024\/01\/\"},\"author\":{\"name\":\"Krista Bouchey\",\"@id\":\"https:\/\/www.opalco.com\/#\/schema\/person\/a5686fb5efc9d7787dad40e35b56abad\"},\"headline\":\"OPALCO Offices Closed Fridays &#8211; Open Mon-Thurs 8a &#8211; 5p\",\"datePublished\":\"2024-01-02T17:06:37+00:00\",\"mainEntityOfPage\":{\"@id\":\"https:\/\/www.opalco.com\/opalco-offices-closed-fridays-open-mon-thurs-8a-5p\/2024\/01\/\"},\"wordCount\":342,\"publisher\":{\"@id\":\"https:\/\/www.opalco.com\/#organization\"},\"image\":{\"@id\":\"https:\/\/www.opalco.com\/opalco-offices-closed-fridays-open-mon-thurs-8a-5p\/2024\/01\/#primaryimage\"},\"thumbnailUrl\":\"https:\/\/www.opalco.com\/wp-content\/uploads\/2024\/01\/krista-at-computer-scaled.jpg\",\"keywords\":[\"careers\",\"jobs\",\"office\",\"OPALCO hours\",\"union\"],\"articleSection\":[\"Newsroom\"],\"inLanguage\":\"es-ES\"},{\"@type\":\"WebPage\",\"@id\":\"https:\/\/www.opalco.com\/opalco-offices-closed-fridays-open-mon-thurs-8a-5p\/2024\/01\/\",\"url\":\"https:\/\/www.opalco.com\/opalco-offices-closed-fridays-open-mon-thurs-8a-5p\/2024\/01\/\",\"name\":\"OPALCO Offices Closed Fridays - Open Mon-Thurs 8a - 5p - OPALCO\",\"isPartOf\":{\"@id\":\"https:\/\/www.opalco.com\/#website\"},\"primaryImageOfPage\":{\"@id\":\"https:\/\/www.opalco.com\/opalco-offices-closed-fridays-open-mon-thurs-8a-5p\/2024\/01\/#primaryimage\"},\"image\":{\"@id\":\"https:\/\/www.opalco.com\/opalco-offices-closed-fridays-open-mon-thurs-8a-5p\/2024\/01\/#primaryimage\"},\"thumbnailUrl\":\"https:\/\/www.opalco.com\/wp-content\/uploads\/2024\/01\/krista-at-computer-scaled.jpg\",\"datePublished\":\"2024-01-02T17:06:37+00:00\",\"breadcrumb\":{\"@id\":\"https:\/\/www.opalco.com\/opalco-offices-closed-fridays-open-mon-thurs-8a-5p\/2024\/01\/#breadcrumb\"},\"inLanguage\":\"es-ES\",\"potentialAction\":[{\"@type\":\"ReadAction\",\"target\":[\"https:\/\/www.opalco.com\/opalco-offices-closed-fridays-open-mon-thurs-8a-5p\/2024\/01\/\"]}]},{\"@type\":\"ImageObject\",\"inLanguage\":\"es-ES\",\"@id\":\"https:\/\/www.opalco.com\/opalco-offices-closed-fridays-open-mon-thurs-8a-5p\/2024\/01\/#primaryimage\",\"url\":\"https:\/\/www.opalco.com\/wp-content\/uploads\/2024\/01\/krista-at-computer-scaled.jpg\",\"contentUrl\":\"https:\/\/www.opalco.com\/wp-content\/uploads\/2024\/01\/krista-at-computer-scaled.jpg\",\"width\":2560,\"height\":1920,\"caption\":\"Staff working at computer\"},{\"@type\":\"BreadcrumbList\",\"@id\":\"https:\/\/www.opalco.com\/opalco-offices-closed-fridays-open-mon-thurs-8a-5p\/2024\/01\/#breadcrumb\",\"itemListElement\":[{\"@type\":\"ListItem\",\"position\":1,\"name\":\"Home\",\"item\":\"https:\/\/www.opalco.com\/\"},{\"@type\":\"ListItem\",\"position\":2,\"name\":\"OPALCO Offices Closed Fridays &#8211; Open Mon-Thurs 8a &#8211; 5p\"}]},{\"@type\":\"WebSite\",\"@id\":\"https:\/\/www.opalco.com\/#website\",\"url\":\"https:\/\/www.opalco.com\/\",\"name\":\"OPALCO\",\"description\":\"Orcas Power &amp; Light Co-op\",\"publisher\":{\"@id\":\"https:\/\/www.opalco.com\/#organization\"},\"potentialAction\":[{\"@type\":\"SearchAction\",\"target\":{\"@type\":\"EntryPoint\",\"urlTemplate\":\"https:\/\/www.opalco.com\/?s={search_term_string}\"},\"query-input\":{\"@type\":\"PropertyValueSpecification\",\"valueRequired\":true,\"valueName\":\"search_term_string\"}}],\"inLanguage\":\"es-ES\"},{\"@type\":\"Organization\",\"@id\":\"https:\/\/www.opalco.com\/#organization\",\"name\":\"Orcas Power & Light Cooperative\",\"url\":\"https:\/\/www.opalco.com\/\",\"logo\":{\"@type\":\"ImageObject\",\"inLanguage\":\"es-ES\",\"@id\":\"https:\/\/www.opalco.com\/#\/schema\/logo\/image\/\",\"url\":\"https:\/\/www.opalco.com\/wp-content\/uploads\/2015\/10\/09-full-color-logo.jpg\",\"contentUrl\":\"https:\/\/www.opalco.com\/wp-content\/uploads\/2015\/10\/09-full-color-logo.jpg\",\"width\":788,\"height\":624,\"caption\":\"Orcas Power & Light Cooperative\"},\"image\":{\"@id\":\"https:\/\/www.opalco.com\/#\/schema\/logo\/image\/\"},\"sameAs\":[\"https:\/\/www.facebook.com\/orcaspower\",\"https:\/\/x.com\/orcaspower\"]},{\"@type\":\"Person\",\"@id\":\"https:\/\/www.opalco.com\/#\/schema\/person\/a5686fb5efc9d7787dad40e35b56abad\",\"name\":\"Krista Bouchey\",\"image\":{\"@type\":\"ImageObject\",\"inLanguage\":\"es-ES\",\"@id\":\"https:\/\/secure.gravatar.com\/avatar\/55520213b4e552fa8135f4e16078d94b4ff2df5da73caf284df5a1280b02195a?s=96&d=mm&r=g\",\"url\":\"https:\/\/secure.gravatar.com\/avatar\/55520213b4e552fa8135f4e16078d94b4ff2df5da73caf284df5a1280b02195a?s=96&d=mm&r=g\",\"contentUrl\":\"https:\/\/secure.gravatar.com\/avatar\/55520213b4e552fa8135f4e16078d94b4ff2df5da73caf284df5a1280b02195a?s=96&d=mm&r=g\",\"caption\":\"Krista Bouchey\"},\"sameAs\":[\"https:\/\/x.com\/OrcasPower\"],\"url\":\"https:\/\/www.opalco.com\/es\/author\/kbouchey\/\"}]}<\/script>\n<!-- \/ Yoast SEO plugin. -->","yoast_head_json":{"title":"Oficinas de OPALCO cerradas los viernes - Abiertas de lunes a jueves de 8 a. m. a 5 p. m. - OPALCO","robots":{"index":"index","follow":"follow","max-snippet":"max-snippet:-1","max-image-preview":"max-image-preview:large","max-video-preview":"max-video-preview:-1"},"canonical":"https:\/\/www.opalco.com\/es\/oficinas-de-opalco-cerradas-los-viernes-abierto-lunes-jueves-8a-5p\/2024\/01\/","og_locale":"es_ES","og_type":"article","og_title":"OPALCO Offices Closed Fridays - Open Mon-Thurs 8a - 5p - OPALCO","og_description":"OPALCO offices will be closed on Fridays beginning January 5th and open hours are extended by 30 minutes Monday through Thursday. \u00a0The majority of OPALCO staff are part of the &hellip; Read more","og_url":"https:\/\/www.opalco.com\/es\/oficinas-de-opalco-cerradas-los-viernes-abierto-lunes-jueves-8a-5p\/2024\/01\/","og_site_name":"OPALCO","article_publisher":"https:\/\/www.facebook.com\/orcaspower","article_published_time":"2024-01-02T17:06:37+00:00","og_image":[{"width":2560,"height":1920,"url":"https:\/\/www.opalco.com\/wp-content\/uploads\/2024\/01\/krista-at-computer-scaled.jpg","type":"image\/jpeg"}],"author":"Krista Bouchey","twitter_card":"summary_large_image","twitter_creator":"@OrcasPower","twitter_site":"@orcaspower","twitter_misc":{"Written by":"Krista Bouchey","Est. reading time":"2 minutos"},"schema":{"@context":"https:\/\/schema.org","@graph":[{"@type":"Article","@id":"https:\/\/www.opalco.com\/opalco-offices-closed-fridays-open-mon-thurs-8a-5p\/2024\/01\/#article","isPartOf":{"@id":"https:\/\/www.opalco.com\/opalco-offices-closed-fridays-open-mon-thurs-8a-5p\/2024\/01\/"},"author":{"name":"Krista Bouchey","@id":"https:\/\/www.opalco.com\/#\/schema\/person\/a5686fb5efc9d7787dad40e35b56abad"},"headline":"OPALCO Offices Closed Fridays &#8211; Open Mon-Thurs 8a &#8211; 5p","datePublished":"2024-01-02T17:06:37+00:00","mainEntityOfPage":{"@id":"https:\/\/www.opalco.com\/opalco-offices-closed-fridays-open-mon-thurs-8a-5p\/2024\/01\/"},"wordCount":342,"publisher":{"@id":"https:\/\/www.opalco.com\/#organization"},"image":{"@id":"https:\/\/www.opalco.com\/opalco-offices-closed-fridays-open-mon-thurs-8a-5p\/2024\/01\/#primaryimage"},"thumbnailUrl":"https:\/\/www.opalco.com\/wp-content\/uploads\/2024\/01\/krista-at-computer-scaled.jpg","keywords":["careers","jobs","office","OPALCO hours","union"],"articleSection":["Newsroom"],"inLanguage":"es-ES"},{"@type":"WebPage","@id":"https:\/\/www.opalco.com\/opalco-offices-closed-fridays-open-mon-thurs-8a-5p\/2024\/01\/","url":"https:\/\/www.opalco.com\/opalco-offices-closed-fridays-open-mon-thurs-8a-5p\/2024\/01\/","name":"Oficinas de OPALCO cerradas los viernes - Abiertas de lunes a jueves de 8 a. m. a 5 p. m. - OPALCO","isPartOf":{"@id":"https:\/\/www.opalco.com\/#website"},"primaryImageOfPage":{"@id":"https:\/\/www.opalco.com\/opalco-offices-closed-fridays-open-mon-thurs-8a-5p\/2024\/01\/#primaryimage"},"image":{"@id":"https:\/\/www.opalco.com\/opalco-offices-closed-fridays-open-mon-thurs-8a-5p\/2024\/01\/#primaryimage"},"thumbnailUrl":"https:\/\/www.opalco.com\/wp-content\/uploads\/2024\/01\/krista-at-computer-scaled.jpg","datePublished":"2024-01-02T17:06:37+00:00","breadcrumb":{"@id":"https:\/\/www.opalco.com\/opalco-offices-closed-fridays-open-mon-thurs-8a-5p\/2024\/01\/#breadcrumb"},"inLanguage":"es-ES","potentialAction":[{"@type":"ReadAction","target":["https:\/\/www.opalco.com\/opalco-offices-closed-fridays-open-mon-thurs-8a-5p\/2024\/01\/"]}]},{"@type":"ImageObject","inLanguage":"es-ES","@id":"https:\/\/www.opalco.com\/opalco-offices-closed-fridays-open-mon-thurs-8a-5p\/2024\/01\/#primaryimage","url":"https:\/\/www.opalco.com\/wp-content\/uploads\/2024\/01\/krista-at-computer-scaled.jpg","contentUrl":"https:\/\/www.opalco.com\/wp-content\/uploads\/2024\/01\/krista-at-computer-scaled.jpg","width":2560,"height":1920,"caption":"Staff working at computer"},{"@type":"BreadcrumbList","@id":"https:\/\/www.opalco.com\/opalco-offices-closed-fridays-open-mon-thurs-8a-5p\/2024\/01\/#breadcrumb","itemListElement":[{"@type":"ListItem","position":1,"name":"Home","item":"https:\/\/www.opalco.com\/"},{"@type":"ListItem","position":2,"name":"OPALCO Offices Closed Fridays &#8211; Open Mon-Thurs 8a &#8211; 5p"}]},{"@type":"WebSite","@id":"https:\/\/www.opalco.com\/#website","url":"https:\/\/www.opalco.com\/","name":"OPALCO","description":"Cooperativa de energ\u00eda y luz Orcas","publisher":{"@id":"https:\/\/www.opalco.com\/#organization"},"potentialAction":[{"@type":"SearchAction","target":{"@type":"EntryPoint","urlTemplate":"https:\/\/www.opalco.com\/?s={search_term_string}"},"query-input":{"@type":"PropertyValueSpecification","valueRequired":true,"valueName":"search_term_string"}}],"inLanguage":"es-ES"},{"@type":"Organization","@id":"https:\/\/www.opalco.com\/#organization","name":"Cooperativa de energ\u00eda y luz Orcas","url":"https:\/\/www.opalco.com\/","logo":{"@type":"ImageObject","inLanguage":"es-ES","@id":"https:\/\/www.opalco.com\/#\/schema\/logo\/image\/","url":"https:\/\/www.opalco.com\/wp-content\/uploads\/2015\/10\/09-full-color-logo.jpg","contentUrl":"https:\/\/www.opalco.com\/wp-content\/uploads\/2015\/10\/09-full-color-logo.jpg","width":788,"height":624,"caption":"Orcas Power & Light Cooperative"},"image":{"@id":"https:\/\/www.opalco.com\/#\/schema\/logo\/image\/"},"sameAs":["https:\/\/www.facebook.com\/orcaspower","https:\/\/x.com\/orcaspower"]},{"@type":"Person","@id":"https:\/\/www.opalco.com\/#\/schema\/person\/a5686fb5efc9d7787dad40e35b56abad","name":"Krista Bouchey","image":{"@type":"ImageObject","inLanguage":"es-ES","@id":"https:\/\/secure.gravatar.com\/avatar\/55520213b4e552fa8135f4e16078d94b4ff2df5da73caf284df5a1280b02195a?s=96&d=mm&r=g","url":"https:\/\/secure.gravatar.com\/avatar\/55520213b4e552fa8135f4e16078d94b4ff2df5da73caf284df5a1280b02195a?s=96&d=mm&r=g","contentUrl":"https:\/\/secure.gravatar.com\/avatar\/55520213b4e552fa8135f4e16078d94b4ff2df5da73caf284df5a1280b02195a?s=96&d=mm&r=g","caption":"Krista Bouchey"},"sameAs":["https:\/\/x.com\/OrcasPower"],"url":"https:\/\/www.opalco.com\/es\/author\/kbouchey\/"}]}},"_links":{"self":[{"href":"https:\/\/www.opalco.com\/es\/wp-json\/wp\/v2\/posts\/20643","targetHints":{"allow":["GET"]}}],"collection":[{"href":"https:\/\/www.opalco.com\/es\/wp-json\/wp\/v2\/posts"}],"about":[{"href":"https:\/\/www.opalco.com\/es\/wp-json\/wp\/v2\/types\/post"}],"author":[{"embeddable":true,"href":"https:\/\/www.opalco.com\/es\/wp-json\/wp\/v2\/users\/34"}],"replies":[{"embeddable":true,"href":"https:\/\/www.opalco.com\/es\/wp-json\/wp\/v2\/comments?post=20643"}],"version-history":[{"count":1,"href":"https:\/\/www.opalco.com\/es\/wp-json\/wp\/v2\/posts\/20643\/revisions"}],"predecessor-version":[{"id":20645,"href":"https:\/\/www.opalco.com\/es\/wp-json\/wp\/v2\/posts\/20643\/revisions\/20645"}],"wp:featuredmedia":[{"embeddable":true,"href":"https:\/\/www.opalco.com\/es\/wp-json\/wp\/v2\/media\/20644"}],"wp:attachment":[{"href":"https:\/\/www.opalco.com\/es\/wp-json\/wp\/v2\/media?parent=20643"}],"wp:term":[{"taxonomy":"category","embeddable":true,"href":"https:\/\/www.opalco.com\/es\/wp-json\/wp\/v2\/categories?post=20643"},{"taxonomy":"post_tag","embeddable":true,"href":"https:\/\/www.opalco.com\/es\/wp-json\/wp\/v2\/tags?post=20643"}],"curies":[{"name":"gracias","href":"https:\/\/api.w.org\/{rel}","templated":true}]}}