{"id":19351,"date":"2023-02-08T09:44:34","date_gmt":"2023-02-08T17:44:34","guid":{"rendered":"https:\/\/www.opalco.com\/?p=19351"},"modified":"2023-02-08T09:44:34","modified_gmt":"2023-02-08T17:44:34","slug":"egc-anuncia-las-nominaciones-de-candidatos-a-la-junta-directiva-de-opalco-mediante-peticion-que-vence-el-17-de-febrero","status":"publish","type":"post","link":"https:\/\/www.opalco.com\/es\/egc-anuncia-las-nominaciones-de-candidatos-a-la-junta-directiva-de-opalco-mediante-peticion-que-vence-el-17-de-febrero\/2023\/02\/","title":{"rendered":"EGC anuncia los candidatos a la junta directiva de OPALCO: las nominaciones por petici\u00f3n deben presentarse el 17 de febrero"},"content":{"rendered":"<p>El Comit\u00e9 de Gobernanza y Elecciones (EGC) miembro voluntario complet\u00f3 su proceso de nominaciones y seleccion\u00f3 una lista de candidatos para la elecci\u00f3n de la Junta Directiva de OPALCO de 2023. Hay dos puestos vacantes uno en el Distrito 1 (San Juan, et al) y otro en el Distrito 2 (Orcas, et al). Los siguientes fueron nominados por votaci\u00f3n del comit\u00e9:<\/p>\n<ul>\n<li>Distrito 1 (un puesto vacante): Vince Dauciunas<\/li>\n<li>Distrito 2 (un puesto vacante): Rick Christmas y Chuks Onwuneme<\/li>\n<\/ul>\n<p>Todav\u00eda hay tiempo para que los miembros declaren su candidatura para la elecci\u00f3n de la junta directiva. Las nominaciones por petici\u00f3n vencen el 17 de febrero de 2023 a las 12:00 PT (mediod\u00eda). Los miembros de la cooperativa de los Distritos 1 o 2 pueden presentar su candidatura 1) recopilando no menos de 20 nombres y firmas de miembros aut\u00e9nticos de OPALCO que viven en su distrito en una petici\u00f3n; y 2) completar los formularios de nominaciones en\u00a0<a href=\"https:\/\/www.opalco.com\/es\/solicitud-de-candidato\/\">https:\/\/www.opalco.com\/candidate-application\/<\/a>. La lista final de candidatos se publicar\u00e1 en el sitio web de OPALCO el 4 de marzo.<\/p>\n<p>Obtenga m\u00e1s informaci\u00f3n sobre el proceso de nominaciones de OPALCO en l\u00ednea: www.opalco.com\/why-run. TODOS los miembros de OPALCO votan en todas las elecciones independientemente de su distrito de origen. Puede leer m\u00e1s sobre los candidatos en el centro electoral de OPALCO: www.opalco.com\/election-hub\/.<\/p>\n<p>Un foro virtual de candidatos est\u00e1 programado para el 9 de marzo a trav\u00e9s de Zoom. Puedes registrarte para asistir ingresando a <a href=\"http:\/\/www.opalco.com\/es\/eventos\/\">www.opalco.com\/eventos<\/a>. Las boletas y los materiales de votaci\u00f3n se enviar\u00e1n a los miembros el 10 de marzo, d\u00eda de apertura de las elecciones, y tambi\u00e9n se publicar\u00e1n en l\u00ednea en www.opalco.com. OPALCO debe hacer que 10% de sus miembros participen en las elecciones cada a\u00f1o y fomentar\u00e1 una mayor participaci\u00f3n enviando boletas en papel a cada miembro, adem\u00e1s de boletas por correo electr\u00f3nico para aquellos que las hayan solicitado. Nuestro proveedor de elecciones externo se asegurar\u00e1 de contar el voto de cada membres\u00eda solo una vez (los miembros solo votan una vez independientemente de cu\u00e1ntos medidores tengan). Las boletas deben entregarse en l\u00ednea o por correo a m\u00e1s tardar a las 10:00 am (hora del Pac\u00edfico) del 26 de abril. Los resultados de las elecciones se anunciar\u00e1n el s\u00e1bado 29 de abril en la Reuni\u00f3n Anual de OPALCO (que ser\u00e1 virtual este a\u00f1o).<\/p>\n<p>Los miembros actuales del Comit\u00e9 de Elecciones y Gobernanza (EGC) son Doug Marshall, Rick Fant, Rob Thesman, Ray Glaze, Bill Appel, Doug Rowan y Bill Severson. Hay posiciones abiertas en el CGE. Para obtener m\u00e1s informaci\u00f3n sobre el EGC o para postularse para unirse al comit\u00e9 de voluntarios, env\u00ede un correo electr\u00f3nico a comunicaciones@opalco.com.<\/p>","protected":false},"excerpt":{"rendered":"<p>El Comit\u00e9 de Gobernanza y Elecciones (EGC) miembro voluntario complet\u00f3 su proceso de nominaciones y seleccion\u00f3 una lista de candidatos para la elecci\u00f3n de la Junta Directiva de OPALCO de 2023. Hay dos \u2026 <a class=\"co-blog_post--morelink\" href=\"https:\/\/www.opalco.com\/es\/egc-anuncia-las-nominaciones-de-candidatos-a-la-junta-directiva-de-opalco-mediante-peticion-que-vence-el-17-de-febrero\/2023\/02\/\" aria-label=\"Lea m\u00e1s sobre: EGC anuncia candidatos a la junta directiva de OPALCO: las nominaciones por petici\u00f3n deben presentarse el 17 de febrero\">Leer m\u00e1s<\/a><\/p>","protected":false},"author":34,"featured_media":19352,"comment_status":"closed","ping_status":"closed","sticky":false,"template":"","format":"standard","meta":{"_acf_changed":false,"_searchwp_excluded":"","footnotes":""},"categories":[29,30,219,38,672],"tags":[],"class_list":["post-19351","post","type-post","status-publish","format-standard","has-post-thumbnail","hentry","category-board","category-board-news","category-election","category-events","category-newsroom"],"acf":[],"yoast_head":"<!-- This site is optimized with the Yoast SEO plugin v27.2 - https:\/\/yoast.com\/product\/yoast-seo-wordpress\/ -->\n<title>EGC Announces OPALCO Board Candidates - Nominations by Petition Due February 17th - OPALCO<\/title>\n<meta name=\"robots\" content=\"index, follow, max-snippet:-1, max-image-preview:large, max-video-preview:-1\" \/>\n<link rel=\"canonical\" href=\"https:\/\/www.opalco.com\/es\/egc-anuncia-las-nominaciones-de-candidatos-a-la-junta-directiva-de-opalco-mediante-peticion-que-vence-el-17-de-febrero\/2023\/02\/\" \/>\n<meta property=\"og:locale\" content=\"es_ES\" \/>\n<meta property=\"og:type\" content=\"article\" \/>\n<meta property=\"og:title\" content=\"EGC Announces OPALCO Board Candidates - Nominations by Petition Due February 17th - OPALCO\" \/>\n<meta property=\"og:description\" content=\"The volunteer member Elections &amp; Governance Committee (EGC) has completed their nominations process and selected a slate of candidates for the 2023 OPALCO Board of Directors election. There are two &hellip; Read more\" \/>\n<meta property=\"og:url\" content=\"https:\/\/www.opalco.com\/es\/egc-anuncia-las-nominaciones-de-candidatos-a-la-junta-directiva-de-opalco-mediante-peticion-que-vence-el-17-de-febrero\/2023\/02\/\" \/>\n<meta property=\"og:site_name\" content=\"OPALCO\" \/>\n<meta property=\"article:publisher\" content=\"https:\/\/www.facebook.com\/orcaspower\" \/>\n<meta property=\"article:published_time\" content=\"2023-02-08T17:44:34+00:00\" \/>\n<meta property=\"og:image\" content=\"https:\/\/www.opalco.com\/wp-content\/uploads\/2023\/02\/SCARLETTVOTE670.jpg\" \/>\n\t<meta property=\"og:image:width\" content=\"670\" \/>\n\t<meta property=\"og:image:height\" content=\"447\" \/>\n\t<meta property=\"og:image:type\" content=\"image\/jpeg\" \/>\n<meta name=\"author\" content=\"Krista Bouchey\" \/>\n<meta name=\"twitter:card\" content=\"summary_large_image\" \/>\n<meta name=\"twitter:creator\" content=\"@OrcasPower\" \/>\n<meta name=\"twitter:site\" content=\"@orcaspower\" \/>\n<meta name=\"twitter:label1\" content=\"Written by\" \/>\n\t<meta name=\"twitter:data1\" content=\"Krista Bouchey\" \/>\n\t<meta name=\"twitter:label2\" content=\"Est. reading time\" \/>\n\t<meta name=\"twitter:data2\" content=\"2 minutos\" \/>\n<script type=\"application\/ld+json\" class=\"yoast-schema-graph\">{\"@context\":\"https:\/\/schema.org\",\"@graph\":[{\"@type\":\"Article\",\"@id\":\"https:\/\/www.opalco.com\/egc-announces-opalco-board-candidates-nominations-by-petition-due-february-17th\/2023\/02\/#article\",\"isPartOf\":{\"@id\":\"https:\/\/www.opalco.com\/egc-announces-opalco-board-candidates-nominations-by-petition-due-february-17th\/2023\/02\/\"},\"author\":{\"name\":\"Krista Bouchey\",\"@id\":\"https:\/\/www.opalco.com\/#\/schema\/person\/a5686fb5efc9d7787dad40e35b56abad\"},\"headline\":\"EGC Announces OPALCO Board Candidates &#8211; Nominations by Petition Due February 17th\",\"datePublished\":\"2023-02-08T17:44:34+00:00\",\"mainEntityOfPage\":{\"@id\":\"https:\/\/www.opalco.com\/egc-announces-opalco-board-candidates-nominations-by-petition-due-february-17th\/2023\/02\/\"},\"wordCount\":399,\"publisher\":{\"@id\":\"https:\/\/www.opalco.com\/#organization\"},\"image\":{\"@id\":\"https:\/\/www.opalco.com\/egc-announces-opalco-board-candidates-nominations-by-petition-due-february-17th\/2023\/02\/#primaryimage\"},\"thumbnailUrl\":\"https:\/\/www.opalco.com\/wp-content\/uploads\/2023\/02\/SCARLETTVOTE670.jpg\",\"articleSection\":[\"Board\",\"Board News\",\"Election\",\"Events\",\"Newsroom\"],\"inLanguage\":\"es-ES\"},{\"@type\":\"WebPage\",\"@id\":\"https:\/\/www.opalco.com\/egc-announces-opalco-board-candidates-nominations-by-petition-due-february-17th\/2023\/02\/\",\"url\":\"https:\/\/www.opalco.com\/egc-announces-opalco-board-candidates-nominations-by-petition-due-february-17th\/2023\/02\/\",\"name\":\"EGC Announces OPALCO Board Candidates - Nominations by Petition Due February 17th - OPALCO\",\"isPartOf\":{\"@id\":\"https:\/\/www.opalco.com\/#website\"},\"primaryImageOfPage\":{\"@id\":\"https:\/\/www.opalco.com\/egc-announces-opalco-board-candidates-nominations-by-petition-due-february-17th\/2023\/02\/#primaryimage\"},\"image\":{\"@id\":\"https:\/\/www.opalco.com\/egc-announces-opalco-board-candidates-nominations-by-petition-due-february-17th\/2023\/02\/#primaryimage\"},\"thumbnailUrl\":\"https:\/\/www.opalco.com\/wp-content\/uploads\/2023\/02\/SCARLETTVOTE670.jpg\",\"datePublished\":\"2023-02-08T17:44:34+00:00\",\"breadcrumb\":{\"@id\":\"https:\/\/www.opalco.com\/egc-announces-opalco-board-candidates-nominations-by-petition-due-february-17th\/2023\/02\/#breadcrumb\"},\"inLanguage\":\"es-ES\",\"potentialAction\":[{\"@type\":\"ReadAction\",\"target\":[\"https:\/\/www.opalco.com\/egc-announces-opalco-board-candidates-nominations-by-petition-due-february-17th\/2023\/02\/\"]}]},{\"@type\":\"ImageObject\",\"inLanguage\":\"es-ES\",\"@id\":\"https:\/\/www.opalco.com\/egc-announces-opalco-board-candidates-nominations-by-petition-due-february-17th\/2023\/02\/#primaryimage\",\"url\":\"https:\/\/www.opalco.com\/wp-content\/uploads\/2023\/02\/SCARLETTVOTE670.jpg\",\"contentUrl\":\"https:\/\/www.opalco.com\/wp-content\/uploads\/2023\/02\/SCARLETTVOTE670.jpg\",\"width\":670,\"height\":447,\"caption\":\"vote\"},{\"@type\":\"BreadcrumbList\",\"@id\":\"https:\/\/www.opalco.com\/egc-announces-opalco-board-candidates-nominations-by-petition-due-february-17th\/2023\/02\/#breadcrumb\",\"itemListElement\":[{\"@type\":\"ListItem\",\"position\":1,\"name\":\"Home\",\"item\":\"https:\/\/www.opalco.com\/\"},{\"@type\":\"ListItem\",\"position\":2,\"name\":\"EGC Announces OPALCO Board Candidates &#8211; Nominations by Petition Due February 17th\"}]},{\"@type\":\"WebSite\",\"@id\":\"https:\/\/www.opalco.com\/#website\",\"url\":\"https:\/\/www.opalco.com\/\",\"name\":\"OPALCO\",\"description\":\"Orcas Power &amp; Light Co-op\",\"publisher\":{\"@id\":\"https:\/\/www.opalco.com\/#organization\"},\"potentialAction\":[{\"@type\":\"SearchAction\",\"target\":{\"@type\":\"EntryPoint\",\"urlTemplate\":\"https:\/\/www.opalco.com\/?s={search_term_string}\"},\"query-input\":{\"@type\":\"PropertyValueSpecification\",\"valueRequired\":true,\"valueName\":\"search_term_string\"}}],\"inLanguage\":\"es-ES\"},{\"@type\":\"Organization\",\"@id\":\"https:\/\/www.opalco.com\/#organization\",\"name\":\"Orcas Power & Light Cooperative\",\"url\":\"https:\/\/www.opalco.com\/\",\"logo\":{\"@type\":\"ImageObject\",\"inLanguage\":\"es-ES\",\"@id\":\"https:\/\/www.opalco.com\/#\/schema\/logo\/image\/\",\"url\":\"https:\/\/www.opalco.com\/wp-content\/uploads\/2015\/10\/09-full-color-logo.jpg\",\"contentUrl\":\"https:\/\/www.opalco.com\/wp-content\/uploads\/2015\/10\/09-full-color-logo.jpg\",\"width\":788,\"height\":624,\"caption\":\"Orcas Power & Light Cooperative\"},\"image\":{\"@id\":\"https:\/\/www.opalco.com\/#\/schema\/logo\/image\/\"},\"sameAs\":[\"https:\/\/www.facebook.com\/orcaspower\",\"https:\/\/x.com\/orcaspower\"]},{\"@type\":\"Person\",\"@id\":\"https:\/\/www.opalco.com\/#\/schema\/person\/a5686fb5efc9d7787dad40e35b56abad\",\"name\":\"Krista Bouchey\",\"image\":{\"@type\":\"ImageObject\",\"inLanguage\":\"es-ES\",\"@id\":\"https:\/\/secure.gravatar.com\/avatar\/55520213b4e552fa8135f4e16078d94b4ff2df5da73caf284df5a1280b02195a?s=96&d=mm&r=g\",\"url\":\"https:\/\/secure.gravatar.com\/avatar\/55520213b4e552fa8135f4e16078d94b4ff2df5da73caf284df5a1280b02195a?s=96&d=mm&r=g\",\"contentUrl\":\"https:\/\/secure.gravatar.com\/avatar\/55520213b4e552fa8135f4e16078d94b4ff2df5da73caf284df5a1280b02195a?s=96&d=mm&r=g\",\"caption\":\"Krista Bouchey\"},\"sameAs\":[\"https:\/\/x.com\/OrcasPower\"],\"url\":\"https:\/\/www.opalco.com\/es\/author\/kbouchey\/\"}]}<\/script>\n<!-- \/ Yoast SEO plugin. -->","yoast_head_json":{"title":"EGC anuncia los candidatos a la junta directiva de OPALCO - Las nominaciones por petici\u00f3n deben presentarse el 17 de febrero - OPALCO","robots":{"index":"index","follow":"follow","max-snippet":"max-snippet:-1","max-image-preview":"max-image-preview:large","max-video-preview":"max-video-preview:-1"},"canonical":"https:\/\/www.opalco.com\/es\/egc-anuncia-las-nominaciones-de-candidatos-a-la-junta-directiva-de-opalco-mediante-peticion-que-vence-el-17-de-febrero\/2023\/02\/","og_locale":"es_ES","og_type":"article","og_title":"EGC Announces OPALCO Board Candidates - Nominations by Petition Due February 17th - OPALCO","og_description":"The volunteer member Elections &amp; Governance Committee (EGC) has completed their nominations process and selected a slate of candidates for the 2023 OPALCO Board of Directors election. There are two &hellip; Read more","og_url":"https:\/\/www.opalco.com\/es\/egc-anuncia-las-nominaciones-de-candidatos-a-la-junta-directiva-de-opalco-mediante-peticion-que-vence-el-17-de-febrero\/2023\/02\/","og_site_name":"OPALCO","article_publisher":"https:\/\/www.facebook.com\/orcaspower","article_published_time":"2023-02-08T17:44:34+00:00","og_image":[{"width":670,"height":447,"url":"https:\/\/www.opalco.com\/wp-content\/uploads\/2023\/02\/SCARLETTVOTE670.jpg","type":"image\/jpeg"}],"author":"Krista Bouchey","twitter_card":"summary_large_image","twitter_creator":"@OrcasPower","twitter_site":"@orcaspower","twitter_misc":{"Written by":"Krista Bouchey","Est. reading time":"2 minutos"},"schema":{"@context":"https:\/\/schema.org","@graph":[{"@type":"Article","@id":"https:\/\/www.opalco.com\/egc-announces-opalco-board-candidates-nominations-by-petition-due-february-17th\/2023\/02\/#article","isPartOf":{"@id":"https:\/\/www.opalco.com\/egc-announces-opalco-board-candidates-nominations-by-petition-due-february-17th\/2023\/02\/"},"author":{"name":"Krista Bouchey","@id":"https:\/\/www.opalco.com\/#\/schema\/person\/a5686fb5efc9d7787dad40e35b56abad"},"headline":"EGC Announces OPALCO Board Candidates &#8211; Nominations by Petition Due February 17th","datePublished":"2023-02-08T17:44:34+00:00","mainEntityOfPage":{"@id":"https:\/\/www.opalco.com\/egc-announces-opalco-board-candidates-nominations-by-petition-due-february-17th\/2023\/02\/"},"wordCount":399,"publisher":{"@id":"https:\/\/www.opalco.com\/#organization"},"image":{"@id":"https:\/\/www.opalco.com\/egc-announces-opalco-board-candidates-nominations-by-petition-due-february-17th\/2023\/02\/#primaryimage"},"thumbnailUrl":"https:\/\/www.opalco.com\/wp-content\/uploads\/2023\/02\/SCARLETTVOTE670.jpg","articleSection":["Board","Board News","Election","Events","Newsroom"],"inLanguage":"es-ES"},{"@type":"WebPage","@id":"https:\/\/www.opalco.com\/egc-announces-opalco-board-candidates-nominations-by-petition-due-february-17th\/2023\/02\/","url":"https:\/\/www.opalco.com\/egc-announces-opalco-board-candidates-nominations-by-petition-due-february-17th\/2023\/02\/","name":"EGC anuncia los candidatos a la junta directiva de OPALCO - Las nominaciones por petici\u00f3n deben presentarse el 17 de febrero - OPALCO","isPartOf":{"@id":"https:\/\/www.opalco.com\/#website"},"primaryImageOfPage":{"@id":"https:\/\/www.opalco.com\/egc-announces-opalco-board-candidates-nominations-by-petition-due-february-17th\/2023\/02\/#primaryimage"},"image":{"@id":"https:\/\/www.opalco.com\/egc-announces-opalco-board-candidates-nominations-by-petition-due-february-17th\/2023\/02\/#primaryimage"},"thumbnailUrl":"https:\/\/www.opalco.com\/wp-content\/uploads\/2023\/02\/SCARLETTVOTE670.jpg","datePublished":"2023-02-08T17:44:34+00:00","breadcrumb":{"@id":"https:\/\/www.opalco.com\/egc-announces-opalco-board-candidates-nominations-by-petition-due-february-17th\/2023\/02\/#breadcrumb"},"inLanguage":"es-ES","potentialAction":[{"@type":"ReadAction","target":["https:\/\/www.opalco.com\/egc-announces-opalco-board-candidates-nominations-by-petition-due-february-17th\/2023\/02\/"]}]},{"@type":"ImageObject","inLanguage":"es-ES","@id":"https:\/\/www.opalco.com\/egc-announces-opalco-board-candidates-nominations-by-petition-due-february-17th\/2023\/02\/#primaryimage","url":"https:\/\/www.opalco.com\/wp-content\/uploads\/2023\/02\/SCARLETTVOTE670.jpg","contentUrl":"https:\/\/www.opalco.com\/wp-content\/uploads\/2023\/02\/SCARLETTVOTE670.jpg","width":670,"height":447,"caption":"vote"},{"@type":"BreadcrumbList","@id":"https:\/\/www.opalco.com\/egc-announces-opalco-board-candidates-nominations-by-petition-due-february-17th\/2023\/02\/#breadcrumb","itemListElement":[{"@type":"ListItem","position":1,"name":"Home","item":"https:\/\/www.opalco.com\/"},{"@type":"ListItem","position":2,"name":"EGC Announces OPALCO Board Candidates &#8211; Nominations by Petition Due February 17th"}]},{"@type":"WebSite","@id":"https:\/\/www.opalco.com\/#website","url":"https:\/\/www.opalco.com\/","name":"OPALCO","description":"Cooperativa de energ\u00eda y luz Orcas","publisher":{"@id":"https:\/\/www.opalco.com\/#organization"},"potentialAction":[{"@type":"SearchAction","target":{"@type":"EntryPoint","urlTemplate":"https:\/\/www.opalco.com\/?s={search_term_string}"},"query-input":{"@type":"PropertyValueSpecification","valueRequired":true,"valueName":"search_term_string"}}],"inLanguage":"es-ES"},{"@type":"Organization","@id":"https:\/\/www.opalco.com\/#organization","name":"Cooperativa de energ\u00eda y luz Orcas","url":"https:\/\/www.opalco.com\/","logo":{"@type":"ImageObject","inLanguage":"es-ES","@id":"https:\/\/www.opalco.com\/#\/schema\/logo\/image\/","url":"https:\/\/www.opalco.com\/wp-content\/uploads\/2015\/10\/09-full-color-logo.jpg","contentUrl":"https:\/\/www.opalco.com\/wp-content\/uploads\/2015\/10\/09-full-color-logo.jpg","width":788,"height":624,"caption":"Orcas Power & Light Cooperative"},"image":{"@id":"https:\/\/www.opalco.com\/#\/schema\/logo\/image\/"},"sameAs":["https:\/\/www.facebook.com\/orcaspower","https:\/\/x.com\/orcaspower"]},{"@type":"Person","@id":"https:\/\/www.opalco.com\/#\/schema\/person\/a5686fb5efc9d7787dad40e35b56abad","name":"Krista Bouchey","image":{"@type":"ImageObject","inLanguage":"es-ES","@id":"https:\/\/secure.gravatar.com\/avatar\/55520213b4e552fa8135f4e16078d94b4ff2df5da73caf284df5a1280b02195a?s=96&d=mm&r=g","url":"https:\/\/secure.gravatar.com\/avatar\/55520213b4e552fa8135f4e16078d94b4ff2df5da73caf284df5a1280b02195a?s=96&d=mm&r=g","contentUrl":"https:\/\/secure.gravatar.com\/avatar\/55520213b4e552fa8135f4e16078d94b4ff2df5da73caf284df5a1280b02195a?s=96&d=mm&r=g","caption":"Krista Bouchey"},"sameAs":["https:\/\/x.com\/OrcasPower"],"url":"https:\/\/www.opalco.com\/es\/author\/kbouchey\/"}]}},"_links":{"self":[{"href":"https:\/\/www.opalco.com\/es\/wp-json\/wp\/v2\/posts\/19351","targetHints":{"allow":["GET"]}}],"collection":[{"href":"https:\/\/www.opalco.com\/es\/wp-json\/wp\/v2\/posts"}],"about":[{"href":"https:\/\/www.opalco.com\/es\/wp-json\/wp\/v2\/types\/post"}],"author":[{"embeddable":true,"href":"https:\/\/www.opalco.com\/es\/wp-json\/wp\/v2\/users\/34"}],"replies":[{"embeddable":true,"href":"https:\/\/www.opalco.com\/es\/wp-json\/wp\/v2\/comments?post=19351"}],"version-history":[{"count":1,"href":"https:\/\/www.opalco.com\/es\/wp-json\/wp\/v2\/posts\/19351\/revisions"}],"predecessor-version":[{"id":19353,"href":"https:\/\/www.opalco.com\/es\/wp-json\/wp\/v2\/posts\/19351\/revisions\/19353"}],"wp:featuredmedia":[{"embeddable":true,"href":"https:\/\/www.opalco.com\/es\/wp-json\/wp\/v2\/media\/19352"}],"wp:attachment":[{"href":"https:\/\/www.opalco.com\/es\/wp-json\/wp\/v2\/media?parent=19351"}],"wp:term":[{"taxonomy":"category","embeddable":true,"href":"https:\/\/www.opalco.com\/es\/wp-json\/wp\/v2\/categories?post=19351"},{"taxonomy":"post_tag","embeddable":true,"href":"https:\/\/www.opalco.com\/es\/wp-json\/wp\/v2\/tags?post=19351"}],"curies":[{"name":"gracias","href":"https:\/\/api.w.org\/{rel}","templated":true}]}}