{"id":19086,"date":"2022-12-23T14:20:43","date_gmt":"2022-12-23T22:20:43","guid":{"rendered":"https:\/\/www.opalco.com\/?p=19086"},"modified":"2022-12-23T14:21:20","modified_gmt":"2022-12-23T22:21:20","slug":"el-clima-invernal-extremo-provoca-un-corte-de-energia-de-10-horas-en-todo-el-condado","status":"publish","type":"post","link":"https:\/\/www.opalco.com\/es\/el-clima-invernal-extremo-provoca-un-corte-de-energia-de-10-horas-en-todo-el-condado\/2022\/12\/","title":{"rendered":"El clima invernal extremo provoca un corte de energ\u00eda de aproximadamente 10 horas en todo el condado"},"content":{"rendered":"<p>Justo antes de las 5 pm del jueves 22 de diciembre, cuando las temperaturas bajaron a 20 grados, un alimentador el\u00e9ctrico continental que daba servicio al condado de San Juan se qued\u00f3 sin energ\u00eda. Poco despu\u00e9s del corte de energ\u00eda, el equipo de Bonneville Power (BPA) ayud\u00f3 a identificar la causa del corte, que fue un equipo defectuoso en el sistema de transmisi\u00f3n de Puget Sound Energy (PSE). Los equipos de OPALCO fueron llamados y permanecieron en espera hasta que se completaran las reparaciones en el continente.<\/p>\n<p>El equipo de OPALCO esper\u00f3 8 horas hasta que los equipos de PSE respondieran y completaran el trabajo en la alimentaci\u00f3n continental. Durante toda la noche y hasta altas horas de la madrugada, OPALCO estuvo en comunicaci\u00f3n constante con BPA y PSE para coordinar el trabajo de interrupci\u00f3n.<\/p>\n<p>A las 2:10 am, se reenergiz\u00f3 la energ\u00eda continental a las islas y OPALCO comenz\u00f3 a restablecer la energ\u00eda a la isla. Hicieron esto en fases para ayudar a proteger el sistema. Cuando se corta la energ\u00eda durante temperaturas tan extremas, la red debe administrarse con cuidado, ya que recoger una carga tan pesada demasiado r\u00e1pido sobrecargar\u00e1 el sistema. Dado que el apag\u00f3n en el continente dur\u00f3 tanto y las temperaturas exteriores se mantuvieron tan bajas, partes del sistema OPALCO se sobrecargaron, lo que provoc\u00f3 apagones m\u00e1s peque\u00f1os en los vecindarios. Aproximadamente 1200 metros permanecieron sin electricidad durante la noche mientras los equipos de OPALCO trabajaban para reparar y restaurar los cortes localizados del sistema. El viernes por la tarde, la mayor\u00eda de los miembros de OPALCO hab\u00edan restablecido el suministro el\u00e9ctrico.<\/p>\n<p>Este corte prolongado es un buen recordatorio para estar preparado para eventos de emergencia. Visite el Departamento de Manejo de Emergencias (https:\/\/www.islandsready.org\/) para obtener excelentes consejos sobre c\u00f3mo estar preparado para una variedad de situaciones. En caso de cortes de energ\u00eda, aseg\u00farese de tener bater\u00edas de respaldo, especialmente para equipos m\u00e9dicos cr\u00edticos y tel\u00e9fonos celulares, linternas y alimentos no perecederos (consulte la lista completa de verificaci\u00f3n de preparaci\u00f3n para cortes en www.opalco.com).<\/p>\n<p>Una vez que se produce un apag\u00f3n, el personal de OPALCO actualiza las redes sociales, el sitio web de OPALCO y el sistema telef\u00f3nico. Obtenga su informaci\u00f3n directamente de OPALCO, ya que otras fuentes pueden proporcionar informaci\u00f3n enga\u00f1osa o inexacta. Los tiempos de restauraci\u00f3n y las causas de las interrupciones son dif\u00edciles de comunicar mientras las cuadrillas est\u00e1n en el campo solucionando la interrupci\u00f3n en condiciones extremadamente desafiantes. El equipo a menudo no sabe el alcance del da\u00f1o hasta que est\u00e1n a punto de solucionarlo y pueden surgir problemas adicionales a medida que avanza la interrupci\u00f3n.<\/p>\n<p>OPALCO agradece la paciencia de los miembros durante estos tiempos dif\u00edciles. OPALCO est\u00e1 incre\u00edblemente agradecido con nuestro talentoso equipo de l\u00ednea y su compromiso de mantener nuestras luces encendidas.<\/p>","protected":false},"excerpt":{"rendered":"<p>Justo antes de las 5 pm del jueves 22 de diciembre, cuando las temperaturas bajaron a 20 grados, un alimentador el\u00e9ctrico continental que daba servicio al condado de San Juan se qued\u00f3 sin energ\u00eda. Poco despu\u00e9s se fue la luz... <a class=\"co-blog_post--morelink\" href=\"https:\/\/www.opalco.com\/es\/el-clima-invernal-extremo-provoca-un-corte-de-energia-de-10-horas-en-todo-el-condado\/2022\/12\/\" aria-label=\"Lea m\u00e1s sobre: El clima invernal extremo provoca un corte de energ\u00eda de aproximadamente 10 horas en todo el condado\">Leer m\u00e1s<\/a><\/p>","protected":false},"author":34,"featured_media":19087,"comment_status":"closed","ping_status":"closed","sticky":false,"template":"","format":"standard","meta":{"_acf_changed":false,"_searchwp_excluded":"","footnotes":""},"categories":[118,93,672,43],"tags":[],"class_list":["post-19086","post","type-post","status-publish","format-standard","has-post-thumbnail","hentry","category-engineering-and-operations","category-linemen","category-newsroom","category-outages"],"acf":[],"yoast_head":"<!-- This site is optimized with the Yoast SEO plugin v27.2 - https:\/\/yoast.com\/product\/yoast-seo-wordpress\/ -->\n<title>Extreme Winter Weather Leads to County-wide ~10-hour Power Outage - OPALCO<\/title>\n<meta name=\"robots\" content=\"index, follow, max-snippet:-1, max-image-preview:large, max-video-preview:-1\" \/>\n<link rel=\"canonical\" href=\"https:\/\/www.opalco.com\/es\/el-clima-invernal-extremo-provoca-un-corte-de-energia-de-10-horas-en-todo-el-condado\/2022\/12\/\" \/>\n<meta property=\"og:locale\" content=\"es_ES\" \/>\n<meta property=\"og:type\" content=\"article\" \/>\n<meta property=\"og:title\" content=\"Extreme Winter Weather Leads to County-wide ~10-hour Power Outage - OPALCO\" \/>\n<meta property=\"og:description\" content=\"Just before 5 pm on Thursday, December 22, as temperatures dipped into the low 20s, a mainland electrical feeder serving San Juan County lost power. Shortly after the power went &hellip; Read more\" \/>\n<meta property=\"og:url\" content=\"https:\/\/www.opalco.com\/es\/el-clima-invernal-extremo-provoca-un-corte-de-energia-de-10-horas-en-todo-el-condado\/2022\/12\/\" \/>\n<meta property=\"og:site_name\" content=\"OPALCO\" \/>\n<meta property=\"article:publisher\" content=\"https:\/\/www.facebook.com\/orcaspower\" \/>\n<meta property=\"article:published_time\" content=\"2022-12-23T22:20:43+00:00\" \/>\n<meta property=\"article:modified_time\" content=\"2022-12-23T22:21:20+00:00\" \/>\n<meta property=\"og:image\" content=\"https:\/\/www.opalco.com\/wp-content\/uploads\/2022\/12\/snowoutage670.jpg\" \/>\n\t<meta property=\"og:image:width\" content=\"670\" \/>\n\t<meta property=\"og:image:height\" content=\"447\" \/>\n\t<meta property=\"og:image:type\" content=\"image\/jpeg\" \/>\n<meta name=\"author\" content=\"Krista Bouchey\" \/>\n<meta name=\"twitter:card\" content=\"summary_large_image\" \/>\n<meta name=\"twitter:creator\" content=\"@OrcasPower\" \/>\n<meta name=\"twitter:site\" content=\"@orcaspower\" \/>\n<meta name=\"twitter:label1\" content=\"Written by\" \/>\n\t<meta name=\"twitter:data1\" content=\"Krista Bouchey\" \/>\n\t<meta name=\"twitter:label2\" content=\"Est. reading time\" \/>\n\t<meta name=\"twitter:data2\" content=\"2 minutos\" \/>\n<script type=\"application\/ld+json\" class=\"yoast-schema-graph\">{\"@context\":\"https:\/\/schema.org\",\"@graph\":[{\"@type\":\"Article\",\"@id\":\"https:\/\/www.opalco.com\/extreme-winter-weather-leads-to-county-wide-10-hour-power-outage\/2022\/12\/#article\",\"isPartOf\":{\"@id\":\"https:\/\/www.opalco.com\/extreme-winter-weather-leads-to-county-wide-10-hour-power-outage\/2022\/12\/\"},\"author\":{\"name\":\"Krista Bouchey\",\"@id\":\"https:\/\/www.opalco.com\/#\/schema\/person\/cebe1a1e7d66316c1c1dd7911b9f7ad3\"},\"headline\":\"Extreme Winter Weather Leads to County-wide ~10-hour Power Outage\",\"datePublished\":\"2022-12-23T22:20:43+00:00\",\"dateModified\":\"2022-12-23T22:21:20+00:00\",\"mainEntityOfPage\":{\"@id\":\"https:\/\/www.opalco.com\/extreme-winter-weather-leads-to-county-wide-10-hour-power-outage\/2022\/12\/\"},\"wordCount\":417,\"publisher\":{\"@id\":\"https:\/\/www.opalco.com\/#organization\"},\"image\":{\"@id\":\"https:\/\/www.opalco.com\/extreme-winter-weather-leads-to-county-wide-10-hour-power-outage\/2022\/12\/#primaryimage\"},\"thumbnailUrl\":\"https:\/\/www.opalco.com\/wp-content\/uploads\/2022\/12\/snowoutage670.jpg\",\"articleSection\":[\"Engineering and Operations\",\"Lineworkers\",\"Newsroom\",\"Outages\"],\"inLanguage\":\"es-ES\"},{\"@type\":\"WebPage\",\"@id\":\"https:\/\/www.opalco.com\/extreme-winter-weather-leads-to-county-wide-10-hour-power-outage\/2022\/12\/\",\"url\":\"https:\/\/www.opalco.com\/extreme-winter-weather-leads-to-county-wide-10-hour-power-outage\/2022\/12\/\",\"name\":\"Extreme Winter Weather Leads to County-wide ~10-hour Power Outage - OPALCO\",\"isPartOf\":{\"@id\":\"https:\/\/www.opalco.com\/#website\"},\"primaryImageOfPage\":{\"@id\":\"https:\/\/www.opalco.com\/extreme-winter-weather-leads-to-county-wide-10-hour-power-outage\/2022\/12\/#primaryimage\"},\"image\":{\"@id\":\"https:\/\/www.opalco.com\/extreme-winter-weather-leads-to-county-wide-10-hour-power-outage\/2022\/12\/#primaryimage\"},\"thumbnailUrl\":\"https:\/\/www.opalco.com\/wp-content\/uploads\/2022\/12\/snowoutage670.jpg\",\"datePublished\":\"2022-12-23T22:20:43+00:00\",\"dateModified\":\"2022-12-23T22:21:20+00:00\",\"breadcrumb\":{\"@id\":\"https:\/\/www.opalco.com\/extreme-winter-weather-leads-to-county-wide-10-hour-power-outage\/2022\/12\/#breadcrumb\"},\"inLanguage\":\"es-ES\",\"potentialAction\":[{\"@type\":\"ReadAction\",\"target\":[\"https:\/\/www.opalco.com\/extreme-winter-weather-leads-to-county-wide-10-hour-power-outage\/2022\/12\/\"]}]},{\"@type\":\"ImageObject\",\"inLanguage\":\"es-ES\",\"@id\":\"https:\/\/www.opalco.com\/extreme-winter-weather-leads-to-county-wide-10-hour-power-outage\/2022\/12\/#primaryimage\",\"url\":\"https:\/\/www.opalco.com\/wp-content\/uploads\/2022\/12\/snowoutage670.jpg\",\"contentUrl\":\"https:\/\/www.opalco.com\/wp-content\/uploads\/2022\/12\/snowoutage670.jpg\",\"width\":670,\"height\":447,\"caption\":\"snowy\"},{\"@type\":\"BreadcrumbList\",\"@id\":\"https:\/\/www.opalco.com\/extreme-winter-weather-leads-to-county-wide-10-hour-power-outage\/2022\/12\/#breadcrumb\",\"itemListElement\":[{\"@type\":\"ListItem\",\"position\":1,\"name\":\"Home\",\"item\":\"https:\/\/www.opalco.com\/\"},{\"@type\":\"ListItem\",\"position\":2,\"name\":\"Extreme Winter Weather Leads to County-wide ~10-hour Power Outage\"}]},{\"@type\":\"WebSite\",\"@id\":\"https:\/\/www.opalco.com\/#website\",\"url\":\"https:\/\/www.opalco.com\/\",\"name\":\"OPALCO\",\"description\":\"Orcas Power &amp; Light Co-op\",\"publisher\":{\"@id\":\"https:\/\/www.opalco.com\/#organization\"},\"potentialAction\":[{\"@type\":\"SearchAction\",\"target\":{\"@type\":\"EntryPoint\",\"urlTemplate\":\"https:\/\/www.opalco.com\/?s={search_term_string}\"},\"query-input\":{\"@type\":\"PropertyValueSpecification\",\"valueRequired\":true,\"valueName\":\"search_term_string\"}}],\"inLanguage\":\"es-ES\"},{\"@type\":\"Organization\",\"@id\":\"https:\/\/www.opalco.com\/#organization\",\"name\":\"Orcas Power & Light Cooperative\",\"url\":\"https:\/\/www.opalco.com\/\",\"logo\":{\"@type\":\"ImageObject\",\"inLanguage\":\"es-ES\",\"@id\":\"https:\/\/www.opalco.com\/#\/schema\/logo\/image\/\",\"url\":\"https:\/\/www.opalco.com\/wp-content\/uploads\/2015\/10\/09-full-color-logo.jpg\",\"contentUrl\":\"https:\/\/www.opalco.com\/wp-content\/uploads\/2015\/10\/09-full-color-logo.jpg\",\"width\":788,\"height\":624,\"caption\":\"Orcas Power & Light Cooperative\"},\"image\":{\"@id\":\"https:\/\/www.opalco.com\/#\/schema\/logo\/image\/\"},\"sameAs\":[\"https:\/\/www.facebook.com\/orcaspower\",\"https:\/\/x.com\/orcaspower\"]},{\"@type\":\"Person\",\"@id\":\"https:\/\/www.opalco.com\/#\/schema\/person\/cebe1a1e7d66316c1c1dd7911b9f7ad3\",\"name\":\"Krista Bouchey\",\"image\":{\"@type\":\"ImageObject\",\"inLanguage\":\"es-ES\",\"@id\":\"https:\/\/secure.gravatar.com\/avatar\/55520213b4e552fa8135f4e16078d94b4ff2df5da73caf284df5a1280b02195a?s=96&d=mm&r=g\",\"url\":\"https:\/\/secure.gravatar.com\/avatar\/55520213b4e552fa8135f4e16078d94b4ff2df5da73caf284df5a1280b02195a?s=96&d=mm&r=g\",\"contentUrl\":\"https:\/\/secure.gravatar.com\/avatar\/55520213b4e552fa8135f4e16078d94b4ff2df5da73caf284df5a1280b02195a?s=96&d=mm&r=g\",\"caption\":\"Krista Bouchey\"},\"sameAs\":[\"https:\/\/x.com\/OrcasPower\"],\"url\":\"https:\/\/www.opalco.com\/es\/author\/kbouchey\/\"}]}<\/script>\n<!-- \/ Yoast SEO plugin. -->","yoast_head_json":{"title":"El clima invernal extremo provoca un corte de energ\u00eda de aproximadamente 10 horas en todo el condado - OPALCO","robots":{"index":"index","follow":"follow","max-snippet":"max-snippet:-1","max-image-preview":"max-image-preview:large","max-video-preview":"max-video-preview:-1"},"canonical":"https:\/\/www.opalco.com\/es\/el-clima-invernal-extremo-provoca-un-corte-de-energia-de-10-horas-en-todo-el-condado\/2022\/12\/","og_locale":"es_ES","og_type":"article","og_title":"Extreme Winter Weather Leads to County-wide ~10-hour Power Outage - OPALCO","og_description":"Just before 5 pm on Thursday, December 22, as temperatures dipped into the low 20s, a mainland electrical feeder serving San Juan County lost power. Shortly after the power went &hellip; Read more","og_url":"https:\/\/www.opalco.com\/es\/el-clima-invernal-extremo-provoca-un-corte-de-energia-de-10-horas-en-todo-el-condado\/2022\/12\/","og_site_name":"OPALCO","article_publisher":"https:\/\/www.facebook.com\/orcaspower","article_published_time":"2022-12-23T22:20:43+00:00","article_modified_time":"2022-12-23T22:21:20+00:00","og_image":[{"width":670,"height":447,"url":"https:\/\/www.opalco.com\/wp-content\/uploads\/2022\/12\/snowoutage670.jpg","type":"image\/jpeg"}],"author":"Krista Bouchey","twitter_card":"summary_large_image","twitter_creator":"@OrcasPower","twitter_site":"@orcaspower","twitter_misc":{"Written by":"Krista Bouchey","Est. reading time":"2 minutos"},"schema":{"@context":"https:\/\/schema.org","@graph":[{"@type":"Article","@id":"https:\/\/www.opalco.com\/extreme-winter-weather-leads-to-county-wide-10-hour-power-outage\/2022\/12\/#article","isPartOf":{"@id":"https:\/\/www.opalco.com\/extreme-winter-weather-leads-to-county-wide-10-hour-power-outage\/2022\/12\/"},"author":{"name":"Krista Bouchey","@id":"https:\/\/www.opalco.com\/#\/schema\/person\/cebe1a1e7d66316c1c1dd7911b9f7ad3"},"headline":"Extreme Winter Weather Leads to County-wide ~10-hour Power Outage","datePublished":"2022-12-23T22:20:43+00:00","dateModified":"2022-12-23T22:21:20+00:00","mainEntityOfPage":{"@id":"https:\/\/www.opalco.com\/extreme-winter-weather-leads-to-county-wide-10-hour-power-outage\/2022\/12\/"},"wordCount":417,"publisher":{"@id":"https:\/\/www.opalco.com\/#organization"},"image":{"@id":"https:\/\/www.opalco.com\/extreme-winter-weather-leads-to-county-wide-10-hour-power-outage\/2022\/12\/#primaryimage"},"thumbnailUrl":"https:\/\/www.opalco.com\/wp-content\/uploads\/2022\/12\/snowoutage670.jpg","articleSection":["Engineering and Operations","Lineworkers","Newsroom","Outages"],"inLanguage":"es-ES"},{"@type":"WebPage","@id":"https:\/\/www.opalco.com\/extreme-winter-weather-leads-to-county-wide-10-hour-power-outage\/2022\/12\/","url":"https:\/\/www.opalco.com\/extreme-winter-weather-leads-to-county-wide-10-hour-power-outage\/2022\/12\/","name":"El clima invernal extremo provoca un corte de energ\u00eda de aproximadamente 10 horas en todo el condado - OPALCO","isPartOf":{"@id":"https:\/\/www.opalco.com\/#website"},"primaryImageOfPage":{"@id":"https:\/\/www.opalco.com\/extreme-winter-weather-leads-to-county-wide-10-hour-power-outage\/2022\/12\/#primaryimage"},"image":{"@id":"https:\/\/www.opalco.com\/extreme-winter-weather-leads-to-county-wide-10-hour-power-outage\/2022\/12\/#primaryimage"},"thumbnailUrl":"https:\/\/www.opalco.com\/wp-content\/uploads\/2022\/12\/snowoutage670.jpg","datePublished":"2022-12-23T22:20:43+00:00","dateModified":"2022-12-23T22:21:20+00:00","breadcrumb":{"@id":"https:\/\/www.opalco.com\/extreme-winter-weather-leads-to-county-wide-10-hour-power-outage\/2022\/12\/#breadcrumb"},"inLanguage":"es-ES","potentialAction":[{"@type":"ReadAction","target":["https:\/\/www.opalco.com\/extreme-winter-weather-leads-to-county-wide-10-hour-power-outage\/2022\/12\/"]}]},{"@type":"ImageObject","inLanguage":"es-ES","@id":"https:\/\/www.opalco.com\/extreme-winter-weather-leads-to-county-wide-10-hour-power-outage\/2022\/12\/#primaryimage","url":"https:\/\/www.opalco.com\/wp-content\/uploads\/2022\/12\/snowoutage670.jpg","contentUrl":"https:\/\/www.opalco.com\/wp-content\/uploads\/2022\/12\/snowoutage670.jpg","width":670,"height":447,"caption":"snowy"},{"@type":"BreadcrumbList","@id":"https:\/\/www.opalco.com\/extreme-winter-weather-leads-to-county-wide-10-hour-power-outage\/2022\/12\/#breadcrumb","itemListElement":[{"@type":"ListItem","position":1,"name":"Home","item":"https:\/\/www.opalco.com\/"},{"@type":"ListItem","position":2,"name":"Extreme Winter Weather Leads to County-wide ~10-hour Power Outage"}]},{"@type":"WebSite","@id":"https:\/\/www.opalco.com\/#website","url":"https:\/\/www.opalco.com\/","name":"OPALCO","description":"Cooperativa de energ\u00eda y luz Orcas","publisher":{"@id":"https:\/\/www.opalco.com\/#organization"},"potentialAction":[{"@type":"SearchAction","target":{"@type":"EntryPoint","urlTemplate":"https:\/\/www.opalco.com\/?s={search_term_string}"},"query-input":{"@type":"PropertyValueSpecification","valueRequired":true,"valueName":"search_term_string"}}],"inLanguage":"es-ES"},{"@type":"Organization","@id":"https:\/\/www.opalco.com\/#organization","name":"Cooperativa de energ\u00eda y luz Orcas","url":"https:\/\/www.opalco.com\/","logo":{"@type":"ImageObject","inLanguage":"es-ES","@id":"https:\/\/www.opalco.com\/#\/schema\/logo\/image\/","url":"https:\/\/www.opalco.com\/wp-content\/uploads\/2015\/10\/09-full-color-logo.jpg","contentUrl":"https:\/\/www.opalco.com\/wp-content\/uploads\/2015\/10\/09-full-color-logo.jpg","width":788,"height":624,"caption":"Orcas Power & Light Cooperative"},"image":{"@id":"https:\/\/www.opalco.com\/#\/schema\/logo\/image\/"},"sameAs":["https:\/\/www.facebook.com\/orcaspower","https:\/\/x.com\/orcaspower"]},{"@type":"Person","@id":"https:\/\/www.opalco.com\/#\/schema\/person\/cebe1a1e7d66316c1c1dd7911b9f7ad3","name":"Krista Bouchey","image":{"@type":"ImageObject","inLanguage":"es-ES","@id":"https:\/\/secure.gravatar.com\/avatar\/55520213b4e552fa8135f4e16078d94b4ff2df5da73caf284df5a1280b02195a?s=96&d=mm&r=g","url":"https:\/\/secure.gravatar.com\/avatar\/55520213b4e552fa8135f4e16078d94b4ff2df5da73caf284df5a1280b02195a?s=96&d=mm&r=g","contentUrl":"https:\/\/secure.gravatar.com\/avatar\/55520213b4e552fa8135f4e16078d94b4ff2df5da73caf284df5a1280b02195a?s=96&d=mm&r=g","caption":"Krista Bouchey"},"sameAs":["https:\/\/x.com\/OrcasPower"],"url":"https:\/\/www.opalco.com\/es\/author\/kbouchey\/"}]}},"_links":{"self":[{"href":"https:\/\/www.opalco.com\/es\/wp-json\/wp\/v2\/posts\/19086","targetHints":{"allow":["GET"]}}],"collection":[{"href":"https:\/\/www.opalco.com\/es\/wp-json\/wp\/v2\/posts"}],"about":[{"href":"https:\/\/www.opalco.com\/es\/wp-json\/wp\/v2\/types\/post"}],"author":[{"embeddable":true,"href":"https:\/\/www.opalco.com\/es\/wp-json\/wp\/v2\/users\/34"}],"replies":[{"embeddable":true,"href":"https:\/\/www.opalco.com\/es\/wp-json\/wp\/v2\/comments?post=19086"}],"version-history":[{"count":1,"href":"https:\/\/www.opalco.com\/es\/wp-json\/wp\/v2\/posts\/19086\/revisions"}],"predecessor-version":[{"id":19088,"href":"https:\/\/www.opalco.com\/es\/wp-json\/wp\/v2\/posts\/19086\/revisions\/19088"}],"wp:featuredmedia":[{"embeddable":true,"href":"https:\/\/www.opalco.com\/es\/wp-json\/wp\/v2\/media\/19087"}],"wp:attachment":[{"href":"https:\/\/www.opalco.com\/es\/wp-json\/wp\/v2\/media?parent=19086"}],"wp:term":[{"taxonomy":"category","embeddable":true,"href":"https:\/\/www.opalco.com\/es\/wp-json\/wp\/v2\/categories?post=19086"},{"taxonomy":"post_tag","embeddable":true,"href":"https:\/\/www.opalco.com\/es\/wp-json\/wp\/v2\/tags?post=19086"}],"curies":[{"name":"gracias","href":"https:\/\/api.w.org\/{rel}","templated":true}]}}