{"id":19009,"date":"2022-12-12T07:41:04","date_gmt":"2022-12-12T15:41:04","guid":{"rendered":"https:\/\/www.opalco.com\/?p=19009"},"modified":"2022-12-12T11:09:07","modified_gmt":"2022-12-12T19:09:07","slug":"dato-breve-sobre-la-tarifa-solar-de-opalco-para-miembros-residenciales","status":"publish","type":"post","link":"https:\/\/www.opalco.com\/es\/dato-breve-sobre-la-tarifa-solar-de-opalco-para-miembros-residenciales\/2022\/12\/","title":{"rendered":"Dato breve: Tarifa solar OPALCO para miembros residenciales"},"content":{"rendered":"<p>La tarifa solar de OPALCO est\u00e1 dise\u00f1ada para fomentar la generaci\u00f3n renovable local y al mismo tiempo recaudar ingresos para cubrir el costo del servicio. Los productores solares utilizan la red para comprar y vender energ\u00eda. El sistema OPALCO act\u00faa como una bater\u00eda de almacenamiento del excedente de energ\u00eda producido por los miembros. OPALCO se encuentra en un per\u00edodo de correcci\u00f3n de rumbo para cambiar todas las tarifas para cubrir el costo de entregar energ\u00eda a 20 islas y, espec\u00edficamente para los productores solares, recaudar el valor del uso de la red cooperativa para comprar y vender energ\u00eda en sus propios sistemas. A continuaci\u00f3n se explican los detalles sobre esta tasa y las cifras incluidas se basan en las tasas de 2023.<\/p>\n<ul>\n<li>Aproximadamente 4% de los miembros de OPALCO (m\u00e1s de 500) generan su propia energ\u00eda, principalmente a trav\u00e9s de paneles solares en sus tejados.<\/li>\n<li>Estos miembros tienen un medidor especialmente programado que rastrea la energ\u00eda hacia y desde la red; este medidor registra el uso y el exceso de producci\u00f3n a medida que ocurre.<\/li>\n<li>La tarifa residencial renovable incluye un cr\u00e9dito de energ\u00eda renovable -$0.0990, un cargo por uso de red $0.0115, ambos aplicados por kWh. Adem\u00e1s de los cargos habituales, incluyendo cargo de acceso al servicio, ajuste de cargo de energ\u00eda y cargo de asistencia energ\u00e9tica.<\/li>\n<li>A lo largo del mes, el generador miembro produce energ\u00eda que utiliza inmediatamente o vuelve a conectar a la red.<\/li>\n<li>Estos miembros alimentan su uso desde su propio sistema solar o, cuando el sol no brilla, desde la red OPALCO. Cuando los miembros usan su energ\u00eda solar en el momento en que se produce, no pasa por el medidor OPALCO y no aparece en la factura.<\/li>\n<li>Cada vez que la producci\u00f3n de un miembro excede su consumo, ese exceso de energ\u00eda se devuelve a la red. En el momento en que se restablece la energ\u00eda a la red, OPALCO compra esa energ\u00eda a $0.0875. El medidor OPALCO rastrea esa cantidad a lo largo del mes y esto aparecer\u00e1 como un cr\u00e9dito en la factura del miembro.<\/li>\n<li>Cuando un miembro utiliza energ\u00eda de la red OPALCO, se le cobra $0.1201 en el momento en que se utiliza la energ\u00eda. Esto aparece como un cargo en la factura del miembro.<\/li>\n<li>En cada factura, el miembro probablemente ver\u00e1 cr\u00e9ditos por producci\u00f3n y cargos por uso independientemente de la temporada (todo esto var\u00eda ampliamente seg\u00fan el tama\u00f1o de los paneles solares y el uso de energ\u00eda en el hogar). En el verano, el exceso de producci\u00f3n podr\u00eda exceder el uso, pero el miembro a\u00fan podr\u00eda tener cargos por el uso de energ\u00eda (probablemente durante la noche). En el invierno, el miembro a\u00fan podr\u00eda ver cr\u00e9ditos de producci\u00f3n incluso si los usa mucho m\u00e1s para esos meses m\u00e1s fr\u00edos y oscuros.<\/li>\n<li>Esta tarifa, como todas las tarifas, es revisada cada a\u00f1o y ajustada por el Consejo Directivo de OPALCO.<\/li>\n<\/ul>\n<p><strong>Tarifa 2023 de la Tarifa RDR \u2013 Servicio de Recursos Energ\u00e9ticos Distribuidos Residenciales tambi\u00e9n denominada tarifa solar:<\/strong><\/p>\n<p><img loading=\"lazy\" decoding=\"async\" class=\"aligncenter size-medium wp-image-19010\" src=\"https:\/\/www.opalco.com\/wp-content\/uploads\/2022\/12\/tariff-540x283.jpg\" alt=\"arancel\" width=\"540\" height=\"283\" srcset=\"https:\/\/www.opalco.com\/wp-content\/uploads\/2022\/12\/tariff-540x283.jpg 540w, https:\/\/www.opalco.com\/wp-content\/uploads\/2022\/12\/tariff-730x382.jpg 730w, https:\/\/www.opalco.com\/wp-content\/uploads\/2022\/12\/tariff-490x257.jpg 490w, https:\/\/www.opalco.com\/wp-content\/uploads\/2022\/12\/tariff-396x207.jpg 396w, https:\/\/www.opalco.com\/wp-content\/uploads\/2022\/12\/tariff-75x39.jpg 75w, https:\/\/www.opalco.com\/wp-content\/uploads\/2022\/12\/tariff.jpg 924w\" sizes=\"auto, (max-width: 540px) 100vw, 540px\" \/><\/p>\n<p><strong>Para una revisi\u00f3n adicional sobre este tema:<\/strong><\/p>\n<p><a href=\"https:\/\/www.opalco.com\/wp-content\/uploads\/2021\/11\/November-2021-Board-Materials.pdf\">Noviembre de 2021 Materiales de la placa OPALCO: Revisi\u00f3n de tarifas solares<\/a><\/p>\n<p><a href=\"https:\/\/www.utilitydive.com\/news\/-utility-fixed-rate-design-demand-charge-solar-costello\/634213\/\">Utility Dive: \u201cLos dise\u00f1os de tarifas actuales son defectuosos. \u00bfC\u00f3mo pueden las empresas de servicios p\u00fablicos recuperar mejor sus costos fijos y de qui\u00e9n?<\/a><\/p>\n<p><a href=\"https:\/\/www.sciencedirect.com\/science\/article\/pii\/S0360544222032376\">La revoluci\u00f3n fotovoltaica est\u00e1 en marcha: C\u00f3mo cambiar\u00e1 el sistema el\u00e9ctrico de forma duradera<\/a><\/p>","protected":false},"excerpt":{"rendered":"<p>La tarifa solar de OPALCO est\u00e1 dise\u00f1ada para fomentar la generaci\u00f3n renovable local y al mismo tiempo recaudar ingresos para cubrir el costo del servicio. Los productores solares utilizan la red para comprar y vender energ\u00eda. \u2026 <a class=\"co-blog_post--morelink\" href=\"https:\/\/www.opalco.com\/es\/dato-breve-sobre-la-tarifa-solar-de-opalco-para-miembros-residenciales\/2022\/12\/\" aria-label=\"Lea m\u00e1s sobre: Dato breve: Tarifa solar OPALCO para miembros residenciales\">Leer m\u00e1s<\/a><\/p>","protected":false},"author":34,"featured_media":18665,"comment_status":"closed","ping_status":"closed","sticky":false,"template":"","format":"standard","meta":{"_acf_changed":false,"_searchwp_excluded":"","footnotes":""},"categories":[595],"tags":[],"class_list":["post-19009","post","type-post","status-publish","format-standard","has-post-thumbnail","hentry","category-renewables"],"acf":[],"yoast_head":"<!-- This site is optimized with the Yoast SEO plugin v27.2 - https:\/\/yoast.com\/product\/yoast-seo-wordpress\/ -->\n<title>Quick Fact: OPALCO Solar Rate for residential members - OPALCO<\/title>\n<meta name=\"robots\" content=\"index, follow, max-snippet:-1, max-image-preview:large, max-video-preview:-1\" \/>\n<link rel=\"canonical\" href=\"https:\/\/www.opalco.com\/es\/dato-breve-sobre-la-tarifa-solar-de-opalco-para-miembros-residenciales\/2022\/12\/\" \/>\n<meta property=\"og:locale\" content=\"es_ES\" \/>\n<meta property=\"og:type\" content=\"article\" \/>\n<meta property=\"og:title\" content=\"Quick Fact: OPALCO Solar Rate for residential members - OPALCO\" \/>\n<meta property=\"og:description\" content=\"OPALCO\u2019s solar rate is designed to encourage local renewable generation while also collecting revenue to cover the cost of service. Solar producers use the grid to buy and sell power. &hellip; Read more\" \/>\n<meta property=\"og:url\" content=\"https:\/\/www.opalco.com\/es\/dato-breve-sobre-la-tarifa-solar-de-opalco-para-miembros-residenciales\/2022\/12\/\" \/>\n<meta property=\"og:site_name\" content=\"OPALCO\" \/>\n<meta property=\"article:publisher\" content=\"https:\/\/www.facebook.com\/orcaspower\" \/>\n<meta property=\"article:published_time\" content=\"2022-12-12T15:41:04+00:00\" \/>\n<meta property=\"article:modified_time\" content=\"2022-12-12T19:09:07+00:00\" \/>\n<meta property=\"og:image\" content=\"https:\/\/www.opalco.com\/wp-content\/uploads\/2022\/09\/sunset670-447.jpg\" \/>\n\t<meta property=\"og:image:width\" content=\"670\" \/>\n\t<meta property=\"og:image:height\" content=\"447\" \/>\n\t<meta property=\"og:image:type\" content=\"image\/jpeg\" \/>\n<meta name=\"author\" content=\"Krista Bouchey\" \/>\n<meta name=\"twitter:card\" content=\"summary_large_image\" \/>\n<meta name=\"twitter:creator\" content=\"@OrcasPower\" \/>\n<meta name=\"twitter:site\" content=\"@orcaspower\" \/>\n<meta name=\"twitter:label1\" content=\"Written by\" \/>\n\t<meta name=\"twitter:data1\" content=\"Krista Bouchey\" \/>\n\t<meta name=\"twitter:label2\" content=\"Est. reading time\" \/>\n\t<meta name=\"twitter:data2\" content=\"3 minutos\" \/>\n<script type=\"application\/ld+json\" class=\"yoast-schema-graph\">{\"@context\":\"https:\/\/schema.org\",\"@graph\":[{\"@type\":\"Article\",\"@id\":\"https:\/\/www.opalco.com\/quick-fact-opalco-solar-rate-for-residential-members\/2022\/12\/#article\",\"isPartOf\":{\"@id\":\"https:\/\/www.opalco.com\/quick-fact-opalco-solar-rate-for-residential-members\/2022\/12\/\"},\"author\":{\"name\":\"Krista Bouchey\",\"@id\":\"https:\/\/www.opalco.com\/#\/schema\/person\/cebe1a1e7d66316c1c1dd7911b9f7ad3\"},\"headline\":\"Quick Fact: OPALCO Solar Rate for residential members\",\"datePublished\":\"2022-12-12T15:41:04+00:00\",\"dateModified\":\"2022-12-12T19:09:07+00:00\",\"mainEntityOfPage\":{\"@id\":\"https:\/\/www.opalco.com\/quick-fact-opalco-solar-rate-for-residential-members\/2022\/12\/\"},\"wordCount\":509,\"publisher\":{\"@id\":\"https:\/\/www.opalco.com\/#organization\"},\"image\":{\"@id\":\"https:\/\/www.opalco.com\/quick-fact-opalco-solar-rate-for-residential-members\/2022\/12\/#primaryimage\"},\"thumbnailUrl\":\"https:\/\/www.opalco.com\/wp-content\/uploads\/2022\/09\/sunset670-447.jpg\",\"articleSection\":[\"Renewables\"],\"inLanguage\":\"es-ES\"},{\"@type\":\"WebPage\",\"@id\":\"https:\/\/www.opalco.com\/quick-fact-opalco-solar-rate-for-residential-members\/2022\/12\/\",\"url\":\"https:\/\/www.opalco.com\/quick-fact-opalco-solar-rate-for-residential-members\/2022\/12\/\",\"name\":\"Quick Fact: OPALCO Solar Rate for residential members - OPALCO\",\"isPartOf\":{\"@id\":\"https:\/\/www.opalco.com\/#website\"},\"primaryImageOfPage\":{\"@id\":\"https:\/\/www.opalco.com\/quick-fact-opalco-solar-rate-for-residential-members\/2022\/12\/#primaryimage\"},\"image\":{\"@id\":\"https:\/\/www.opalco.com\/quick-fact-opalco-solar-rate-for-residential-members\/2022\/12\/#primaryimage\"},\"thumbnailUrl\":\"https:\/\/www.opalco.com\/wp-content\/uploads\/2022\/09\/sunset670-447.jpg\",\"datePublished\":\"2022-12-12T15:41:04+00:00\",\"dateModified\":\"2022-12-12T19:09:07+00:00\",\"breadcrumb\":{\"@id\":\"https:\/\/www.opalco.com\/quick-fact-opalco-solar-rate-for-residential-members\/2022\/12\/#breadcrumb\"},\"inLanguage\":\"es-ES\",\"potentialAction\":[{\"@type\":\"ReadAction\",\"target\":[\"https:\/\/www.opalco.com\/quick-fact-opalco-solar-rate-for-residential-members\/2022\/12\/\"]}]},{\"@type\":\"ImageObject\",\"inLanguage\":\"es-ES\",\"@id\":\"https:\/\/www.opalco.com\/quick-fact-opalco-solar-rate-for-residential-members\/2022\/12\/#primaryimage\",\"url\":\"https:\/\/www.opalco.com\/wp-content\/uploads\/2022\/09\/sunset670-447.jpg\",\"contentUrl\":\"https:\/\/www.opalco.com\/wp-content\/uploads\/2022\/09\/sunset670-447.jpg\",\"width\":670,\"height\":447,\"caption\":\"Photovoltaic panels of solar power station in the landscape at sunset. View from above.\"},{\"@type\":\"BreadcrumbList\",\"@id\":\"https:\/\/www.opalco.com\/quick-fact-opalco-solar-rate-for-residential-members\/2022\/12\/#breadcrumb\",\"itemListElement\":[{\"@type\":\"ListItem\",\"position\":1,\"name\":\"Home\",\"item\":\"https:\/\/www.opalco.com\/\"},{\"@type\":\"ListItem\",\"position\":2,\"name\":\"Quick Fact: OPALCO Solar Rate for residential members\"}]},{\"@type\":\"WebSite\",\"@id\":\"https:\/\/www.opalco.com\/#website\",\"url\":\"https:\/\/www.opalco.com\/\",\"name\":\"OPALCO\",\"description\":\"Orcas Power &amp; Light Co-op\",\"publisher\":{\"@id\":\"https:\/\/www.opalco.com\/#organization\"},\"potentialAction\":[{\"@type\":\"SearchAction\",\"target\":{\"@type\":\"EntryPoint\",\"urlTemplate\":\"https:\/\/www.opalco.com\/?s={search_term_string}\"},\"query-input\":{\"@type\":\"PropertyValueSpecification\",\"valueRequired\":true,\"valueName\":\"search_term_string\"}}],\"inLanguage\":\"es-ES\"},{\"@type\":\"Organization\",\"@id\":\"https:\/\/www.opalco.com\/#organization\",\"name\":\"Orcas Power & Light Cooperative\",\"url\":\"https:\/\/www.opalco.com\/\",\"logo\":{\"@type\":\"ImageObject\",\"inLanguage\":\"es-ES\",\"@id\":\"https:\/\/www.opalco.com\/#\/schema\/logo\/image\/\",\"url\":\"https:\/\/www.opalco.com\/wp-content\/uploads\/2015\/10\/09-full-color-logo.jpg\",\"contentUrl\":\"https:\/\/www.opalco.com\/wp-content\/uploads\/2015\/10\/09-full-color-logo.jpg\",\"width\":788,\"height\":624,\"caption\":\"Orcas Power & Light Cooperative\"},\"image\":{\"@id\":\"https:\/\/www.opalco.com\/#\/schema\/logo\/image\/\"},\"sameAs\":[\"https:\/\/www.facebook.com\/orcaspower\",\"https:\/\/x.com\/orcaspower\"]},{\"@type\":\"Person\",\"@id\":\"https:\/\/www.opalco.com\/#\/schema\/person\/cebe1a1e7d66316c1c1dd7911b9f7ad3\",\"name\":\"Krista Bouchey\",\"image\":{\"@type\":\"ImageObject\",\"inLanguage\":\"es-ES\",\"@id\":\"https:\/\/secure.gravatar.com\/avatar\/55520213b4e552fa8135f4e16078d94b4ff2df5da73caf284df5a1280b02195a?s=96&d=mm&r=g\",\"url\":\"https:\/\/secure.gravatar.com\/avatar\/55520213b4e552fa8135f4e16078d94b4ff2df5da73caf284df5a1280b02195a?s=96&d=mm&r=g\",\"contentUrl\":\"https:\/\/secure.gravatar.com\/avatar\/55520213b4e552fa8135f4e16078d94b4ff2df5da73caf284df5a1280b02195a?s=96&d=mm&r=g\",\"caption\":\"Krista Bouchey\"},\"sameAs\":[\"https:\/\/x.com\/OrcasPower\"],\"url\":\"https:\/\/www.opalco.com\/es\/author\/kbouchey\/\"}]}<\/script>\n<!-- \/ Yoast SEO plugin. -->","yoast_head_json":{"title":"Dato breve: Tarifa solar OPALCO para miembros residenciales - OPALCO","robots":{"index":"index","follow":"follow","max-snippet":"max-snippet:-1","max-image-preview":"max-image-preview:large","max-video-preview":"max-video-preview:-1"},"canonical":"https:\/\/www.opalco.com\/es\/dato-breve-sobre-la-tarifa-solar-de-opalco-para-miembros-residenciales\/2022\/12\/","og_locale":"es_ES","og_type":"article","og_title":"Quick Fact: OPALCO Solar Rate for residential members - OPALCO","og_description":"OPALCO\u2019s solar rate is designed to encourage local renewable generation while also collecting revenue to cover the cost of service. Solar producers use the grid to buy and sell power. &hellip; Read more","og_url":"https:\/\/www.opalco.com\/es\/dato-breve-sobre-la-tarifa-solar-de-opalco-para-miembros-residenciales\/2022\/12\/","og_site_name":"OPALCO","article_publisher":"https:\/\/www.facebook.com\/orcaspower","article_published_time":"2022-12-12T15:41:04+00:00","article_modified_time":"2022-12-12T19:09:07+00:00","og_image":[{"width":670,"height":447,"url":"https:\/\/www.opalco.com\/wp-content\/uploads\/2022\/09\/sunset670-447.jpg","type":"image\/jpeg"}],"author":"Krista Bouchey","twitter_card":"summary_large_image","twitter_creator":"@OrcasPower","twitter_site":"@orcaspower","twitter_misc":{"Written by":"Krista Bouchey","Est. reading time":"3 minutos"},"schema":{"@context":"https:\/\/schema.org","@graph":[{"@type":"Article","@id":"https:\/\/www.opalco.com\/quick-fact-opalco-solar-rate-for-residential-members\/2022\/12\/#article","isPartOf":{"@id":"https:\/\/www.opalco.com\/quick-fact-opalco-solar-rate-for-residential-members\/2022\/12\/"},"author":{"name":"Krista Bouchey","@id":"https:\/\/www.opalco.com\/#\/schema\/person\/cebe1a1e7d66316c1c1dd7911b9f7ad3"},"headline":"Quick Fact: OPALCO Solar Rate for residential members","datePublished":"2022-12-12T15:41:04+00:00","dateModified":"2022-12-12T19:09:07+00:00","mainEntityOfPage":{"@id":"https:\/\/www.opalco.com\/quick-fact-opalco-solar-rate-for-residential-members\/2022\/12\/"},"wordCount":509,"publisher":{"@id":"https:\/\/www.opalco.com\/#organization"},"image":{"@id":"https:\/\/www.opalco.com\/quick-fact-opalco-solar-rate-for-residential-members\/2022\/12\/#primaryimage"},"thumbnailUrl":"https:\/\/www.opalco.com\/wp-content\/uploads\/2022\/09\/sunset670-447.jpg","articleSection":["Renewables"],"inLanguage":"es-ES"},{"@type":"WebPage","@id":"https:\/\/www.opalco.com\/quick-fact-opalco-solar-rate-for-residential-members\/2022\/12\/","url":"https:\/\/www.opalco.com\/quick-fact-opalco-solar-rate-for-residential-members\/2022\/12\/","name":"Dato breve: Tarifa solar OPALCO para miembros residenciales - OPALCO","isPartOf":{"@id":"https:\/\/www.opalco.com\/#website"},"primaryImageOfPage":{"@id":"https:\/\/www.opalco.com\/quick-fact-opalco-solar-rate-for-residential-members\/2022\/12\/#primaryimage"},"image":{"@id":"https:\/\/www.opalco.com\/quick-fact-opalco-solar-rate-for-residential-members\/2022\/12\/#primaryimage"},"thumbnailUrl":"https:\/\/www.opalco.com\/wp-content\/uploads\/2022\/09\/sunset670-447.jpg","datePublished":"2022-12-12T15:41:04+00:00","dateModified":"2022-12-12T19:09:07+00:00","breadcrumb":{"@id":"https:\/\/www.opalco.com\/quick-fact-opalco-solar-rate-for-residential-members\/2022\/12\/#breadcrumb"},"inLanguage":"es-ES","potentialAction":[{"@type":"ReadAction","target":["https:\/\/www.opalco.com\/quick-fact-opalco-solar-rate-for-residential-members\/2022\/12\/"]}]},{"@type":"ImageObject","inLanguage":"es-ES","@id":"https:\/\/www.opalco.com\/quick-fact-opalco-solar-rate-for-residential-members\/2022\/12\/#primaryimage","url":"https:\/\/www.opalco.com\/wp-content\/uploads\/2022\/09\/sunset670-447.jpg","contentUrl":"https:\/\/www.opalco.com\/wp-content\/uploads\/2022\/09\/sunset670-447.jpg","width":670,"height":447,"caption":"Photovoltaic panels of solar power station in the landscape at sunset. View from above."},{"@type":"BreadcrumbList","@id":"https:\/\/www.opalco.com\/quick-fact-opalco-solar-rate-for-residential-members\/2022\/12\/#breadcrumb","itemListElement":[{"@type":"ListItem","position":1,"name":"Home","item":"https:\/\/www.opalco.com\/"},{"@type":"ListItem","position":2,"name":"Quick Fact: OPALCO Solar Rate for residential members"}]},{"@type":"WebSite","@id":"https:\/\/www.opalco.com\/#website","url":"https:\/\/www.opalco.com\/","name":"OPALCO","description":"Cooperativa de energ\u00eda y luz Orcas","publisher":{"@id":"https:\/\/www.opalco.com\/#organization"},"potentialAction":[{"@type":"SearchAction","target":{"@type":"EntryPoint","urlTemplate":"https:\/\/www.opalco.com\/?s={search_term_string}"},"query-input":{"@type":"PropertyValueSpecification","valueRequired":true,"valueName":"search_term_string"}}],"inLanguage":"es-ES"},{"@type":"Organization","@id":"https:\/\/www.opalco.com\/#organization","name":"Cooperativa de energ\u00eda y luz Orcas","url":"https:\/\/www.opalco.com\/","logo":{"@type":"ImageObject","inLanguage":"es-ES","@id":"https:\/\/www.opalco.com\/#\/schema\/logo\/image\/","url":"https:\/\/www.opalco.com\/wp-content\/uploads\/2015\/10\/09-full-color-logo.jpg","contentUrl":"https:\/\/www.opalco.com\/wp-content\/uploads\/2015\/10\/09-full-color-logo.jpg","width":788,"height":624,"caption":"Orcas Power & Light Cooperative"},"image":{"@id":"https:\/\/www.opalco.com\/#\/schema\/logo\/image\/"},"sameAs":["https:\/\/www.facebook.com\/orcaspower","https:\/\/x.com\/orcaspower"]},{"@type":"Person","@id":"https:\/\/www.opalco.com\/#\/schema\/person\/cebe1a1e7d66316c1c1dd7911b9f7ad3","name":"Krista Bouchey","image":{"@type":"ImageObject","inLanguage":"es-ES","@id":"https:\/\/secure.gravatar.com\/avatar\/55520213b4e552fa8135f4e16078d94b4ff2df5da73caf284df5a1280b02195a?s=96&d=mm&r=g","url":"https:\/\/secure.gravatar.com\/avatar\/55520213b4e552fa8135f4e16078d94b4ff2df5da73caf284df5a1280b02195a?s=96&d=mm&r=g","contentUrl":"https:\/\/secure.gravatar.com\/avatar\/55520213b4e552fa8135f4e16078d94b4ff2df5da73caf284df5a1280b02195a?s=96&d=mm&r=g","caption":"Krista Bouchey"},"sameAs":["https:\/\/x.com\/OrcasPower"],"url":"https:\/\/www.opalco.com\/es\/author\/kbouchey\/"}]}},"_links":{"self":[{"href":"https:\/\/www.opalco.com\/es\/wp-json\/wp\/v2\/posts\/19009","targetHints":{"allow":["GET"]}}],"collection":[{"href":"https:\/\/www.opalco.com\/es\/wp-json\/wp\/v2\/posts"}],"about":[{"href":"https:\/\/www.opalco.com\/es\/wp-json\/wp\/v2\/types\/post"}],"author":[{"embeddable":true,"href":"https:\/\/www.opalco.com\/es\/wp-json\/wp\/v2\/users\/34"}],"replies":[{"embeddable":true,"href":"https:\/\/www.opalco.com\/es\/wp-json\/wp\/v2\/comments?post=19009"}],"version-history":[{"count":3,"href":"https:\/\/www.opalco.com\/es\/wp-json\/wp\/v2\/posts\/19009\/revisions"}],"predecessor-version":[{"id":19017,"href":"https:\/\/www.opalco.com\/es\/wp-json\/wp\/v2\/posts\/19009\/revisions\/19017"}],"wp:featuredmedia":[{"embeddable":true,"href":"https:\/\/www.opalco.com\/es\/wp-json\/wp\/v2\/media\/18665"}],"wp:attachment":[{"href":"https:\/\/www.opalco.com\/es\/wp-json\/wp\/v2\/media?parent=19009"}],"wp:term":[{"taxonomy":"category","embeddable":true,"href":"https:\/\/www.opalco.com\/es\/wp-json\/wp\/v2\/categories?post=19009"},{"taxonomy":"post_tag","embeddable":true,"href":"https:\/\/www.opalco.com\/es\/wp-json\/wp\/v2\/tags?post=19009"}],"curies":[{"name":"gracias","href":"https:\/\/api.w.org\/{rel}","templated":true}]}}