{"id":18649,"date":"2022-10-14T09:12:30","date_gmt":"2022-10-14T16:12:30","guid":{"rendered":"https:\/\/www.opalco.com\/?p=18649"},"modified":"2022-10-14T09:12:30","modified_gmt":"2022-10-14T16:12:30","slug":"dato-breve-revision-de-noticias-sobre-el-cambio-climatico-septiembre-de-2022","status":"publish","type":"post","link":"https:\/\/www.opalco.com\/es\/dato-breve-revision-de-noticias-sobre-el-cambio-climatico-septiembre-de-2022\/2022\/10\/","title":{"rendered":"Dato breve: Revisi\u00f3n de noticias sobre el cambio clim\u00e1tico - Septiembre de 2022"},"content":{"rendered":"<p>A medida que se acelera la emergencia clim\u00e1tica, la energ\u00eda y la descarbonizaci\u00f3n se est\u00e1n convirtiendo en temas habituales en las principales noticias, redes sociales e investigaciones. A continuaci\u00f3n, revisamos varios elementos notables del mes pasado que brindan informaci\u00f3n matizada sobre algunos de los desaf\u00edos desconcertantes que OPALCO considera fundamentales para mantener un servicio energ\u00e9tico confiable a medida que el mundo avanza hacia sistemas de energ\u00eda neta cero.<\/p>\n<p><strong>Bloomberg: Estados Unidos necesitar\u00e1 mucha tierra para una econom\u00eda sin emisiones de carbono<img loading=\"lazy\" decoding=\"async\" class=\"alignright wp-image-18651 size-medium\" src=\"https:\/\/www.opalco.com\/wp-content\/uploads\/2022\/09\/windgraphic-540x433.jpg\" alt=\"gr\u00e1fico\" width=\"540\" height=\"433\" srcset=\"https:\/\/www.opalco.com\/wp-content\/uploads\/2022\/09\/windgraphic-540x433.jpg 540w, https:\/\/www.opalco.com\/wp-content\/uploads\/2022\/09\/windgraphic-490x393.jpg 490w, https:\/\/www.opalco.com\/wp-content\/uploads\/2022\/09\/windgraphic-396x318.jpg 396w, https:\/\/www.opalco.com\/wp-content\/uploads\/2022\/09\/windgraphic-75x60.jpg 75w, https:\/\/www.opalco.com\/wp-content\/uploads\/2022\/09\/windgraphic.jpg 669w\" sizes=\"auto, (max-width: 540px) 100vw, 540px\" \/> <\/strong><\/p>\n<p>En este art\u00edculo, Bloomberg proporciona un an\u00e1lisis visualmente rico de cu\u00e1nto terreno se necesitar\u00e1 para nueva infraestructura de transmisi\u00f3n solar, e\u00f3lica. La figura de la derecha ilustra cu\u00e1nto terreno se necesitar\u00eda para alimentar una bombilla de 100 vatios. Como puede verse, la energ\u00eda solar y e\u00f3lica utilizan entre 140 y 370 veces m\u00e1s terreno que los sistemas de gas natural, por ejemplo. Este tema aparece cada vez m\u00e1s a medida que el mundo pasa de la planificaci\u00f3n a la implementaci\u00f3n. Vea m\u00e1s sobre esto en los art\u00edculos siguientes.<\/p>\n<p><a href=\"https:\/\/www.bloomberg.com\/graphics\/2021-energy-land-use-economy\/\">Enlace del art\u00edculo<\/a><\/p>\n<p><strong>The Washington Post: Para luchar contra el cambio clim\u00e1tico, es posible que los ambientalistas tengan que renunciar a una creencia fundamental<\/strong><\/p>\n<p>Se adentra en las complejas realidades de la construcci\u00f3n de proyectos solares, e\u00f3licos y de transmisi\u00f3n con uso intensivo de terreno. \u201c<em>Para reducir a cero las emisiones de gases de efecto invernadero de Estados Unidos, dicen los expertos, el pa\u00eds tendr\u00e1 que hacer algo a lo que los ambientalistas se han opuesto tradicionalmente: tendr\u00e1 que construir <strong>mucho<\/strong> de infraestructura energ\u00e9tica. Y r\u00e1pido.&quot;\u00a0 <\/em><\/p>\n<p><a href=\"https:\/\/www.washingtonpost.com\/climate-environment\/2022\/09\/02\/fight-climate-greens-have-embrace-big-energy-projects-fast\/\">Enlace del art\u00edculo<\/a><\/p>\n<p><strong>Science Direct: Fuentes de oposici\u00f3n a proyectos de energ\u00eda renovable en Estados Unidos<\/strong><\/p>\n<p>El art\u00edculo de investigaci\u00f3n analiza lo que hay detr\u00e1s de la oposici\u00f3n a la ubicaci\u00f3n de proyectos de energ\u00eda con uso intensivo de tierra. De la introducci\u00f3n:<em> \u201c<strong>Muchos analistas pol\u00edticos creen<\/strong>\u00a0que una vez que la electricidad procedente de energ\u00edas renovables sea menos costosa que la electricidad procedente de combustibles f\u00f3siles,\u00a0<strong>Se construir\u00e1n r\u00e1pidamente nuevas instalaciones de energ\u00eda renovable en todo Estados Unidos. <\/strong>Se ha logrado en gran medida una energ\u00eda renovable rentable, pero\u00a0<strong>Parece haber barreras sustanciales para la construcci\u00f3n de nuevas instalaciones de energ\u00eda renovable.<\/strong>\u00a0Identificamos 53 proyectos de energ\u00eda e\u00f3lica, solar y geot\u00e9rmica a escala de servicios p\u00fablicos que se retrasaron o bloquearon entre 2008 y 2021 en 28 estados de EE. UU. Utilizando an\u00e1lisis cualitativos multinivel,\u00a0<strong>Hemos identificado siete fuentes clave de oposici\u00f3n.<\/strong>\u00a0De los proyectos que estudiamos, 34% enfrentaron importantes retrasos y dificultades para obtener permisos, 49% fueron cancelados permanentemente y 26% se reanudaron despu\u00e9s de haber estado detenidos durante varios meses o a\u00f1os.\u00a0<strong>Los retrasos y cancelaciones de proyectos representan una p\u00e9rdida potencial de capacidad de generaci\u00f3n de casi 4.600 MW. Los gobiernos estatales y locales y los promotores de energ\u00edas renovables deben prestar m\u00e1s atenci\u00f3n a toda la gama de fuentes de oposici\u00f3n social a las nuevas instalaciones\u201d. <\/strong><\/em><\/p>\n<p><em>\u201cAl analizar nuestros estudios de casos protot\u00edpicos, identificamos varios temas recurrentes y puntos en com\u00fan. Estos llevaron a siete hip\u00f3tesis distintas sobre las fuentes de oposici\u00f3n y barreras al desarrollo de energ\u00edas renovables:<\/em><\/p>\n<ol>\n<li><em> Preocupaciones por posibles impactos ambientales, incluidos los impactos sobre la vida silvestre<\/em><\/li>\n<li><em> Desaf\u00edos para la financiaci\u00f3n de proyectos y la generaci\u00f3n de ingresos<\/em><\/li>\n<li><em> Percepciones p\u00fablicas de procesos de participaci\u00f3n injustos o inclusi\u00f3n inadecuada a la luz de los requisitos regulatorios<\/em><\/li>\n<li><em> Falta de respeto de los derechos tribales, incluido el derecho a la consulta<\/em><\/li>\n<li><em> Preocupaciones por la salud y la seguridad<\/em><\/li>\n<li><em> Disputas intergubernamentales<\/em><\/li>\n<li><em> Impactos potenciales sobre el valor de la tierra y la propiedad\u201d<\/em><\/li>\n<\/ol>\n<p><em>\u201c<strong>Nuestro an\u00e1lisis plantea una pregunta fundamental sobre si los sistemas regulatorios vigentes en los EE. UU. son adecuados para revisar el n\u00famero r\u00e1pidamente creciente de nuevos proyectos de energ\u00eda renovable a escala de servicios p\u00fablicos.<\/strong>\u00a0<\/em><\/p>\n<p><em>Encontramos varios casos en los que los proponentes y opositores del proyecto estaban luchando con regulaciones o leyes federales y estatales contradictorias (con respecto a la evaluaci\u00f3n ambiental, la ubicaci\u00f3n y los permisos de las instalaciones, junto con la inclusi\u00f3n p\u00fablica requerida y la consulta tribal)\u201d.<\/em><\/p>\n<p><a href=\"https:\/\/www.sciencedirect.com\/science\/article\/pii\/S0301421522001471\">Enlace del art\u00edculo<\/a><\/p>\n<p><strong>NPR: Por qu\u00e9 incluso los ambientalistas apoyan la energ\u00eda nuclear hoy<\/strong><\/p>\n<p>Con la guerra de Ucrania, Alemania y otros pa\u00edses est\u00e1n reconsiderando la energ\u00eda nuclear. Mientras Rusia mantiene como reh\u00e9n al gas natural ante la inminencia del invierno, Europa se enfrenta a algunas decisiones dif\u00edciles: quemar carb\u00f3n y acelerar la emergencia clim\u00e1tica, o reiniciar plantas de energ\u00eda nuclear con bajas emisiones de carbono que hab\u00edan sido apagadas despu\u00e9s del tsunami de Fukushima. California tiene c\u00e1lculos energ\u00e9ticos igualmente desconcertantes: mantener en funcionamiento la planta de energ\u00eda nuclear de Diablo Canyon para evitar quemar plantas de generaci\u00f3n el\u00e9ctrica alimentadas por gas natural. Ver <strong>Panel de control de energ\u00eda ISO de California<\/strong> a continuaci\u00f3n para ver una historia relacionada.<\/p>\n<p><a href=\"https:\/\/www.npr.org\/2022\/08\/30\/1119904819\/nuclear-power-environmentalists-california-germany-japan\">Enlace del art\u00edculo<\/a><\/p>\n<p><strong>Pol\u00edtico: California pisa el acelerador de los coches el\u00e9ctricos<\/strong><\/p>\n<p>Los reguladores de California aprobaron hoy una norma que proh\u00edbe la venta de autom\u00f3viles nuevos propulsados por gasolina para 2035. M\u00e1s veh\u00edculos el\u00e9ctricos tambi\u00e9n significan m\u00e1s infraestructura de carga y m\u00e1s uso de electricidad, lo que ejercer\u00e1 presi\u00f3n sobre la ya cuestionada red el\u00e9ctrica del estado mientras atraviesa su propia transici\u00f3n hacia una energ\u00eda m\u00e1s limpia (ver art\u00edculo arriba sobre el replanteamiento de la energ\u00eda nuclear en California). La nueva regla estatal sobre veh\u00edculos el\u00e9ctricos es un gran problema. California es el \u00fanico estado que puede regular las emisiones de los veh\u00edculos, gracias a una disposici\u00f3n de la Ley federal de Aire Limpio que le ofrece una exenci\u00f3n especial. Otros estados pueden seguir las reglas de California y algunos, incluido <strong>estado de washington<\/strong>, Nueva York y Massachusetts, ya est\u00e1n preparados para hacerlo.<\/p>\n<p><a href=\"https:\/\/www.politico.com\/newsletters\/power-switch\/2022\/08\/25\/california-hits-the-gas-on-electric-cars-00053746\">Enlace del art\u00edculo<\/a><\/p>\n<p><strong>Consumer Reports: M\u00e1s estadounidenses &quot;definitivamente&quot; adquirir\u00edan veh\u00edculos el\u00e9ctricos, seg\u00fan muestra una encuesta<\/strong><\/p>\n<p>La encuesta encuentra que 71% de estadounidenses expresan alg\u00fan nivel de inter\u00e9s en comprar o arrendar un veh\u00edculo exclusivamente el\u00e9ctrico: 14% &quot;definitivamente&quot; comprar\u00edan o arrendar\u00edan uno si compraran un veh\u00edculo hoy, 22% &quot;considerar\u00edan seriamente&quot; uno, y 35% &quot; podr\u00eda\u201d considerar uno. El 14% de conductores estadounidenses que dicen que \u201cdefinitivamente\u201d comprar\u00edan o arrendar\u00edan un veh\u00edculo exclusivamente el\u00e9ctrico es notablemente superior al 4% que dijeron lo mismo en 2020.<\/p>\n<p><a href=\"https:\/\/advocacy.consumerreports.org\/press_release\/more-americans-would-definitely-get-electric-vehicles\/?utm_source=Industry+Newsletter+List+%28Last+Updated+7.12.2022%29&amp;utm_campaign=5765c715a9-EMAIL_CAMPAIGN_July_2022_Industry_NL&amp;utm_medium=email&amp;utm_term=0_9997f2c65b-5765c715a9-139970243&amp;ct=t(EMAIL_CAMPAIGN_July_2022_Industry_NL)&amp;mc_cid=5765c715a9&amp;mc_eid=d21941875e\">Enlace del art\u00edculo<\/a><\/p>\n<p><strong>ISO de California: Panel de energ\u00eda<\/strong><\/p>\n<p>California es l\u00edder en la transici\u00f3n hacia un sistema de energ\u00eda neta cero. Pero con las recientes olas de calor, realmente han tenido que quemar muchos combustibles f\u00f3siles para mantenerse frescos. Su sistema est\u00e1 peligrosamente cerca del borde rojo. Si eso sucede, comienzan a producirse apagones. El siguiente gr\u00e1fico muestra c\u00f3mo el gas natural (l\u00ednea naranja) es su fuente de energ\u00eda n\u00famero uno, necesaria especialmente durante la noche, despu\u00e9s de que el sol se ha puesto y la producci\u00f3n solar cae a cero (l\u00ednea verde). Algunas otras cosas a tener en cuenta: el almacenamiento de la bater\u00eda se carga cuando sale el sol y la energ\u00eda solar aumenta, y se descarga por la noche cuando se pone el sol (l\u00ednea amarilla). La energ\u00eda nuclear es estable, 24 horas al d\u00eda, 7 d\u00edas a la semana (l\u00ednea negra).<\/p>\n<p><img loading=\"lazy\" decoding=\"async\" class=\"alignright size-full wp-image-18650\" src=\"https:\/\/www.opalco.com\/wp-content\/uploads\/2022\/09\/calidashboard.jpg\" alt=\"panel\" width=\"1393\" height=\"653\" srcset=\"https:\/\/www.opalco.com\/wp-content\/uploads\/2022\/09\/calidashboard.jpg 1393w, https:\/\/www.opalco.com\/wp-content\/uploads\/2022\/09\/calidashboard-540x253.jpg 540w, https:\/\/www.opalco.com\/wp-content\/uploads\/2022\/09\/calidashboard-730x342.jpg 730w, https:\/\/www.opalco.com\/wp-content\/uploads\/2022\/09\/calidashboard-490x230.jpg 490w, https:\/\/www.opalco.com\/wp-content\/uploads\/2022\/09\/calidashboard-396x186.jpg 396w, https:\/\/www.opalco.com\/wp-content\/uploads\/2022\/09\/calidashboard-75x35.jpg 75w\" sizes=\"auto, (max-width: 1393px) 100vw, 1393px\" \/><\/p>\n<p><strong>CivForge: Por qu\u00e9 ha fracasado la planificaci\u00f3n clim\u00e1tica local y qu\u00e9 podemos hacer para solucionarlo<\/strong><\/p>\n<p>El condado de San Juan est\u00e1 en el coraz\u00f3n del Mar de Salish y es la zona cero de un ecosistema marino pr\u00edstino que est\u00e1 experimentando una enorme tensi\u00f3n debido al calentamiento y la acidificaci\u00f3n de los oc\u00e9anos provocados por el clima. Todas las partes interesadas (el condado de San Juan, OPALCO y otras entidades clave) deben implementar un plan de acci\u00f3n orientado a objetivos. CivForge, que ayuda a los gobiernos locales a abordar el cambio clim\u00e1tico, estudi\u00f3 por qu\u00e9 fracasan los planes clim\u00e1ticos y c\u00f3mo hacerlo mejor.<\/p>\n<p>Resultados clave:<\/p>\n<ul>\n<li>Menos de 2 de cada 5 ciudades est\u00e1n en camino de cumplir sus objetivos de emisiones.<\/li>\n<li>Las ciudades con un plan de acci\u00f3n clim\u00e1tica superan a sus pares sin plan, pero por mucho menos de lo que cabr\u00eda esperar (lo hacen 31% mejor, pero todav\u00eda tienen un desempe\u00f1o inferior en 318% si quieren alcanzar un objetivo para 2050).<\/li>\n<li>La ciudad promedio gasta menos de 0,5% de su presupuesto operativo en acci\u00f3n clim\u00e1tica. Sin embargo, las ciudades con mejor desempe\u00f1o gastan significativamente m\u00e1s en acci\u00f3n clim\u00e1tica que el promedio.<\/li>\n<li>Casi todos los equipos de acci\u00f3n clim\u00e1tica de las ciudades carecen de personal suficiente, pero aquellas comunidades con el personal m\u00e1s sobrecargado son las que est\u00e1n menos encaminadas a cumplir sus objetivos.<\/li>\n<\/ul>\n<p>Muchas ciudades comienzan con buenas intenciones y no las cumplen.<\/p>\n<p><a href=\"https:\/\/civforge.com\/local-planning-failure\">Enlace del art\u00edculo<\/a><\/p>\n<p><strong>Conclusi\u00f3n<\/strong><\/p>\n<p>Teniendo en cuenta todos los art\u00edculos anteriores, debemos asegurarnos de que la visi\u00f3n colectiva de resiliencia e independencia energ\u00e9tica, menores emisiones de carbono, muchos cargadores de veh\u00edculos el\u00e9ctricos, etc., sea seguida por un s\u00f3lido conjunto de objetivos, pol\u00edticas y acciones que est\u00e9n alineadas con el visi\u00f3n, y se persigue consistentemente en todos los niveles de la burocracia del condado.<\/p>\n<p>OPALCO se compromete a apoyar la visi\u00f3n y los objetivos del Condado en materia de acci\u00f3n clim\u00e1tica, energ\u00eda y descarbonizaci\u00f3n. OPALCO est\u00e1 buscando un plan de acci\u00f3n definitivo que logre los objetivos de cambio clim\u00e1tico. Que incluyen las siguientes preguntas clave:<\/p>\n<ul>\n<li>\u00bfQu\u00e9 nuevos recursos energ\u00e9ticos ser\u00e1n necesarios y apoyados en el condado?<\/li>\n<li>\u00bfCu\u00e1l es el plan y el calendario?<\/li>\n<li>\u00bfCu\u00e1nta tierra se necesitar\u00e1, d\u00f3nde y durante cu\u00e1nto tiempo adquirirla, NIMBY (no en mi patio trasero) y permiso?<\/li>\n<li>\u00bfCu\u00e1nto costar\u00e1, cu\u00e1l es la fuente de fondos?<\/li>\n<li>\u00bfCu\u00e1nto tiempo tardar\u00e1 en desarrollarse?<\/li>\n<\/ul>\n<p>Y mientras colaboramos con el condado, aqu\u00ed hay algunas mejores pr\u00e1cticas clave que han demostrado ser efectivas para otros gobiernos locales comprometidos con una acci\u00f3n clim\u00e1tica efectiva:<\/p>\n<ul>\n<li>Liderazgo activo de arriba hacia abajo<\/li>\n<li>Permitir certeza (corta duraci\u00f3n)<\/li>\n<li>Pol\u00edtica de apoyo y uso definitivo del suelo que permita proyectos de generaci\u00f3n renovable y eficiencia<\/li>\n<li>Disponibilidad de financiaci\u00f3n<\/li>\n<li>Establecer objetivos mensurables<\/li>\n<li>Revisi\u00f3n peri\u00f3dica de los objetivos presupuestarios a los reales.<\/li>\n<\/ul>","protected":false},"excerpt":{"rendered":"<p>A medida que se acelera la emergencia clim\u00e1tica, la energ\u00eda y la descarbonizaci\u00f3n se est\u00e1n convirtiendo en temas habituales en las principales noticias, redes sociales e investigaciones. A continuaci\u00f3n, revisamos varios elementos notables del mes pasado que... <a class=\"co-blog_post--morelink\" href=\"https:\/\/www.opalco.com\/es\/dato-breve-revision-de-noticias-sobre-el-cambio-climatico-septiembre-de-2022\/2022\/10\/\" aria-label=\"Lea m\u00e1s sobre: Dato breve: Revisi\u00f3n de noticias sobre el cambio clim\u00e1tico \u2013 Septiembre de 2022\">Leer m\u00e1s<\/a><\/p>","protected":false},"author":34,"featured_media":18653,"comment_status":"closed","ping_status":"closed","sticky":false,"template":"","format":"standard","meta":{"_acf_changed":false,"_searchwp_excluded":"","footnotes":""},"categories":[591],"tags":[],"class_list":["post-18649","post","type-post","status-publish","format-standard","has-post-thumbnail","hentry","category-our-energy-future"],"acf":[],"yoast_head":"<!-- This site is optimized with the Yoast SEO plugin v27.2 - https:\/\/yoast.com\/product\/yoast-seo-wordpress\/ -->\n<title>Quick Fact: Climate Change News Review - September 2022 - OPALCO<\/title>\n<meta name=\"robots\" content=\"index, follow, max-snippet:-1, max-image-preview:large, max-video-preview:-1\" \/>\n<link rel=\"canonical\" href=\"https:\/\/www.opalco.com\/es\/dato-breve-revision-de-noticias-sobre-el-cambio-climatico-septiembre-de-2022\/2022\/10\/\" \/>\n<meta property=\"og:locale\" content=\"es_ES\" \/>\n<meta property=\"og:type\" content=\"article\" \/>\n<meta property=\"og:title\" content=\"Quick Fact: Climate Change News Review - September 2022 - OPALCO\" \/>\n<meta property=\"og:description\" content=\"As the climate emergency accelerates, energy and decarbonization are becoming regular topics in mainstream news, social media and research. Below, we review several notable items from the past month that &hellip; Read more\" \/>\n<meta property=\"og:url\" content=\"https:\/\/www.opalco.com\/es\/dato-breve-revision-de-noticias-sobre-el-cambio-climatico-septiembre-de-2022\/2022\/10\/\" \/>\n<meta property=\"og:site_name\" content=\"OPALCO\" \/>\n<meta property=\"article:publisher\" content=\"https:\/\/www.facebook.com\/orcaspower\" \/>\n<meta property=\"article:published_time\" content=\"2022-10-14T16:12:30+00:00\" \/>\n<meta property=\"og:image\" content=\"https:\/\/www.opalco.com\/wp-content\/uploads\/2022\/09\/protectplanet670-448.jpg\" \/>\n\t<meta property=\"og:image:width\" content=\"670\" \/>\n\t<meta property=\"og:image:height\" content=\"448\" \/>\n\t<meta property=\"og:image:type\" content=\"image\/jpeg\" \/>\n<meta name=\"author\" content=\"Krista Bouchey\" \/>\n<meta name=\"twitter:card\" content=\"summary_large_image\" \/>\n<meta name=\"twitter:creator\" content=\"@OrcasPower\" \/>\n<meta name=\"twitter:site\" content=\"@orcaspower\" \/>\n<meta name=\"twitter:label1\" content=\"Written by\" \/>\n\t<meta name=\"twitter:data1\" content=\"Krista Bouchey\" \/>\n\t<meta name=\"twitter:label2\" content=\"Est. reading time\" \/>\n\t<meta name=\"twitter:data2\" content=\"7 minutos\" \/>\n<script type=\"application\/ld+json\" class=\"yoast-schema-graph\">{\"@context\":\"https:\/\/schema.org\",\"@graph\":[{\"@type\":\"Article\",\"@id\":\"https:\/\/www.opalco.com\/quick-fact-climate-change-news-review-september-2022\/2022\/10\/#article\",\"isPartOf\":{\"@id\":\"https:\/\/www.opalco.com\/quick-fact-climate-change-news-review-september-2022\/2022\/10\/\"},\"author\":{\"name\":\"Krista Bouchey\",\"@id\":\"https:\/\/www.opalco.com\/#\/schema\/person\/cebe1a1e7d66316c1c1dd7911b9f7ad3\"},\"headline\":\"Quick Fact: Climate Change News Review &#8211; September 2022\",\"datePublished\":\"2022-10-14T16:12:30+00:00\",\"mainEntityOfPage\":{\"@id\":\"https:\/\/www.opalco.com\/quick-fact-climate-change-news-review-september-2022\/2022\/10\/\"},\"wordCount\":1360,\"publisher\":{\"@id\":\"https:\/\/www.opalco.com\/#organization\"},\"image\":{\"@id\":\"https:\/\/www.opalco.com\/quick-fact-climate-change-news-review-september-2022\/2022\/10\/#primaryimage\"},\"thumbnailUrl\":\"https:\/\/www.opalco.com\/wp-content\/uploads\/2022\/09\/protectplanet670-448.jpg\",\"articleSection\":[\"Our Energy Future\"],\"inLanguage\":\"es-ES\"},{\"@type\":\"WebPage\",\"@id\":\"https:\/\/www.opalco.com\/quick-fact-climate-change-news-review-september-2022\/2022\/10\/\",\"url\":\"https:\/\/www.opalco.com\/quick-fact-climate-change-news-review-september-2022\/2022\/10\/\",\"name\":\"Quick Fact: Climate Change News Review - September 2022 - OPALCO\",\"isPartOf\":{\"@id\":\"https:\/\/www.opalco.com\/#website\"},\"primaryImageOfPage\":{\"@id\":\"https:\/\/www.opalco.com\/quick-fact-climate-change-news-review-september-2022\/2022\/10\/#primaryimage\"},\"image\":{\"@id\":\"https:\/\/www.opalco.com\/quick-fact-climate-change-news-review-september-2022\/2022\/10\/#primaryimage\"},\"thumbnailUrl\":\"https:\/\/www.opalco.com\/wp-content\/uploads\/2022\/09\/protectplanet670-448.jpg\",\"datePublished\":\"2022-10-14T16:12:30+00:00\",\"breadcrumb\":{\"@id\":\"https:\/\/www.opalco.com\/quick-fact-climate-change-news-review-september-2022\/2022\/10\/#breadcrumb\"},\"inLanguage\":\"es-ES\",\"potentialAction\":[{\"@type\":\"ReadAction\",\"target\":[\"https:\/\/www.opalco.com\/quick-fact-climate-change-news-review-september-2022\/2022\/10\/\"]}]},{\"@type\":\"ImageObject\",\"inLanguage\":\"es-ES\",\"@id\":\"https:\/\/www.opalco.com\/quick-fact-climate-change-news-review-september-2022\/2022\/10\/#primaryimage\",\"url\":\"https:\/\/www.opalco.com\/wp-content\/uploads\/2022\/09\/protectplanet670-448.jpg\",\"contentUrl\":\"https:\/\/www.opalco.com\/wp-content\/uploads\/2022\/09\/protectplanet670-448.jpg\",\"width\":670,\"height\":448,\"caption\":\"momwithkids\"},{\"@type\":\"BreadcrumbList\",\"@id\":\"https:\/\/www.opalco.com\/quick-fact-climate-change-news-review-september-2022\/2022\/10\/#breadcrumb\",\"itemListElement\":[{\"@type\":\"ListItem\",\"position\":1,\"name\":\"Home\",\"item\":\"https:\/\/www.opalco.com\/\"},{\"@type\":\"ListItem\",\"position\":2,\"name\":\"Quick Fact: Climate Change News Review &#8211; September 2022\"}]},{\"@type\":\"WebSite\",\"@id\":\"https:\/\/www.opalco.com\/#website\",\"url\":\"https:\/\/www.opalco.com\/\",\"name\":\"OPALCO\",\"description\":\"Orcas Power &amp; Light Co-op\",\"publisher\":{\"@id\":\"https:\/\/www.opalco.com\/#organization\"},\"potentialAction\":[{\"@type\":\"SearchAction\",\"target\":{\"@type\":\"EntryPoint\",\"urlTemplate\":\"https:\/\/www.opalco.com\/?s={search_term_string}\"},\"query-input\":{\"@type\":\"PropertyValueSpecification\",\"valueRequired\":true,\"valueName\":\"search_term_string\"}}],\"inLanguage\":\"es-ES\"},{\"@type\":\"Organization\",\"@id\":\"https:\/\/www.opalco.com\/#organization\",\"name\":\"Orcas Power & Light Cooperative\",\"url\":\"https:\/\/www.opalco.com\/\",\"logo\":{\"@type\":\"ImageObject\",\"inLanguage\":\"es-ES\",\"@id\":\"https:\/\/www.opalco.com\/#\/schema\/logo\/image\/\",\"url\":\"https:\/\/www.opalco.com\/wp-content\/uploads\/2015\/10\/09-full-color-logo.jpg\",\"contentUrl\":\"https:\/\/www.opalco.com\/wp-content\/uploads\/2015\/10\/09-full-color-logo.jpg\",\"width\":788,\"height\":624,\"caption\":\"Orcas Power & Light Cooperative\"},\"image\":{\"@id\":\"https:\/\/www.opalco.com\/#\/schema\/logo\/image\/\"},\"sameAs\":[\"https:\/\/www.facebook.com\/orcaspower\",\"https:\/\/x.com\/orcaspower\"]},{\"@type\":\"Person\",\"@id\":\"https:\/\/www.opalco.com\/#\/schema\/person\/cebe1a1e7d66316c1c1dd7911b9f7ad3\",\"name\":\"Krista Bouchey\",\"image\":{\"@type\":\"ImageObject\",\"inLanguage\":\"es-ES\",\"@id\":\"https:\/\/secure.gravatar.com\/avatar\/55520213b4e552fa8135f4e16078d94b4ff2df5da73caf284df5a1280b02195a?s=96&d=mm&r=g\",\"url\":\"https:\/\/secure.gravatar.com\/avatar\/55520213b4e552fa8135f4e16078d94b4ff2df5da73caf284df5a1280b02195a?s=96&d=mm&r=g\",\"contentUrl\":\"https:\/\/secure.gravatar.com\/avatar\/55520213b4e552fa8135f4e16078d94b4ff2df5da73caf284df5a1280b02195a?s=96&d=mm&r=g\",\"caption\":\"Krista Bouchey\"},\"sameAs\":[\"https:\/\/x.com\/OrcasPower\"],\"url\":\"https:\/\/www.opalco.com\/es\/author\/kbouchey\/\"}]}<\/script>\n<!-- \/ Yoast SEO plugin. -->","yoast_head_json":{"title":"Dato breve: Revisi\u00f3n de noticias sobre el cambio clim\u00e1tico - Septiembre de 2022 - OPALCO","robots":{"index":"index","follow":"follow","max-snippet":"max-snippet:-1","max-image-preview":"max-image-preview:large","max-video-preview":"max-video-preview:-1"},"canonical":"https:\/\/www.opalco.com\/es\/dato-breve-revision-de-noticias-sobre-el-cambio-climatico-septiembre-de-2022\/2022\/10\/","og_locale":"es_ES","og_type":"article","og_title":"Quick Fact: Climate Change News Review - September 2022 - OPALCO","og_description":"As the climate emergency accelerates, energy and decarbonization are becoming regular topics in mainstream news, social media and research. Below, we review several notable items from the past month that &hellip; Read more","og_url":"https:\/\/www.opalco.com\/es\/dato-breve-revision-de-noticias-sobre-el-cambio-climatico-septiembre-de-2022\/2022\/10\/","og_site_name":"OPALCO","article_publisher":"https:\/\/www.facebook.com\/orcaspower","article_published_time":"2022-10-14T16:12:30+00:00","og_image":[{"width":670,"height":448,"url":"https:\/\/www.opalco.com\/wp-content\/uploads\/2022\/09\/protectplanet670-448.jpg","type":"image\/jpeg"}],"author":"Krista Bouchey","twitter_card":"summary_large_image","twitter_creator":"@OrcasPower","twitter_site":"@orcaspower","twitter_misc":{"Written by":"Krista Bouchey","Est. reading time":"7 minutos"},"schema":{"@context":"https:\/\/schema.org","@graph":[{"@type":"Article","@id":"https:\/\/www.opalco.com\/quick-fact-climate-change-news-review-september-2022\/2022\/10\/#article","isPartOf":{"@id":"https:\/\/www.opalco.com\/quick-fact-climate-change-news-review-september-2022\/2022\/10\/"},"author":{"name":"Krista Bouchey","@id":"https:\/\/www.opalco.com\/#\/schema\/person\/cebe1a1e7d66316c1c1dd7911b9f7ad3"},"headline":"Quick Fact: Climate Change News Review &#8211; September 2022","datePublished":"2022-10-14T16:12:30+00:00","mainEntityOfPage":{"@id":"https:\/\/www.opalco.com\/quick-fact-climate-change-news-review-september-2022\/2022\/10\/"},"wordCount":1360,"publisher":{"@id":"https:\/\/www.opalco.com\/#organization"},"image":{"@id":"https:\/\/www.opalco.com\/quick-fact-climate-change-news-review-september-2022\/2022\/10\/#primaryimage"},"thumbnailUrl":"https:\/\/www.opalco.com\/wp-content\/uploads\/2022\/09\/protectplanet670-448.jpg","articleSection":["Our Energy Future"],"inLanguage":"es-ES"},{"@type":"WebPage","@id":"https:\/\/www.opalco.com\/quick-fact-climate-change-news-review-september-2022\/2022\/10\/","url":"https:\/\/www.opalco.com\/quick-fact-climate-change-news-review-september-2022\/2022\/10\/","name":"Dato breve: Revisi\u00f3n de noticias sobre el cambio clim\u00e1tico - Septiembre de 2022 - OPALCO","isPartOf":{"@id":"https:\/\/www.opalco.com\/#website"},"primaryImageOfPage":{"@id":"https:\/\/www.opalco.com\/quick-fact-climate-change-news-review-september-2022\/2022\/10\/#primaryimage"},"image":{"@id":"https:\/\/www.opalco.com\/quick-fact-climate-change-news-review-september-2022\/2022\/10\/#primaryimage"},"thumbnailUrl":"https:\/\/www.opalco.com\/wp-content\/uploads\/2022\/09\/protectplanet670-448.jpg","datePublished":"2022-10-14T16:12:30+00:00","breadcrumb":{"@id":"https:\/\/www.opalco.com\/quick-fact-climate-change-news-review-september-2022\/2022\/10\/#breadcrumb"},"inLanguage":"es-ES","potentialAction":[{"@type":"ReadAction","target":["https:\/\/www.opalco.com\/quick-fact-climate-change-news-review-september-2022\/2022\/10\/"]}]},{"@type":"ImageObject","inLanguage":"es-ES","@id":"https:\/\/www.opalco.com\/quick-fact-climate-change-news-review-september-2022\/2022\/10\/#primaryimage","url":"https:\/\/www.opalco.com\/wp-content\/uploads\/2022\/09\/protectplanet670-448.jpg","contentUrl":"https:\/\/www.opalco.com\/wp-content\/uploads\/2022\/09\/protectplanet670-448.jpg","width":670,"height":448,"caption":"momwithkids"},{"@type":"BreadcrumbList","@id":"https:\/\/www.opalco.com\/quick-fact-climate-change-news-review-september-2022\/2022\/10\/#breadcrumb","itemListElement":[{"@type":"ListItem","position":1,"name":"Home","item":"https:\/\/www.opalco.com\/"},{"@type":"ListItem","position":2,"name":"Quick Fact: Climate Change News Review &#8211; September 2022"}]},{"@type":"WebSite","@id":"https:\/\/www.opalco.com\/#website","url":"https:\/\/www.opalco.com\/","name":"OPALCO","description":"Cooperativa de energ\u00eda y luz Orcas","publisher":{"@id":"https:\/\/www.opalco.com\/#organization"},"potentialAction":[{"@type":"SearchAction","target":{"@type":"EntryPoint","urlTemplate":"https:\/\/www.opalco.com\/?s={search_term_string}"},"query-input":{"@type":"PropertyValueSpecification","valueRequired":true,"valueName":"search_term_string"}}],"inLanguage":"es-ES"},{"@type":"Organization","@id":"https:\/\/www.opalco.com\/#organization","name":"Cooperativa de energ\u00eda y luz Orcas","url":"https:\/\/www.opalco.com\/","logo":{"@type":"ImageObject","inLanguage":"es-ES","@id":"https:\/\/www.opalco.com\/#\/schema\/logo\/image\/","url":"https:\/\/www.opalco.com\/wp-content\/uploads\/2015\/10\/09-full-color-logo.jpg","contentUrl":"https:\/\/www.opalco.com\/wp-content\/uploads\/2015\/10\/09-full-color-logo.jpg","width":788,"height":624,"caption":"Orcas Power & Light Cooperative"},"image":{"@id":"https:\/\/www.opalco.com\/#\/schema\/logo\/image\/"},"sameAs":["https:\/\/www.facebook.com\/orcaspower","https:\/\/x.com\/orcaspower"]},{"@type":"Person","@id":"https:\/\/www.opalco.com\/#\/schema\/person\/cebe1a1e7d66316c1c1dd7911b9f7ad3","name":"Krista Bouchey","image":{"@type":"ImageObject","inLanguage":"es-ES","@id":"https:\/\/secure.gravatar.com\/avatar\/55520213b4e552fa8135f4e16078d94b4ff2df5da73caf284df5a1280b02195a?s=96&d=mm&r=g","url":"https:\/\/secure.gravatar.com\/avatar\/55520213b4e552fa8135f4e16078d94b4ff2df5da73caf284df5a1280b02195a?s=96&d=mm&r=g","contentUrl":"https:\/\/secure.gravatar.com\/avatar\/55520213b4e552fa8135f4e16078d94b4ff2df5da73caf284df5a1280b02195a?s=96&d=mm&r=g","caption":"Krista Bouchey"},"sameAs":["https:\/\/x.com\/OrcasPower"],"url":"https:\/\/www.opalco.com\/es\/author\/kbouchey\/"}]}},"_links":{"self":[{"href":"https:\/\/www.opalco.com\/es\/wp-json\/wp\/v2\/posts\/18649","targetHints":{"allow":["GET"]}}],"collection":[{"href":"https:\/\/www.opalco.com\/es\/wp-json\/wp\/v2\/posts"}],"about":[{"href":"https:\/\/www.opalco.com\/es\/wp-json\/wp\/v2\/types\/post"}],"author":[{"embeddable":true,"href":"https:\/\/www.opalco.com\/es\/wp-json\/wp\/v2\/users\/34"}],"replies":[{"embeddable":true,"href":"https:\/\/www.opalco.com\/es\/wp-json\/wp\/v2\/comments?post=18649"}],"version-history":[{"count":2,"href":"https:\/\/www.opalco.com\/es\/wp-json\/wp\/v2\/posts\/18649\/revisions"}],"predecessor-version":[{"id":18654,"href":"https:\/\/www.opalco.com\/es\/wp-json\/wp\/v2\/posts\/18649\/revisions\/18654"}],"wp:featuredmedia":[{"embeddable":true,"href":"https:\/\/www.opalco.com\/es\/wp-json\/wp\/v2\/media\/18653"}],"wp:attachment":[{"href":"https:\/\/www.opalco.com\/es\/wp-json\/wp\/v2\/media?parent=18649"}],"wp:term":[{"taxonomy":"category","embeddable":true,"href":"https:\/\/www.opalco.com\/es\/wp-json\/wp\/v2\/categories?post=18649"},{"taxonomy":"post_tag","embeddable":true,"href":"https:\/\/www.opalco.com\/es\/wp-json\/wp\/v2\/tags?post=18649"}],"curies":[{"name":"gracias","href":"https:\/\/api.w.org\/{rel}","templated":true}]}}