{"id":17058,"date":"2021-04-13T13:54:04","date_gmt":"2021-04-13T20:54:04","guid":{"rendered":"https:\/\/www.opalco.com\/meet-greg-and-anna-speeding-the-way-to-a-greener-future\/2021\/04\/"},"modified":"2022-06-03T09:42:05","modified_gmt":"2022-06-03T16:42:05","slug":"conozca-a-greg-y-anna-acelerando-el-camino-hacia-un-futuro-mas-verde","status":"publish","type":"post","link":"https:\/\/www.opalco.com\/es\/conozca-a-greg-y-anna-acelerando-el-camino-hacia-un-futuro-mas-verde\/2021\/04\/","title":{"rendered":"Conozca a Greg y Anna: Acelerando el camino hacia un futuro m\u00e1s verde"},"content":{"rendered":"<p><img loading=\"lazy\" decoding=\"async\" class=\"alignleft size-medium wp-image-10715\" src=\"https:\/\/www.opalco.com\/wp-content\/uploads\/2022\/05\/IMG_5321-scaled.jpg\" alt=\"greg y anna\" width=\"225\" height=\"300\" \/><\/p>\n<blockquote>\n<div dir=\"ltr\">\n<p>Greg Lewis y Anna Stevens son nuevos en la isla de San Juan en mayo de 2020. Despu\u00e9s de pasar muchos a\u00f1os visitando la isla, finalmente tuvieron la oportunidad de mudarse cuando compraron Susie&#039;s Mopeds.<\/p>\n<p>A pesar de tomar la decisi\u00f3n justo en medio de la pandemia de COVID-19, la tienda ha estado ocupada y no les faltan sue\u00f1os emocionantes sobre c\u00f3mo les gustar\u00eda darle forma al negocio. En este momento, los ciclomotores funcionan principalmente con gasolina, pero tienen planes de hacer la transici\u00f3n de la flota a la el\u00e9ctrica. Les encanta la idea de <span style=\"font-size: 18px;\">operaciones m\u00e1s limpias: menos ruido y menos contaminaci\u00f3n. La independencia energ\u00e9tica sostenible parece especialmente importante en una isla: depender menos de un gran cable el\u00e9ctrico que recorre el fondo del oc\u00e9ano.<\/span><\/p>\n<figure id=\"attachment_10716\" aria-describedby=\"caption-attachment-10716\" style=\"width: 300px\" class=\"wp-caption alignright\"><img loading=\"lazy\" decoding=\"async\" class=\"size-medium wp-image-10716\" src=\"https:\/\/www.opalco.com\/wp-content\/uploads\/2022\/05\/moped.jpg\" alt=\"ciclomotor\" width=\"300\" height=\"271\" \/><figcaption id=\"caption-attachment-10716\" class=\"wp-caption-text\">ciclomotor electrico nuevo<\/figcaption><\/figure>\n<p>Este a\u00f1o invirtieron en cuatro ciclomotores el\u00e9ctricos y algunas bicicletas el\u00e9ctricas nuevas, tambi\u00e9n conocidas como \u201ceBikes\u201d. Han estado trabajando con Rainshadow Solar para agregar paneles solares al edificio de su taller de reparaci\u00f3n, que generar\u00e1n la energ\u00eda que necesitan para cargar su creciente flota de veh\u00edculos y bicicletas el\u00e9ctricos. Les gustar\u00eda volverse completamente el\u00e9ctricos en los pr\u00f3ximos cinco a\u00f1os, a pesar de algunos desaf\u00edos, incluido el aumento del costo.<\/p>\n<p>&quot;Es emocionante tener este c\u00edrculo completo de producci\u00f3n de energ\u00eda para impulsar nuestro negocio&quot;, dice Greg. &quot;Desde los paneles solares hasta los ciclomotores el\u00e9ctricos, tiene sentido, este es el futuro&quot;. Anna se siente inspirada por su hijo de 20 a\u00f1os: \u201c\u00c9l nos recuerda el futuro y prepara este mundo no solo para nuestro tiempo sino para las generaciones venideras. \u00bfQu\u00e9 m\u00e1s podemos hacer?\u201d<\/p>\n<p>Viven en su velero de 55 pies que, el verano pasado, funcion\u00f3 completamente con energ\u00eda solar mientras estaba anclado justo al norte del puerto deportivo principal. Puede encontrar a estos dos en Cattle Point Lighthouse o Westcott Bay Oysters disfrutando de la vida isle\u00f1a; es entonces cuando tienen un descanso del negocio.<\/p>\n<p>&quot;Ser isle\u00f1o significa ser un buen vecino: dependemos unos de otros y hacer lo correcto es importante&quot;.<\/p>\n<p>Los turistas no son los \u00fanicos que se benefician de esta flota m\u00e1s limpia y ecol\u00f3gica: el transporte el\u00e9ctrico reduce la contaminaci\u00f3n del aire y del agua y, trabajando juntos como condado, comenzamos a crear un modelo m\u00e1s sostenible para todos los que nos visitan. Los lugare\u00f1os pueden venir y probar las bicicletas el\u00e9ctricas; est\u00e1n disponibles para alquilar y hacen un paseo divertido (y menos extenuante) por la isla.<\/p>\n<figure id=\"attachment_10719\" aria-describedby=\"caption-attachment-10719\" style=\"width: 300px\" class=\"wp-caption aligncenter\"><img loading=\"lazy\" decoding=\"async\" class=\"size-medium wp-image-10719\" src=\"https:\/\/www.opalco.com\/wp-content\/uploads\/2022\/05\/Resized_Resized_20210406_115742.jpg\" alt=\"instalaci\u00f3n solar\" width=\"300\" height=\"300\" \/><figcaption id=\"caption-attachment-10719\" class=\"wp-caption-text\">Instalaci\u00f3n de paneles solares<\/figcaption><\/figure>\n<\/div>\n<\/blockquote>\n<p>&nbsp;<\/p>\n<blockquote><p>&nbsp;<\/p><\/blockquote>\n<p>&nbsp;<\/p>","protected":false},"excerpt":{"rendered":"<p>Greg Lewis y Anna Stevens son nuevos en la isla de San Juan en mayo de 2020. Despu\u00e9s de pasar muchos a\u00f1os visitando la isla, finalmente tuvieron la oportunidad de mudarse... <a class=\"co-blog_post--morelink\" href=\"https:\/\/www.opalco.com\/es\/conozca-a-greg-y-anna-acelerando-el-camino-hacia-un-futuro-mas-verde\/2021\/04\/\" aria-label=\"Leer m\u00e1s sobre: Conozca a Greg y Anna: Acelerando el camino hacia un futuro m\u00e1s verde\">Leer m\u00e1s<\/a><\/p>","protected":false},"author":1,"featured_media":17063,"comment_status":"open","ping_status":"open","sticky":false,"template":"","format":"standard","meta":{"_acf_changed":false,"_searchwp_excluded":"","footnotes":""},"categories":[646,647,658,46],"tags":[],"class_list":["post-17058","post","type-post","status-publish","format-standard","has-post-thumbnail","hentry","category-climate-change-renewable-energy","category-electric-vehicles","category-member-profile","category-renewable-energy"],"acf":[],"yoast_head":"<!-- This site is optimized with the Yoast SEO plugin v27.2 - https:\/\/yoast.com\/product\/yoast-seo-wordpress\/ -->\n<title>Meet Greg and Anna: Speeding the way to a greener future - OPALCO<\/title>\n<meta name=\"robots\" content=\"index, follow, max-snippet:-1, max-image-preview:large, max-video-preview:-1\" \/>\n<link rel=\"canonical\" href=\"https:\/\/www.opalco.com\/es\/conozca-a-greg-y-anna-acelerando-el-camino-hacia-un-futuro-mas-verde\/2021\/04\/\" \/>\n<meta property=\"og:locale\" content=\"es_ES\" \/>\n<meta property=\"og:type\" content=\"article\" \/>\n<meta property=\"og:title\" content=\"Meet Greg and Anna: Speeding the way to a greener future - OPALCO\" \/>\n<meta property=\"og:description\" content=\"Greg Lewis and Anna Stevens are brand new to San Juan Island as of May 2020. After spending many years visiting the island, they finally got their chance to relocate &hellip; Read more\" \/>\n<meta property=\"og:url\" content=\"https:\/\/www.opalco.com\/es\/conozca-a-greg-y-anna-acelerando-el-camino-hacia-un-futuro-mas-verde\/2021\/04\/\" \/>\n<meta property=\"og:site_name\" content=\"OPALCO\" \/>\n<meta property=\"article:publisher\" content=\"https:\/\/www.facebook.com\/orcaspower\" \/>\n<meta property=\"article:published_time\" content=\"2021-04-13T20:54:04+00:00\" \/>\n<meta property=\"article:modified_time\" content=\"2022-06-03T16:42:05+00:00\" \/>\n<meta property=\"og:image\" content=\"https:\/\/www.opalco.com\/wp-content\/uploads\/2022\/05\/greganna-e1654274421299.jpg\" \/>\n\t<meta property=\"og:image:width\" content=\"613\" \/>\n\t<meta property=\"og:image:height\" content=\"475\" \/>\n\t<meta property=\"og:image:type\" content=\"image\/jpeg\" \/>\n<meta name=\"author\" content=\"TbbA27cHc4gWvY2u\" \/>\n<meta name=\"twitter:card\" content=\"summary_large_image\" \/>\n<meta name=\"twitter:creator\" content=\"@orcaspower\" \/>\n<meta name=\"twitter:site\" content=\"@orcaspower\" \/>\n<meta name=\"twitter:label1\" content=\"Written by\" \/>\n\t<meta name=\"twitter:data1\" content=\"TbbA27cHc4gWvY2u\" \/>\n\t<meta name=\"twitter:label2\" content=\"Est. reading time\" \/>\n\t<meta name=\"twitter:data2\" content=\"2 minutos\" \/>\n<script type=\"application\/ld+json\" class=\"yoast-schema-graph\">{\"@context\":\"https:\/\/schema.org\",\"@graph\":[{\"@type\":\"Article\",\"@id\":\"https:\/\/www.opalco.com\/meet-greg-and-anna-speeding-the-way-to-a-greener-future\/2021\/04\/#article\",\"isPartOf\":{\"@id\":\"https:\/\/www.opalco.com\/meet-greg-and-anna-speeding-the-way-to-a-greener-future\/2021\/04\/\"},\"author\":{\"name\":\"TbbA27cHc4gWvY2u\",\"@id\":\"https:\/\/www.opalco.com\/#\/schema\/person\/0dcf51a74444ff3bc38dd373b5913262\"},\"headline\":\"Meet Greg and Anna: Speeding the way to a greener future\",\"datePublished\":\"2021-04-13T20:54:04+00:00\",\"dateModified\":\"2022-06-03T16:42:05+00:00\",\"mainEntityOfPage\":{\"@id\":\"https:\/\/www.opalco.com\/meet-greg-and-anna-speeding-the-way-to-a-greener-future\/2021\/04\/\"},\"wordCount\":427,\"commentCount\":0,\"publisher\":{\"@id\":\"https:\/\/www.opalco.com\/#organization\"},\"image\":{\"@id\":\"https:\/\/www.opalco.com\/meet-greg-and-anna-speeding-the-way-to-a-greener-future\/2021\/04\/#primaryimage\"},\"thumbnailUrl\":\"https:\/\/www.opalco.com\/wp-content\/uploads\/2022\/05\/greganna-e1654274421299.jpg\",\"articleSection\":[\"Climate Change\",\"Electric Vehicles\",\"Member Profile\",\"Renewable Energy\"],\"inLanguage\":\"es-ES\",\"potentialAction\":[{\"@type\":\"CommentAction\",\"name\":\"Comment\",\"target\":[\"https:\/\/www.opalco.com\/meet-greg-and-anna-speeding-the-way-to-a-greener-future\/2021\/04\/#respond\"]}]},{\"@type\":\"WebPage\",\"@id\":\"https:\/\/www.opalco.com\/meet-greg-and-anna-speeding-the-way-to-a-greener-future\/2021\/04\/\",\"url\":\"https:\/\/www.opalco.com\/meet-greg-and-anna-speeding-the-way-to-a-greener-future\/2021\/04\/\",\"name\":\"Meet Greg and Anna: Speeding the way to a greener future - OPALCO\",\"isPartOf\":{\"@id\":\"https:\/\/www.opalco.com\/#website\"},\"primaryImageOfPage\":{\"@id\":\"https:\/\/www.opalco.com\/meet-greg-and-anna-speeding-the-way-to-a-greener-future\/2021\/04\/#primaryimage\"},\"image\":{\"@id\":\"https:\/\/www.opalco.com\/meet-greg-and-anna-speeding-the-way-to-a-greener-future\/2021\/04\/#primaryimage\"},\"thumbnailUrl\":\"https:\/\/www.opalco.com\/wp-content\/uploads\/2022\/05\/greganna-e1654274421299.jpg\",\"datePublished\":\"2021-04-13T20:54:04+00:00\",\"dateModified\":\"2022-06-03T16:42:05+00:00\",\"breadcrumb\":{\"@id\":\"https:\/\/www.opalco.com\/meet-greg-and-anna-speeding-the-way-to-a-greener-future\/2021\/04\/#breadcrumb\"},\"inLanguage\":\"es-ES\",\"potentialAction\":[{\"@type\":\"ReadAction\",\"target\":[\"https:\/\/www.opalco.com\/meet-greg-and-anna-speeding-the-way-to-a-greener-future\/2021\/04\/\"]}]},{\"@type\":\"ImageObject\",\"inLanguage\":\"es-ES\",\"@id\":\"https:\/\/www.opalco.com\/meet-greg-and-anna-speeding-the-way-to-a-greener-future\/2021\/04\/#primaryimage\",\"url\":\"https:\/\/www.opalco.com\/wp-content\/uploads\/2022\/05\/greganna-e1654274421299.jpg\",\"contentUrl\":\"https:\/\/www.opalco.com\/wp-content\/uploads\/2022\/05\/greganna-e1654274421299.jpg\",\"width\":613,\"height\":475,\"caption\":\"greganna\"},{\"@type\":\"BreadcrumbList\",\"@id\":\"https:\/\/www.opalco.com\/meet-greg-and-anna-speeding-the-way-to-a-greener-future\/2021\/04\/#breadcrumb\",\"itemListElement\":[{\"@type\":\"ListItem\",\"position\":1,\"name\":\"Home\",\"item\":\"https:\/\/www.opalco.com\/\"},{\"@type\":\"ListItem\",\"position\":2,\"name\":\"Meet Greg and Anna: Speeding the way to a greener future\"}]},{\"@type\":\"WebSite\",\"@id\":\"https:\/\/www.opalco.com\/#website\",\"url\":\"https:\/\/www.opalco.com\/\",\"name\":\"OPALCO\",\"description\":\"Orcas Power &amp; Light Co-op\",\"publisher\":{\"@id\":\"https:\/\/www.opalco.com\/#organization\"},\"potentialAction\":[{\"@type\":\"SearchAction\",\"target\":{\"@type\":\"EntryPoint\",\"urlTemplate\":\"https:\/\/www.opalco.com\/?s={search_term_string}\"},\"query-input\":{\"@type\":\"PropertyValueSpecification\",\"valueRequired\":true,\"valueName\":\"search_term_string\"}}],\"inLanguage\":\"es-ES\"},{\"@type\":\"Organization\",\"@id\":\"https:\/\/www.opalco.com\/#organization\",\"name\":\"Orcas Power & Light Cooperative\",\"url\":\"https:\/\/www.opalco.com\/\",\"logo\":{\"@type\":\"ImageObject\",\"inLanguage\":\"es-ES\",\"@id\":\"https:\/\/www.opalco.com\/#\/schema\/logo\/image\/\",\"url\":\"https:\/\/www.opalco.com\/wp-content\/uploads\/2015\/10\/09-full-color-logo.jpg\",\"contentUrl\":\"https:\/\/www.opalco.com\/wp-content\/uploads\/2015\/10\/09-full-color-logo.jpg\",\"width\":788,\"height\":624,\"caption\":\"Orcas Power & Light Cooperative\"},\"image\":{\"@id\":\"https:\/\/www.opalco.com\/#\/schema\/logo\/image\/\"},\"sameAs\":[\"https:\/\/www.facebook.com\/orcaspower\",\"https:\/\/x.com\/orcaspower\"]},{\"@type\":\"Person\",\"@id\":\"https:\/\/www.opalco.com\/#\/schema\/person\/0dcf51a74444ff3bc38dd373b5913262\",\"name\":\"TbbA27cHc4gWvY2u\",\"image\":{\"@type\":\"ImageObject\",\"inLanguage\":\"es-ES\",\"@id\":\"https:\/\/secure.gravatar.com\/avatar\/9298464b0eb9131ab803ba75771d45eb2f70d3bd56c5efe5d435ef6348507334?s=96&d=mm&r=g\",\"url\":\"https:\/\/secure.gravatar.com\/avatar\/9298464b0eb9131ab803ba75771d45eb2f70d3bd56c5efe5d435ef6348507334?s=96&d=mm&r=g\",\"contentUrl\":\"https:\/\/secure.gravatar.com\/avatar\/9298464b0eb9131ab803ba75771d45eb2f70d3bd56c5efe5d435ef6348507334?s=96&d=mm&r=g\",\"caption\":\"TbbA27cHc4gWvY2u\"},\"url\":\"https:\/\/www.opalco.com\/es\/author\/tbba27chc4gwvy2u\/\"}]}<\/script>\n<!-- \/ Yoast SEO plugin. -->","yoast_head_json":{"title":"Conozca a Greg y Anna: Acelerando el camino hacia un futuro m\u00e1s verde - OPALCO","robots":{"index":"index","follow":"follow","max-snippet":"max-snippet:-1","max-image-preview":"max-image-preview:large","max-video-preview":"max-video-preview:-1"},"canonical":"https:\/\/www.opalco.com\/es\/conozca-a-greg-y-anna-acelerando-el-camino-hacia-un-futuro-mas-verde\/2021\/04\/","og_locale":"es_ES","og_type":"article","og_title":"Meet Greg and Anna: Speeding the way to a greener future - OPALCO","og_description":"Greg Lewis and Anna Stevens are brand new to San Juan Island as of May 2020. After spending many years visiting the island, they finally got their chance to relocate &hellip; Read more","og_url":"https:\/\/www.opalco.com\/es\/conozca-a-greg-y-anna-acelerando-el-camino-hacia-un-futuro-mas-verde\/2021\/04\/","og_site_name":"OPALCO","article_publisher":"https:\/\/www.facebook.com\/orcaspower","article_published_time":"2021-04-13T20:54:04+00:00","article_modified_time":"2022-06-03T16:42:05+00:00","og_image":[{"width":613,"height":475,"url":"https:\/\/www.opalco.com\/wp-content\/uploads\/2022\/05\/greganna-e1654274421299.jpg","type":"image\/jpeg"}],"author":"TbbA27cHc4gWvY2u","twitter_card":"summary_large_image","twitter_creator":"@orcaspower","twitter_site":"@orcaspower","twitter_misc":{"Written by":"TbbA27cHc4gWvY2u","Est. reading time":"2 minutos"},"schema":{"@context":"https:\/\/schema.org","@graph":[{"@type":"Article","@id":"https:\/\/www.opalco.com\/meet-greg-and-anna-speeding-the-way-to-a-greener-future\/2021\/04\/#article","isPartOf":{"@id":"https:\/\/www.opalco.com\/meet-greg-and-anna-speeding-the-way-to-a-greener-future\/2021\/04\/"},"author":{"name":"TbbA27cHc4gWvY2u","@id":"https:\/\/www.opalco.com\/#\/schema\/person\/0dcf51a74444ff3bc38dd373b5913262"},"headline":"Meet Greg and Anna: Speeding the way to a greener future","datePublished":"2021-04-13T20:54:04+00:00","dateModified":"2022-06-03T16:42:05+00:00","mainEntityOfPage":{"@id":"https:\/\/www.opalco.com\/meet-greg-and-anna-speeding-the-way-to-a-greener-future\/2021\/04\/"},"wordCount":427,"commentCount":0,"publisher":{"@id":"https:\/\/www.opalco.com\/#organization"},"image":{"@id":"https:\/\/www.opalco.com\/meet-greg-and-anna-speeding-the-way-to-a-greener-future\/2021\/04\/#primaryimage"},"thumbnailUrl":"https:\/\/www.opalco.com\/wp-content\/uploads\/2022\/05\/greganna-e1654274421299.jpg","articleSection":["Climate Change","Electric Vehicles","Member Profile","Renewable Energy"],"inLanguage":"es-ES","potentialAction":[{"@type":"CommentAction","name":"Comment","target":["https:\/\/www.opalco.com\/meet-greg-and-anna-speeding-the-way-to-a-greener-future\/2021\/04\/#respond"]}]},{"@type":"WebPage","@id":"https:\/\/www.opalco.com\/meet-greg-and-anna-speeding-the-way-to-a-greener-future\/2021\/04\/","url":"https:\/\/www.opalco.com\/meet-greg-and-anna-speeding-the-way-to-a-greener-future\/2021\/04\/","name":"Conozca a Greg y Anna: Acelerando el camino hacia un futuro m\u00e1s verde - OPALCO","isPartOf":{"@id":"https:\/\/www.opalco.com\/#website"},"primaryImageOfPage":{"@id":"https:\/\/www.opalco.com\/meet-greg-and-anna-speeding-the-way-to-a-greener-future\/2021\/04\/#primaryimage"},"image":{"@id":"https:\/\/www.opalco.com\/meet-greg-and-anna-speeding-the-way-to-a-greener-future\/2021\/04\/#primaryimage"},"thumbnailUrl":"https:\/\/www.opalco.com\/wp-content\/uploads\/2022\/05\/greganna-e1654274421299.jpg","datePublished":"2021-04-13T20:54:04+00:00","dateModified":"2022-06-03T16:42:05+00:00","breadcrumb":{"@id":"https:\/\/www.opalco.com\/meet-greg-and-anna-speeding-the-way-to-a-greener-future\/2021\/04\/#breadcrumb"},"inLanguage":"es-ES","potentialAction":[{"@type":"ReadAction","target":["https:\/\/www.opalco.com\/meet-greg-and-anna-speeding-the-way-to-a-greener-future\/2021\/04\/"]}]},{"@type":"ImageObject","inLanguage":"es-ES","@id":"https:\/\/www.opalco.com\/meet-greg-and-anna-speeding-the-way-to-a-greener-future\/2021\/04\/#primaryimage","url":"https:\/\/www.opalco.com\/wp-content\/uploads\/2022\/05\/greganna-e1654274421299.jpg","contentUrl":"https:\/\/www.opalco.com\/wp-content\/uploads\/2022\/05\/greganna-e1654274421299.jpg","width":613,"height":475,"caption":"greganna"},{"@type":"BreadcrumbList","@id":"https:\/\/www.opalco.com\/meet-greg-and-anna-speeding-the-way-to-a-greener-future\/2021\/04\/#breadcrumb","itemListElement":[{"@type":"ListItem","position":1,"name":"Home","item":"https:\/\/www.opalco.com\/"},{"@type":"ListItem","position":2,"name":"Meet Greg and Anna: Speeding the way to a greener future"}]},{"@type":"WebSite","@id":"https:\/\/www.opalco.com\/#website","url":"https:\/\/www.opalco.com\/","name":"OPALCO","description":"Cooperativa de energ\u00eda y luz Orcas","publisher":{"@id":"https:\/\/www.opalco.com\/#organization"},"potentialAction":[{"@type":"SearchAction","target":{"@type":"EntryPoint","urlTemplate":"https:\/\/www.opalco.com\/?s={search_term_string}"},"query-input":{"@type":"PropertyValueSpecification","valueRequired":true,"valueName":"search_term_string"}}],"inLanguage":"es-ES"},{"@type":"Organization","@id":"https:\/\/www.opalco.com\/#organization","name":"Cooperativa de energ\u00eda y luz Orcas","url":"https:\/\/www.opalco.com\/","logo":{"@type":"ImageObject","inLanguage":"es-ES","@id":"https:\/\/www.opalco.com\/#\/schema\/logo\/image\/","url":"https:\/\/www.opalco.com\/wp-content\/uploads\/2015\/10\/09-full-color-logo.jpg","contentUrl":"https:\/\/www.opalco.com\/wp-content\/uploads\/2015\/10\/09-full-color-logo.jpg","width":788,"height":624,"caption":"Orcas Power & Light Cooperative"},"image":{"@id":"https:\/\/www.opalco.com\/#\/schema\/logo\/image\/"},"sameAs":["https:\/\/www.facebook.com\/orcaspower","https:\/\/x.com\/orcaspower"]},{"@type":"Person","@id":"https:\/\/www.opalco.com\/#\/schema\/person\/0dcf51a74444ff3bc38dd373b5913262","name":"TbbA27cHc4gWvY2u","image":{"@type":"ImageObject","inLanguage":"es-ES","@id":"https:\/\/secure.gravatar.com\/avatar\/9298464b0eb9131ab803ba75771d45eb2f70d3bd56c5efe5d435ef6348507334?s=96&d=mm&r=g","url":"https:\/\/secure.gravatar.com\/avatar\/9298464b0eb9131ab803ba75771d45eb2f70d3bd56c5efe5d435ef6348507334?s=96&d=mm&r=g","contentUrl":"https:\/\/secure.gravatar.com\/avatar\/9298464b0eb9131ab803ba75771d45eb2f70d3bd56c5efe5d435ef6348507334?s=96&d=mm&r=g","caption":"TbbA27cHc4gWvY2u"},"url":"https:\/\/www.opalco.com\/es\/author\/tbba27chc4gwvy2u\/"}]}},"_links":{"self":[{"href":"https:\/\/www.opalco.com\/es\/wp-json\/wp\/v2\/posts\/17058","targetHints":{"allow":["GET"]}}],"collection":[{"href":"https:\/\/www.opalco.com\/es\/wp-json\/wp\/v2\/posts"}],"about":[{"href":"https:\/\/www.opalco.com\/es\/wp-json\/wp\/v2\/types\/post"}],"author":[{"embeddable":true,"href":"https:\/\/www.opalco.com\/es\/wp-json\/wp\/v2\/users\/1"}],"replies":[{"embeddable":true,"href":"https:\/\/www.opalco.com\/es\/wp-json\/wp\/v2\/comments?post=17058"}],"version-history":[{"count":2,"href":"https:\/\/www.opalco.com\/es\/wp-json\/wp\/v2\/posts\/17058\/revisions"}],"predecessor-version":[{"id":17318,"href":"https:\/\/www.opalco.com\/es\/wp-json\/wp\/v2\/posts\/17058\/revisions\/17318"}],"wp:featuredmedia":[{"embeddable":true,"href":"https:\/\/www.opalco.com\/es\/wp-json\/wp\/v2\/media\/17063"}],"wp:attachment":[{"href":"https:\/\/www.opalco.com\/es\/wp-json\/wp\/v2\/media?parent=17058"}],"wp:term":[{"taxonomy":"category","embeddable":true,"href":"https:\/\/www.opalco.com\/es\/wp-json\/wp\/v2\/categories?post=17058"},{"taxonomy":"post_tag","embeddable":true,"href":"https:\/\/www.opalco.com\/es\/wp-json\/wp\/v2\/tags?post=17058"}],"curies":[{"name":"gracias","href":"https:\/\/api.w.org\/{rel}","templated":true}]}}