{"id":16977,"date":"2020-08-18T21:54:20","date_gmt":"2020-08-19T04:54:20","guid":{"rendered":"https:\/\/www.opalco.com\/bruce-nyden-living-the-electric-life-on-high\/2020\/08\/"},"modified":"2025-12-08T19:59:26","modified_gmt":"2025-12-09T03:59:26","slug":"bruce-nyden-viviendo-la-vida-electrica-en-las-alturas","status":"publish","type":"post","link":"https:\/\/www.opalco.com\/es\/bruce-nyden-viviendo-la-vida-electrica-en-las-alturas\/2020\/08\/","title":{"rendered":"Bruce Nyden: Viviendo la vida el\u00e9ctrica en las alturas"},"content":{"rendered":"<p><img loading=\"lazy\" decoding=\"async\" class=\"alignright size-medium wp-image-10566\" src=\"https:\/\/www.opalco.com\/wp-content\/uploads\/2022\/05\/Bruce-Nyden.jpg\" alt=\"Perfil de miembro\" width=\"300\" height=\"235\" \/>Bruce Nyden, entusiasta de las actividades al aire libre, buceador y activista por la salud de los oc\u00e9anos, ha canalizado su pasi\u00f3n por el medio ambiente hacia la eficiencia energ\u00e9tica y la energ\u00eda renovable. Su casa en Friday Harbor es un proyecto de demostraci\u00f3n de mejores pr\u00e1cticas, que presenta algunos de los \u00faltimos dispositivos ingeniosos.<\/p>\n<p>&quot;Si puedo mostrarle a la gente lo que es posible&quot;, dijo Nyden, &quot;tal vez pueda ayudar a impulsar los cambios que necesitamos para un medio ambiente saludable y alejarnos de los combustibles f\u00f3siles&quot;.<\/p>\n<p>Como uno de los primeros en adoptar veh\u00edculos el\u00e9ctricos, tiene una variedad en su camino de entrada que incluye un cami\u00f3n utilitario totalmente el\u00e9ctrico que est\u00e1 preparado para convertirse en una estaci\u00f3n de respuesta de emergencia, un puesto de arte o agr\u00edcola m\u00f3vil, o tal vez una estaci\u00f3n de carga m\u00f3vil. Hay tres cargadores de veh\u00edculos el\u00e9ctricos en su garaje y una bicicleta el\u00e9ctrica plegable. Las herramientas el\u00e9ctricas se cargan perfectamente y est\u00e1n listas para usar, incluidas una desbrozadora, una motosierra, una podadora de p\u00e9rtiga, una cortadora de c\u00e9sped y una sopladora.<\/p>\n<figure id=\"attachment_13935\" aria-describedby=\"caption-attachment-13935\" style=\"width: 300px\" class=\"wp-caption alignleft\"><a href=\"https:\/\/www.opalco.com\/wp-content\/uploads\/2022\/05\/Nyden-home.jpg\"><img loading=\"lazy\" decoding=\"async\" class=\"wp-image-13935 size-medium\" src=\"https:\/\/www.opalco.com\/wp-content\/uploads\/2022\/05\/Nyden-home.jpg\" alt=\"casa nyden\" width=\"300\" height=\"233\" \/><\/a><figcaption id=\"caption-attachment-13935\" class=\"wp-caption-text\">Paneles solares y veh\u00edculos el\u00e9ctricos fuera de la casa de Bruce Nyden<\/figcaption><\/figure>\n<p>En los tejados de su casa y tienda, los paneles solares alimentan su vida el\u00e9ctrica con una pared de bater\u00edas Sonnen como almacenamiento y respaldo. Su sistema est\u00e1 interconectado a la red OPALCO, haciendo girar su medidor hacia adelante y hacia atr\u00e1s, dependiendo del clima. En esta \u00e9poca del a\u00f1o produce m\u00e1s energ\u00eda de la que utiliza y el excedente se guarda hasta por un a\u00f1o para compensar los meses nublados. Los productores locales de energ\u00edas renovables reciben un cheque por el excedente no utilizado cada mes de abril.<\/p>\n<p>El interior de su casa tampoco se queda atr\u00e1s. Despu\u00e9s de realizar una evaluaci\u00f3n instant\u00e1nea del hogar de OPALCO, actualiz\u00f3 su iluminaci\u00f3n con LED, agreg\u00f3 aislamiento y recientemente complet\u00f3 varios proyectos Switch it Up! Proyectos para el hogar y calentamiento de agua. Despu\u00e9s de conocer sistemas m\u00e1s nuevos y eficientes, Nyden actualiz\u00f3 la bomba de calor existente para la casa y agreg\u00f3 un sistema de bomba de calor sin ductos para el edificio anexo, que alberga su tienda y oficina. \u00a1El m\u00e1s reciente Switch it Up! El proyecto era un calentador de agua con bomba de calor para reemplazar un calentador de agua de resistencia el\u00e9ctrica defectuoso en su casa. Verificar <a href=\"https:\/\/youtu.be\/bdpXfuQZXoM\">un v\u00eddeo explicando este proyecto<\/a>.<\/p>\n<p style=\"text-align: center;\"><iframe loading=\"lazy\" title=\"YouTube\" src=\"https:\/\/www.youtube.com\/embed\/bdpXfuQZXoM\" width=\"560\" height=\"315\" frameborder=\"0\" allowfullscreen=\"allowfullscreen\"><\/iframe><\/p>\n<p>\u201cEstas medidas me est\u00e1n ahorrando dinero, s\u00ed\u201d, afirm\u00f3 Nyden. \u201cPero lo m\u00e1s importante es que seguir\u00e1n pagando dividendos a la pr\u00f3xima familia que ser\u00e1 propietaria de esta casa y se extender\u00e1n en el futuro. El valor de la vivienda aumenta y tambi\u00e9n lo hacen los beneficios para el medio ambiente. Tenemos que pasarnos a la electricidad para alejarnos de los combustibles f\u00f3siles y de toda la contaminaci\u00f3n que causan, una de las cuales es la acidificaci\u00f3n de los oc\u00e9anos\u201d.<\/p>\n<p>\u00bfQue sigue? \u00a1Fibra! Nyden est\u00e1 trabajando con Rock Island, organizando su vecindario para instalar la milla intermedia de la red de fibra; cada hogar puede instalar la \u00faltima milla cuando est\u00e9 listo. Ahora que los miembros de OPALCO pueden financiar su conexi\u00f3n de fibra de \u00faltima milla en sus facturas el\u00e9ctricas con Switch it Up! es m\u00e1s accesible y, con la interrupci\u00f3n de la pandemia, m\u00e1s importante que nunca.<\/p>\n<p>&quot;La demograf\u00eda de mi vecindario es definitivamente mayor&quot;, explic\u00f3 Nyden. \u201dCon COVID-19, la fibra brindar\u00e1 a las personas la posibilidad de ver a sus m\u00e9dicos de manera segura mediante telemedicina, acceder a recursos educativos y trabajo remoto. Tambi\u00e9n permite a las personas controlar su eficiencia energ\u00e9tica de forma remota y monitorear los resultados y ahorros\u201d.<\/p>\n<p>El evangelismo de Nyden para vivir la vida el\u00e9ctrica es contagioso y su motivaci\u00f3n es simplemente compartir los beneficios de la eficiencia y la conexi\u00f3n lo m\u00e1s ampliamente posible. Utiliza SmartHub (la herramienta de uso de energ\u00eda y pago de facturas en l\u00ednea de OPALCO) para monitorear su uso, eficiencia y ahorros y est\u00e1 feliz de compartir lo que ha aprendido a trav\u00e9s de estos proyectos con los miembros de OPALCO. Si est\u00e1 interesado en obtener m\u00e1s informaci\u00f3n, cont\u00e1ctelo en: bbnyden@gmail.com.<\/p>\n<p>Para obtener m\u00e1s informaci\u00f3n sobre eficiencia energ\u00e9tica, programar una auditor\u00eda energ\u00e9tica instant\u00e1nea del hogar, solicitar reembolsos o iniciar su propio Switch it Up! proyecto, ir a <a href=\"https:\/\/www.opalco.com\/es\/\">www.opalco.com<\/a>.<\/p>","protected":false},"excerpt":{"rendered":"<p>Bruce Nyden, entusiasta de las actividades al aire libre, buceador y activista por la salud de los oc\u00e9anos, ha canalizado su pasi\u00f3n por el medio ambiente hacia la eficiencia energ\u00e9tica y la energ\u00eda renovable. Su casa el viernes... <a class=\"co-blog_post--morelink\" href=\"https:\/\/www.opalco.com\/es\/bruce-nyden-viviendo-la-vida-electrica-en-las-alturas\/2020\/08\/\" aria-label=\"Leer m\u00e1s sobre: Bruce Nyden: Viviendo la vida el\u00e9ctrica en las alturas\">Leer m\u00e1s<\/a><\/p>","protected":false},"author":1,"featured_media":16978,"comment_status":"open","ping_status":"open","sticky":false,"template":"","format":"standard","meta":{"_acf_changed":false,"_searchwp_excluded":"","footnotes":""},"categories":[643,646,647,644,652,653,46,650,656],"tags":[],"class_list":["post-16977","post","type-post","status-publish","format-standard","has-post-thumbnail","hentry","category-ask-opalco","category-climate-change-renewable-energy","category-electric-vehicles","category-energy-efficiency-conservation","category-energy-tips","category-rebates-save-money-and-electricity","category-renewable-energy","category-save-money-and-electricity","category-tech-tips"],"acf":[],"yoast_head":"<!-- This site is optimized with the Yoast SEO plugin v27.2 - https:\/\/yoast.com\/product\/yoast-seo-wordpress\/ -->\n<title>Bruce Nyden: Living the Electric Life on High - OPALCO<\/title>\n<meta name=\"robots\" content=\"index, follow, max-snippet:-1, max-image-preview:large, max-video-preview:-1\" \/>\n<link rel=\"canonical\" href=\"https:\/\/www.opalco.com\/es\/bruce-nyden-viviendo-la-vida-electrica-en-las-alturas\/2020\/08\/\" \/>\n<meta property=\"og:locale\" content=\"es_ES\" \/>\n<meta property=\"og:type\" content=\"article\" \/>\n<meta property=\"og:title\" content=\"Bruce Nyden: Living the Electric Life on High - OPALCO\" \/>\n<meta property=\"og:description\" content=\"A lifelong outdoor enthusiast, scuba diver and activist for healthy oceans, Bruce Nyden has channeled his passion for the environment into energy efficiency and renewable power. His home in Friday &hellip; Read more\" \/>\n<meta property=\"og:url\" content=\"https:\/\/www.opalco.com\/es\/bruce-nyden-viviendo-la-vida-electrica-en-las-alturas\/2020\/08\/\" \/>\n<meta property=\"og:site_name\" content=\"OPALCO\" \/>\n<meta property=\"article:publisher\" content=\"https:\/\/www.facebook.com\/orcaspower\" \/>\n<meta property=\"article:published_time\" content=\"2020-08-19T04:54:20+00:00\" \/>\n<meta property=\"article:modified_time\" content=\"2025-12-09T03:59:26+00:00\" \/>\n<meta property=\"og:image\" content=\"https:\/\/www.opalco.com\/wp-content\/uploads\/2022\/05\/Bruce-Nyden.jpg\" \/>\n\t<meta property=\"og:image:width\" content=\"900\" \/>\n\t<meta property=\"og:image:height\" content=\"706\" \/>\n\t<meta property=\"og:image:type\" content=\"image\/jpeg\" \/>\n<meta name=\"author\" content=\"TbbA27cHc4gWvY2u\" \/>\n<meta name=\"twitter:card\" content=\"summary_large_image\" \/>\n<meta name=\"twitter:creator\" content=\"@orcaspower\" \/>\n<meta name=\"twitter:site\" content=\"@orcaspower\" \/>\n<meta name=\"twitter:label1\" content=\"Written by\" \/>\n\t<meta name=\"twitter:data1\" content=\"TbbA27cHc4gWvY2u\" \/>\n\t<meta name=\"twitter:label2\" content=\"Est. reading time\" \/>\n\t<meta name=\"twitter:data2\" content=\"4 minutos\" \/>\n<script type=\"application\/ld+json\" class=\"yoast-schema-graph\">{\"@context\":\"https:\/\/schema.org\",\"@graph\":[{\"@type\":\"Article\",\"@id\":\"https:\/\/www.opalco.com\/bruce-nyden-living-the-electric-life-on-high\/2020\/08\/#article\",\"isPartOf\":{\"@id\":\"https:\/\/www.opalco.com\/bruce-nyden-living-the-electric-life-on-high\/2020\/08\/\"},\"author\":{\"name\":\"TbbA27cHc4gWvY2u\",\"@id\":\"https:\/\/www.opalco.com\/#\/schema\/person\/0dcf51a74444ff3bc38dd373b5913262\"},\"headline\":\"Bruce Nyden: Living the Electric Life on High\",\"datePublished\":\"2020-08-19T04:54:20+00:00\",\"dateModified\":\"2025-12-09T03:59:26+00:00\",\"mainEntityOfPage\":{\"@id\":\"https:\/\/www.opalco.com\/bruce-nyden-living-the-electric-life-on-high\/2020\/08\/\"},\"wordCount\":649,\"commentCount\":0,\"publisher\":{\"@id\":\"https:\/\/www.opalco.com\/#organization\"},\"image\":{\"@id\":\"https:\/\/www.opalco.com\/bruce-nyden-living-the-electric-life-on-high\/2020\/08\/#primaryimage\"},\"thumbnailUrl\":\"https:\/\/www.opalco.com\/wp-content\/uploads\/2022\/05\/Bruce-Nyden.jpg\",\"articleSection\":[\"Ask OPALCO\",\"Climate Change\",\"Electric Vehicles\",\"Energy Efficiency &amp; Conservation\",\"Energy Tips\",\"Rebates\",\"Renewable Energy\",\"Save Money and Electricity\",\"Tech Tips\"],\"inLanguage\":\"es-ES\",\"potentialAction\":[{\"@type\":\"CommentAction\",\"name\":\"Comment\",\"target\":[\"https:\/\/www.opalco.com\/bruce-nyden-living-the-electric-life-on-high\/2020\/08\/#respond\"]}]},{\"@type\":\"WebPage\",\"@id\":\"https:\/\/www.opalco.com\/bruce-nyden-living-the-electric-life-on-high\/2020\/08\/\",\"url\":\"https:\/\/www.opalco.com\/bruce-nyden-living-the-electric-life-on-high\/2020\/08\/\",\"name\":\"Bruce Nyden: Living the Electric Life on High - OPALCO\",\"isPartOf\":{\"@id\":\"https:\/\/www.opalco.com\/#website\"},\"primaryImageOfPage\":{\"@id\":\"https:\/\/www.opalco.com\/bruce-nyden-living-the-electric-life-on-high\/2020\/08\/#primaryimage\"},\"image\":{\"@id\":\"https:\/\/www.opalco.com\/bruce-nyden-living-the-electric-life-on-high\/2020\/08\/#primaryimage\"},\"thumbnailUrl\":\"https:\/\/www.opalco.com\/wp-content\/uploads\/2022\/05\/Bruce-Nyden.jpg\",\"datePublished\":\"2020-08-19T04:54:20+00:00\",\"dateModified\":\"2025-12-09T03:59:26+00:00\",\"breadcrumb\":{\"@id\":\"https:\/\/www.opalco.com\/bruce-nyden-living-the-electric-life-on-high\/2020\/08\/#breadcrumb\"},\"inLanguage\":\"es-ES\",\"potentialAction\":[{\"@type\":\"ReadAction\",\"target\":[\"https:\/\/www.opalco.com\/bruce-nyden-living-the-electric-life-on-high\/2020\/08\/\"]}]},{\"@type\":\"ImageObject\",\"inLanguage\":\"es-ES\",\"@id\":\"https:\/\/www.opalco.com\/bruce-nyden-living-the-electric-life-on-high\/2020\/08\/#primaryimage\",\"url\":\"https:\/\/www.opalco.com\/wp-content\/uploads\/2022\/05\/Bruce-Nyden.jpg\",\"contentUrl\":\"https:\/\/www.opalco.com\/wp-content\/uploads\/2022\/05\/Bruce-Nyden.jpg\",\"width\":900,\"height\":706,\"caption\":\"member profile\"},{\"@type\":\"BreadcrumbList\",\"@id\":\"https:\/\/www.opalco.com\/bruce-nyden-living-the-electric-life-on-high\/2020\/08\/#breadcrumb\",\"itemListElement\":[{\"@type\":\"ListItem\",\"position\":1,\"name\":\"Home\",\"item\":\"https:\/\/www.opalco.com\/\"},{\"@type\":\"ListItem\",\"position\":2,\"name\":\"Bruce Nyden: Living the Electric Life on High\"}]},{\"@type\":\"WebSite\",\"@id\":\"https:\/\/www.opalco.com\/#website\",\"url\":\"https:\/\/www.opalco.com\/\",\"name\":\"OPALCO\",\"description\":\"Orcas Power &amp; Light Co-op\",\"publisher\":{\"@id\":\"https:\/\/www.opalco.com\/#organization\"},\"potentialAction\":[{\"@type\":\"SearchAction\",\"target\":{\"@type\":\"EntryPoint\",\"urlTemplate\":\"https:\/\/www.opalco.com\/?s={search_term_string}\"},\"query-input\":{\"@type\":\"PropertyValueSpecification\",\"valueRequired\":true,\"valueName\":\"search_term_string\"}}],\"inLanguage\":\"es-ES\"},{\"@type\":\"Organization\",\"@id\":\"https:\/\/www.opalco.com\/#organization\",\"name\":\"Orcas Power & Light Cooperative\",\"url\":\"https:\/\/www.opalco.com\/\",\"logo\":{\"@type\":\"ImageObject\",\"inLanguage\":\"es-ES\",\"@id\":\"https:\/\/www.opalco.com\/#\/schema\/logo\/image\/\",\"url\":\"https:\/\/www.opalco.com\/wp-content\/uploads\/2015\/10\/09-full-color-logo.jpg\",\"contentUrl\":\"https:\/\/www.opalco.com\/wp-content\/uploads\/2015\/10\/09-full-color-logo.jpg\",\"width\":788,\"height\":624,\"caption\":\"Orcas Power & Light Cooperative\"},\"image\":{\"@id\":\"https:\/\/www.opalco.com\/#\/schema\/logo\/image\/\"},\"sameAs\":[\"https:\/\/www.facebook.com\/orcaspower\",\"https:\/\/x.com\/orcaspower\"]},{\"@type\":\"Person\",\"@id\":\"https:\/\/www.opalco.com\/#\/schema\/person\/0dcf51a74444ff3bc38dd373b5913262\",\"name\":\"TbbA27cHc4gWvY2u\",\"image\":{\"@type\":\"ImageObject\",\"inLanguage\":\"es-ES\",\"@id\":\"https:\/\/secure.gravatar.com\/avatar\/9298464b0eb9131ab803ba75771d45eb2f70d3bd56c5efe5d435ef6348507334?s=96&d=mm&r=g\",\"url\":\"https:\/\/secure.gravatar.com\/avatar\/9298464b0eb9131ab803ba75771d45eb2f70d3bd56c5efe5d435ef6348507334?s=96&d=mm&r=g\",\"contentUrl\":\"https:\/\/secure.gravatar.com\/avatar\/9298464b0eb9131ab803ba75771d45eb2f70d3bd56c5efe5d435ef6348507334?s=96&d=mm&r=g\",\"caption\":\"TbbA27cHc4gWvY2u\"},\"url\":\"https:\/\/www.opalco.com\/es\/author\/tbba27chc4gwvy2u\/\"}]}<\/script>\n<!-- \/ Yoast SEO plugin. -->","yoast_head_json":{"title":"Bruce Nyden: Viviendo la vida el\u00e9ctrica en las alturas - OPALCO","robots":{"index":"index","follow":"follow","max-snippet":"max-snippet:-1","max-image-preview":"max-image-preview:large","max-video-preview":"max-video-preview:-1"},"canonical":"https:\/\/www.opalco.com\/es\/bruce-nyden-viviendo-la-vida-electrica-en-las-alturas\/2020\/08\/","og_locale":"es_ES","og_type":"article","og_title":"Bruce Nyden: Living the Electric Life on High - OPALCO","og_description":"A lifelong outdoor enthusiast, scuba diver and activist for healthy oceans, Bruce Nyden has channeled his passion for the environment into energy efficiency and renewable power. His home in Friday &hellip; Read more","og_url":"https:\/\/www.opalco.com\/es\/bruce-nyden-viviendo-la-vida-electrica-en-las-alturas\/2020\/08\/","og_site_name":"OPALCO","article_publisher":"https:\/\/www.facebook.com\/orcaspower","article_published_time":"2020-08-19T04:54:20+00:00","article_modified_time":"2025-12-09T03:59:26+00:00","og_image":[{"width":900,"height":706,"url":"https:\/\/www.opalco.com\/wp-content\/uploads\/2022\/05\/Bruce-Nyden.jpg","type":"image\/jpeg"}],"author":"TbbA27cHc4gWvY2u","twitter_card":"summary_large_image","twitter_creator":"@orcaspower","twitter_site":"@orcaspower","twitter_misc":{"Written by":"TbbA27cHc4gWvY2u","Est. reading time":"4 minutos"},"schema":{"@context":"https:\/\/schema.org","@graph":[{"@type":"Article","@id":"https:\/\/www.opalco.com\/bruce-nyden-living-the-electric-life-on-high\/2020\/08\/#article","isPartOf":{"@id":"https:\/\/www.opalco.com\/bruce-nyden-living-the-electric-life-on-high\/2020\/08\/"},"author":{"name":"TbbA27cHc4gWvY2u","@id":"https:\/\/www.opalco.com\/#\/schema\/person\/0dcf51a74444ff3bc38dd373b5913262"},"headline":"Bruce Nyden: Living the Electric Life on High","datePublished":"2020-08-19T04:54:20+00:00","dateModified":"2025-12-09T03:59:26+00:00","mainEntityOfPage":{"@id":"https:\/\/www.opalco.com\/bruce-nyden-living-the-electric-life-on-high\/2020\/08\/"},"wordCount":649,"commentCount":0,"publisher":{"@id":"https:\/\/www.opalco.com\/#organization"},"image":{"@id":"https:\/\/www.opalco.com\/bruce-nyden-living-the-electric-life-on-high\/2020\/08\/#primaryimage"},"thumbnailUrl":"https:\/\/www.opalco.com\/wp-content\/uploads\/2022\/05\/Bruce-Nyden.jpg","articleSection":["Ask OPALCO","Climate Change","Electric Vehicles","Energy Efficiency &amp; Conservation","Energy Tips","Rebates","Renewable Energy","Save Money and Electricity","Tech Tips"],"inLanguage":"es-ES","potentialAction":[{"@type":"CommentAction","name":"Comment","target":["https:\/\/www.opalco.com\/bruce-nyden-living-the-electric-life-on-high\/2020\/08\/#respond"]}]},{"@type":"WebPage","@id":"https:\/\/www.opalco.com\/bruce-nyden-living-the-electric-life-on-high\/2020\/08\/","url":"https:\/\/www.opalco.com\/bruce-nyden-living-the-electric-life-on-high\/2020\/08\/","name":"Bruce Nyden: Viviendo la vida el\u00e9ctrica en las alturas - OPALCO","isPartOf":{"@id":"https:\/\/www.opalco.com\/#website"},"primaryImageOfPage":{"@id":"https:\/\/www.opalco.com\/bruce-nyden-living-the-electric-life-on-high\/2020\/08\/#primaryimage"},"image":{"@id":"https:\/\/www.opalco.com\/bruce-nyden-living-the-electric-life-on-high\/2020\/08\/#primaryimage"},"thumbnailUrl":"https:\/\/www.opalco.com\/wp-content\/uploads\/2022\/05\/Bruce-Nyden.jpg","datePublished":"2020-08-19T04:54:20+00:00","dateModified":"2025-12-09T03:59:26+00:00","breadcrumb":{"@id":"https:\/\/www.opalco.com\/bruce-nyden-living-the-electric-life-on-high\/2020\/08\/#breadcrumb"},"inLanguage":"es-ES","potentialAction":[{"@type":"ReadAction","target":["https:\/\/www.opalco.com\/bruce-nyden-living-the-electric-life-on-high\/2020\/08\/"]}]},{"@type":"ImageObject","inLanguage":"es-ES","@id":"https:\/\/www.opalco.com\/bruce-nyden-living-the-electric-life-on-high\/2020\/08\/#primaryimage","url":"https:\/\/www.opalco.com\/wp-content\/uploads\/2022\/05\/Bruce-Nyden.jpg","contentUrl":"https:\/\/www.opalco.com\/wp-content\/uploads\/2022\/05\/Bruce-Nyden.jpg","width":900,"height":706,"caption":"member profile"},{"@type":"BreadcrumbList","@id":"https:\/\/www.opalco.com\/bruce-nyden-living-the-electric-life-on-high\/2020\/08\/#breadcrumb","itemListElement":[{"@type":"ListItem","position":1,"name":"Home","item":"https:\/\/www.opalco.com\/"},{"@type":"ListItem","position":2,"name":"Bruce Nyden: Living the Electric Life on High"}]},{"@type":"WebSite","@id":"https:\/\/www.opalco.com\/#website","url":"https:\/\/www.opalco.com\/","name":"OPALCO","description":"Cooperativa de energ\u00eda y luz Orcas","publisher":{"@id":"https:\/\/www.opalco.com\/#organization"},"potentialAction":[{"@type":"SearchAction","target":{"@type":"EntryPoint","urlTemplate":"https:\/\/www.opalco.com\/?s={search_term_string}"},"query-input":{"@type":"PropertyValueSpecification","valueRequired":true,"valueName":"search_term_string"}}],"inLanguage":"es-ES"},{"@type":"Organization","@id":"https:\/\/www.opalco.com\/#organization","name":"Cooperativa de energ\u00eda y luz Orcas","url":"https:\/\/www.opalco.com\/","logo":{"@type":"ImageObject","inLanguage":"es-ES","@id":"https:\/\/www.opalco.com\/#\/schema\/logo\/image\/","url":"https:\/\/www.opalco.com\/wp-content\/uploads\/2015\/10\/09-full-color-logo.jpg","contentUrl":"https:\/\/www.opalco.com\/wp-content\/uploads\/2015\/10\/09-full-color-logo.jpg","width":788,"height":624,"caption":"Orcas Power & Light Cooperative"},"image":{"@id":"https:\/\/www.opalco.com\/#\/schema\/logo\/image\/"},"sameAs":["https:\/\/www.facebook.com\/orcaspower","https:\/\/x.com\/orcaspower"]},{"@type":"Person","@id":"https:\/\/www.opalco.com\/#\/schema\/person\/0dcf51a74444ff3bc38dd373b5913262","name":"TbbA27cHc4gWvY2u","image":{"@type":"ImageObject","inLanguage":"es-ES","@id":"https:\/\/secure.gravatar.com\/avatar\/9298464b0eb9131ab803ba75771d45eb2f70d3bd56c5efe5d435ef6348507334?s=96&d=mm&r=g","url":"https:\/\/secure.gravatar.com\/avatar\/9298464b0eb9131ab803ba75771d45eb2f70d3bd56c5efe5d435ef6348507334?s=96&d=mm&r=g","contentUrl":"https:\/\/secure.gravatar.com\/avatar\/9298464b0eb9131ab803ba75771d45eb2f70d3bd56c5efe5d435ef6348507334?s=96&d=mm&r=g","caption":"TbbA27cHc4gWvY2u"},"url":"https:\/\/www.opalco.com\/es\/author\/tbba27chc4gwvy2u\/"}]}},"_links":{"self":[{"href":"https:\/\/www.opalco.com\/es\/wp-json\/wp\/v2\/posts\/16977","targetHints":{"allow":["GET"]}}],"collection":[{"href":"https:\/\/www.opalco.com\/es\/wp-json\/wp\/v2\/posts"}],"about":[{"href":"https:\/\/www.opalco.com\/es\/wp-json\/wp\/v2\/types\/post"}],"author":[{"embeddable":true,"href":"https:\/\/www.opalco.com\/es\/wp-json\/wp\/v2\/users\/1"}],"replies":[{"embeddable":true,"href":"https:\/\/www.opalco.com\/es\/wp-json\/wp\/v2\/comments?post=16977"}],"version-history":[{"count":2,"href":"https:\/\/www.opalco.com\/es\/wp-json\/wp\/v2\/posts\/16977\/revisions"}],"predecessor-version":[{"id":24561,"href":"https:\/\/www.opalco.com\/es\/wp-json\/wp\/v2\/posts\/16977\/revisions\/24561"}],"wp:featuredmedia":[{"embeddable":true,"href":"https:\/\/www.opalco.com\/es\/wp-json\/wp\/v2\/media\/16978"}],"wp:attachment":[{"href":"https:\/\/www.opalco.com\/es\/wp-json\/wp\/v2\/media?parent=16977"}],"wp:term":[{"taxonomy":"category","embeddable":true,"href":"https:\/\/www.opalco.com\/es\/wp-json\/wp\/v2\/categories?post=16977"},{"taxonomy":"post_tag","embeddable":true,"href":"https:\/\/www.opalco.com\/es\/wp-json\/wp\/v2\/tags?post=16977"}],"curies":[{"name":"gracias","href":"https:\/\/api.w.org\/{rel}","templated":true}]}}