{"id":14611,"date":"2021-05-21T14:25:44","date_gmt":"2021-05-21T21:25:44","guid":{"rendered":"https:\/\/www.opalco.com\/?p=14611"},"modified":"2021-05-21T14:25:44","modified_gmt":"2021-05-21T21:25:44","slug":"dato-breve-asociacion-nacional-de-cooperativas-electricas-rurales-nreca","status":"publish","type":"post","link":"https:\/\/www.opalco.com\/es\/dato-breve-asociacion-nacional-de-cooperativas-electricas-rurales-nreca\/2021\/05\/","title":{"rendered":"Dato breve: Asociaci\u00f3n Nacional de Cooperativas El\u00e9ctricas Rurales (NRECA)"},"content":{"rendered":"<p><strong>NRECA apoya a nuestra cooperativa local y a nuestros empleados para servir mejor a nuestros miembros.<br \/>\n<\/strong><\/p>\n<ul>\n<li>NRECA se centra en promover, apoyar y proteger los intereses comunitarios y comerciales de las cooperativas el\u00e9ctricas mientras alimentan a las comunidades y empoderan a los miembros para mejorar su calidad de vida.<\/li>\n<li>NRECA trabaja con cooperativas miembros para anticipar, dar forma y responder a los cambios en la tecnolog\u00eda, las leyes y las pol\u00edticas p\u00fablicas y apoyar el desarrollo econ\u00f3mico en las comunidades locales de todo el pa\u00eds.<\/li>\n<li>NRECA tambi\u00e9n brinda a los miembros de la cooperativa la oportunidad de conectarse y aprender de una red nacional de expertos y pares de la industria.<\/li>\n<\/ul>\n<p>En 2019, esta asociaci\u00f3n entre cooperativas el\u00e9ctricas y NRECA:<\/p>\n<ul>\n<li>Luch\u00f3 contra la privatizaci\u00f3n de la Administraci\u00f3n de Comercializaci\u00f3n de Energ\u00eda (PMA), que pondr\u00eda en peligro la energ\u00eda hidroel\u00e9ctrica asequible y confiable para m\u00e1s de 100 millones de personas en todo el pa\u00eds. Vender estos activos de transmisi\u00f3n federales aumentar\u00eda los costos para los miembros de la cooperativa.<\/li>\n<li>Se aprob\u00f3 la Ley RURAL, que garantiza que las cooperativas el\u00e9ctricas puedan reconstruir los sistemas despu\u00e9s de tormentas severas sin riesgo de perder su estado de exenci\u00f3n de impuestos.<\/li>\n<\/ul>\n<p>La membres\u00eda en NRECA proporciona importantes beneficios que permiten a las cooperativas miembros servir mejor a las comunidades locales. Estos beneficios de membres\u00eda incluyen:<\/p>\n<ul>\n<li>Planes de salud dise\u00f1ados pensando en las cooperativas el\u00e9ctricas rurales.<\/li>\n<li>Los planes 401k y de seguridad para la jubilaci\u00f3n se centraron en ayudar a los empleados de la cooperativa a ahorrar para la jubilaci\u00f3n.<\/li>\n<li>Aproximadamente 70.000 empleados de cooperativas el\u00e9ctricas en todo el pa\u00eds obtienen acceso a estos programas de beneficios para empleados a trav\u00e9s de la membres\u00eda de su cooperativa en NRECA.<\/li>\n<li>Amplias ofertas de educaci\u00f3n y capacitaci\u00f3n que brindan a las juntas directivas y a los empleados de las cooperativas herramientas para servir mejor a sus comunidades locales y navegar el r\u00e1pido ritmo de cambio en el sector el\u00e9ctrico.<\/li>\n<li>Acceso a programas de seguridad que proporcionen a las cooperativas el\u00e9ctricas herramientas y recursos para mejorar la seguridad.<\/li>\n<li>Valiosas investigaciones, recursos y servicios de consultor\u00eda para ayudar a las cooperativas el\u00e9ctricas de Estados Unidos a operar, optimizar y transformar con \u00e9xito sus operaciones en una industria en evoluci\u00f3n.<\/li>\n<\/ul>\n<p><strong>Saber m\u00e1s:<\/strong><\/p>\n<ul>\n<li><a href=\"https:\/\/www.electric.coop\/our-mission\/\">https:\/\/www.electric.coop\/our-mission\/ <\/a><\/li>\n<li>Prop\u00f3sito cooperativo: <a href=\"https:\/\/www.youtube.com\/watch?v=XG19VaDzWUs&amp;feature=youtu.be\">https:\/\/www.youtube.com\/watch?v=XG19VaDzWUs&amp;feature=youtu.be<\/a><\/li>\n<\/ul>","protected":false},"excerpt":{"rendered":"<p>NRECA apoya a nuestra cooperativa local y a nuestros empleados para servir mejor a nuestros miembros. NRECA se centra en promover, apoyar y proteger los intereses comunitarios y comerciales de las cooperativas el\u00e9ctricas como... <a class=\"co-blog_post--morelink\" href=\"https:\/\/www.opalco.com\/es\/dato-breve-asociacion-nacional-de-cooperativas-electricas-rurales-nreca\/2021\/05\/\" aria-label=\"Lea m\u00e1s sobre: Dato breve: Asociaci\u00f3n Nacional de Cooperativas El\u00e9ctricas Rurales (NRECA)\">Leer m\u00e1s<\/a><\/p>","protected":false},"author":34,"featured_media":14612,"comment_status":"closed","ping_status":"closed","sticky":false,"template":"","format":"standard","meta":{"_acf_changed":false,"_searchwp_excluded":"","footnotes":""},"categories":[592],"tags":[],"class_list":["post-14611","post","type-post","status-publish","format-standard","has-post-thumbnail","hentry","category-co-op-governance"],"acf":[],"yoast_head":"<!-- This site is optimized with the Yoast SEO plugin v27.2 - https:\/\/yoast.com\/product\/yoast-seo-wordpress\/ -->\n<title>Quick Fact - National Rural Electric Cooperatives Association (NRECA) - OPALCO<\/title>\n<meta name=\"robots\" content=\"index, follow, max-snippet:-1, max-image-preview:large, max-video-preview:-1\" \/>\n<link rel=\"canonical\" href=\"https:\/\/www.opalco.com\/es\/dato-breve-asociacion-nacional-de-cooperativas-electricas-rurales-nreca\/2021\/05\/\" \/>\n<meta property=\"og:locale\" content=\"es_ES\" \/>\n<meta property=\"og:type\" content=\"article\" \/>\n<meta property=\"og:title\" content=\"Quick Fact - National Rural Electric Cooperatives Association (NRECA) - OPALCO\" \/>\n<meta property=\"og:description\" content=\"NRECA supports our local co-op and our employees to better serve our membership. NRECA is focused on promoting, supporting and protecting the community and business interests of electric cooperatives as &hellip; Read more\" \/>\n<meta property=\"og:url\" content=\"https:\/\/www.opalco.com\/es\/dato-breve-asociacion-nacional-de-cooperativas-electricas-rurales-nreca\/2021\/05\/\" \/>\n<meta property=\"og:site_name\" content=\"OPALCO\" \/>\n<meta property=\"article:publisher\" content=\"https:\/\/www.facebook.com\/orcaspower\" \/>\n<meta property=\"article:published_time\" content=\"2021-05-21T21:25:44+00:00\" \/>\n<meta property=\"og:image\" content=\"https:\/\/www.opalco.com\/wp-content\/uploads\/2021\/05\/NRECA-logo-with-clearspace.jpg\" \/>\n\t<meta property=\"og:image:width\" content=\"750\" \/>\n\t<meta property=\"og:image:height\" content=\"307\" \/>\n\t<meta property=\"og:image:type\" content=\"image\/jpeg\" \/>\n<meta name=\"author\" content=\"Krista Bouchey\" \/>\n<meta name=\"twitter:card\" content=\"summary_large_image\" \/>\n<meta name=\"twitter:creator\" content=\"@OrcasPower\" \/>\n<meta name=\"twitter:site\" content=\"@orcaspower\" \/>\n<meta name=\"twitter:label1\" content=\"Written by\" \/>\n\t<meta name=\"twitter:data1\" content=\"Krista Bouchey\" \/>\n\t<meta name=\"twitter:label2\" content=\"Est. reading time\" \/>\n\t<meta name=\"twitter:data2\" content=\"2 minutos\" \/>\n<script type=\"application\/ld+json\" class=\"yoast-schema-graph\">{\"@context\":\"https:\/\/schema.org\",\"@graph\":[{\"@type\":\"Article\",\"@id\":\"https:\/\/www.opalco.com\/quick-fact-national-rural-electric-cooperatives-association-nreca\/2021\/05\/#article\",\"isPartOf\":{\"@id\":\"https:\/\/www.opalco.com\/quick-fact-national-rural-electric-cooperatives-association-nreca\/2021\/05\/\"},\"author\":{\"name\":\"Krista Bouchey\",\"@id\":\"https:\/\/www.opalco.com\/#\/schema\/person\/cebe1a1e7d66316c1c1dd7911b9f7ad3\"},\"headline\":\"Quick Fact &#8211; National Rural Electric Cooperatives Association (NRECA)\",\"datePublished\":\"2021-05-21T21:25:44+00:00\",\"mainEntityOfPage\":{\"@id\":\"https:\/\/www.opalco.com\/quick-fact-national-rural-electric-cooperatives-association-nreca\/2021\/05\/\"},\"wordCount\":320,\"publisher\":{\"@id\":\"https:\/\/www.opalco.com\/#organization\"},\"image\":{\"@id\":\"https:\/\/www.opalco.com\/quick-fact-national-rural-electric-cooperatives-association-nreca\/2021\/05\/#primaryimage\"},\"thumbnailUrl\":\"https:\/\/www.opalco.com\/wp-content\/uploads\/2021\/05\/NRECA-logo-with-clearspace.jpg\",\"articleSection\":[\"Co-op Governance\"],\"inLanguage\":\"es-ES\"},{\"@type\":\"WebPage\",\"@id\":\"https:\/\/www.opalco.com\/quick-fact-national-rural-electric-cooperatives-association-nreca\/2021\/05\/\",\"url\":\"https:\/\/www.opalco.com\/quick-fact-national-rural-electric-cooperatives-association-nreca\/2021\/05\/\",\"name\":\"Quick Fact - National Rural Electric Cooperatives Association (NRECA) - OPALCO\",\"isPartOf\":{\"@id\":\"https:\/\/www.opalco.com\/#website\"},\"primaryImageOfPage\":{\"@id\":\"https:\/\/www.opalco.com\/quick-fact-national-rural-electric-cooperatives-association-nreca\/2021\/05\/#primaryimage\"},\"image\":{\"@id\":\"https:\/\/www.opalco.com\/quick-fact-national-rural-electric-cooperatives-association-nreca\/2021\/05\/#primaryimage\"},\"thumbnailUrl\":\"https:\/\/www.opalco.com\/wp-content\/uploads\/2021\/05\/NRECA-logo-with-clearspace.jpg\",\"datePublished\":\"2021-05-21T21:25:44+00:00\",\"breadcrumb\":{\"@id\":\"https:\/\/www.opalco.com\/quick-fact-national-rural-electric-cooperatives-association-nreca\/2021\/05\/#breadcrumb\"},\"inLanguage\":\"es-ES\",\"potentialAction\":[{\"@type\":\"ReadAction\",\"target\":[\"https:\/\/www.opalco.com\/quick-fact-national-rural-electric-cooperatives-association-nreca\/2021\/05\/\"]}]},{\"@type\":\"ImageObject\",\"inLanguage\":\"es-ES\",\"@id\":\"https:\/\/www.opalco.com\/quick-fact-national-rural-electric-cooperatives-association-nreca\/2021\/05\/#primaryimage\",\"url\":\"https:\/\/www.opalco.com\/wp-content\/uploads\/2021\/05\/NRECA-logo-with-clearspace.jpg\",\"contentUrl\":\"https:\/\/www.opalco.com\/wp-content\/uploads\/2021\/05\/NRECA-logo-with-clearspace.jpg\",\"width\":750,\"height\":307,\"caption\":\"NRECA\"},{\"@type\":\"BreadcrumbList\",\"@id\":\"https:\/\/www.opalco.com\/quick-fact-national-rural-electric-cooperatives-association-nreca\/2021\/05\/#breadcrumb\",\"itemListElement\":[{\"@type\":\"ListItem\",\"position\":1,\"name\":\"Home\",\"item\":\"https:\/\/www.opalco.com\/\"},{\"@type\":\"ListItem\",\"position\":2,\"name\":\"Quick Fact &#8211; National Rural Electric Cooperatives Association (NRECA)\"}]},{\"@type\":\"WebSite\",\"@id\":\"https:\/\/www.opalco.com\/#website\",\"url\":\"https:\/\/www.opalco.com\/\",\"name\":\"OPALCO\",\"description\":\"Orcas Power &amp; Light Co-op\",\"publisher\":{\"@id\":\"https:\/\/www.opalco.com\/#organization\"},\"potentialAction\":[{\"@type\":\"SearchAction\",\"target\":{\"@type\":\"EntryPoint\",\"urlTemplate\":\"https:\/\/www.opalco.com\/?s={search_term_string}\"},\"query-input\":{\"@type\":\"PropertyValueSpecification\",\"valueRequired\":true,\"valueName\":\"search_term_string\"}}],\"inLanguage\":\"es-ES\"},{\"@type\":\"Organization\",\"@id\":\"https:\/\/www.opalco.com\/#organization\",\"name\":\"Orcas Power & Light Cooperative\",\"url\":\"https:\/\/www.opalco.com\/\",\"logo\":{\"@type\":\"ImageObject\",\"inLanguage\":\"es-ES\",\"@id\":\"https:\/\/www.opalco.com\/#\/schema\/logo\/image\/\",\"url\":\"https:\/\/www.opalco.com\/wp-content\/uploads\/2015\/10\/09-full-color-logo.jpg\",\"contentUrl\":\"https:\/\/www.opalco.com\/wp-content\/uploads\/2015\/10\/09-full-color-logo.jpg\",\"width\":788,\"height\":624,\"caption\":\"Orcas Power & Light Cooperative\"},\"image\":{\"@id\":\"https:\/\/www.opalco.com\/#\/schema\/logo\/image\/\"},\"sameAs\":[\"https:\/\/www.facebook.com\/orcaspower\",\"https:\/\/x.com\/orcaspower\"]},{\"@type\":\"Person\",\"@id\":\"https:\/\/www.opalco.com\/#\/schema\/person\/cebe1a1e7d66316c1c1dd7911b9f7ad3\",\"name\":\"Krista Bouchey\",\"image\":{\"@type\":\"ImageObject\",\"inLanguage\":\"es-ES\",\"@id\":\"https:\/\/secure.gravatar.com\/avatar\/55520213b4e552fa8135f4e16078d94b4ff2df5da73caf284df5a1280b02195a?s=96&d=mm&r=g\",\"url\":\"https:\/\/secure.gravatar.com\/avatar\/55520213b4e552fa8135f4e16078d94b4ff2df5da73caf284df5a1280b02195a?s=96&d=mm&r=g\",\"contentUrl\":\"https:\/\/secure.gravatar.com\/avatar\/55520213b4e552fa8135f4e16078d94b4ff2df5da73caf284df5a1280b02195a?s=96&d=mm&r=g\",\"caption\":\"Krista Bouchey\"},\"sameAs\":[\"https:\/\/x.com\/OrcasPower\"],\"url\":\"https:\/\/www.opalco.com\/es\/author\/kbouchey\/\"}]}<\/script>\n<!-- \/ Yoast SEO plugin. -->","yoast_head_json":{"title":"Dato breve: Asociaci\u00f3n Nacional de Cooperativas El\u00e9ctricas Rurales (NRECA) - OPALCO","robots":{"index":"index","follow":"follow","max-snippet":"max-snippet:-1","max-image-preview":"max-image-preview:large","max-video-preview":"max-video-preview:-1"},"canonical":"https:\/\/www.opalco.com\/es\/dato-breve-asociacion-nacional-de-cooperativas-electricas-rurales-nreca\/2021\/05\/","og_locale":"es_ES","og_type":"article","og_title":"Quick Fact - National Rural Electric Cooperatives Association (NRECA) - OPALCO","og_description":"NRECA supports our local co-op and our employees to better serve our membership. NRECA is focused on promoting, supporting and protecting the community and business interests of electric cooperatives as &hellip; Read more","og_url":"https:\/\/www.opalco.com\/es\/dato-breve-asociacion-nacional-de-cooperativas-electricas-rurales-nreca\/2021\/05\/","og_site_name":"OPALCO","article_publisher":"https:\/\/www.facebook.com\/orcaspower","article_published_time":"2021-05-21T21:25:44+00:00","og_image":[{"width":750,"height":307,"url":"https:\/\/www.opalco.com\/wp-content\/uploads\/2021\/05\/NRECA-logo-with-clearspace.jpg","type":"image\/jpeg"}],"author":"Krista Bouchey","twitter_card":"summary_large_image","twitter_creator":"@OrcasPower","twitter_site":"@orcaspower","twitter_misc":{"Written by":"Krista Bouchey","Est. reading time":"2 minutos"},"schema":{"@context":"https:\/\/schema.org","@graph":[{"@type":"Article","@id":"https:\/\/www.opalco.com\/quick-fact-national-rural-electric-cooperatives-association-nreca\/2021\/05\/#article","isPartOf":{"@id":"https:\/\/www.opalco.com\/quick-fact-national-rural-electric-cooperatives-association-nreca\/2021\/05\/"},"author":{"name":"Krista Bouchey","@id":"https:\/\/www.opalco.com\/#\/schema\/person\/cebe1a1e7d66316c1c1dd7911b9f7ad3"},"headline":"Quick Fact &#8211; National Rural Electric Cooperatives Association (NRECA)","datePublished":"2021-05-21T21:25:44+00:00","mainEntityOfPage":{"@id":"https:\/\/www.opalco.com\/quick-fact-national-rural-electric-cooperatives-association-nreca\/2021\/05\/"},"wordCount":320,"publisher":{"@id":"https:\/\/www.opalco.com\/#organization"},"image":{"@id":"https:\/\/www.opalco.com\/quick-fact-national-rural-electric-cooperatives-association-nreca\/2021\/05\/#primaryimage"},"thumbnailUrl":"https:\/\/www.opalco.com\/wp-content\/uploads\/2021\/05\/NRECA-logo-with-clearspace.jpg","articleSection":["Co-op Governance"],"inLanguage":"es-ES"},{"@type":"WebPage","@id":"https:\/\/www.opalco.com\/quick-fact-national-rural-electric-cooperatives-association-nreca\/2021\/05\/","url":"https:\/\/www.opalco.com\/quick-fact-national-rural-electric-cooperatives-association-nreca\/2021\/05\/","name":"Dato breve: Asociaci\u00f3n Nacional de Cooperativas El\u00e9ctricas Rurales (NRECA) - OPALCO","isPartOf":{"@id":"https:\/\/www.opalco.com\/#website"},"primaryImageOfPage":{"@id":"https:\/\/www.opalco.com\/quick-fact-national-rural-electric-cooperatives-association-nreca\/2021\/05\/#primaryimage"},"image":{"@id":"https:\/\/www.opalco.com\/quick-fact-national-rural-electric-cooperatives-association-nreca\/2021\/05\/#primaryimage"},"thumbnailUrl":"https:\/\/www.opalco.com\/wp-content\/uploads\/2021\/05\/NRECA-logo-with-clearspace.jpg","datePublished":"2021-05-21T21:25:44+00:00","breadcrumb":{"@id":"https:\/\/www.opalco.com\/quick-fact-national-rural-electric-cooperatives-association-nreca\/2021\/05\/#breadcrumb"},"inLanguage":"es-ES","potentialAction":[{"@type":"ReadAction","target":["https:\/\/www.opalco.com\/quick-fact-national-rural-electric-cooperatives-association-nreca\/2021\/05\/"]}]},{"@type":"ImageObject","inLanguage":"es-ES","@id":"https:\/\/www.opalco.com\/quick-fact-national-rural-electric-cooperatives-association-nreca\/2021\/05\/#primaryimage","url":"https:\/\/www.opalco.com\/wp-content\/uploads\/2021\/05\/NRECA-logo-with-clearspace.jpg","contentUrl":"https:\/\/www.opalco.com\/wp-content\/uploads\/2021\/05\/NRECA-logo-with-clearspace.jpg","width":750,"height":307,"caption":"NRECA"},{"@type":"BreadcrumbList","@id":"https:\/\/www.opalco.com\/quick-fact-national-rural-electric-cooperatives-association-nreca\/2021\/05\/#breadcrumb","itemListElement":[{"@type":"ListItem","position":1,"name":"Home","item":"https:\/\/www.opalco.com\/"},{"@type":"ListItem","position":2,"name":"Quick Fact &#8211; National Rural Electric Cooperatives Association (NRECA)"}]},{"@type":"WebSite","@id":"https:\/\/www.opalco.com\/#website","url":"https:\/\/www.opalco.com\/","name":"OPALCO","description":"Cooperativa de energ\u00eda y luz Orcas","publisher":{"@id":"https:\/\/www.opalco.com\/#organization"},"potentialAction":[{"@type":"SearchAction","target":{"@type":"EntryPoint","urlTemplate":"https:\/\/www.opalco.com\/?s={search_term_string}"},"query-input":{"@type":"PropertyValueSpecification","valueRequired":true,"valueName":"search_term_string"}}],"inLanguage":"es-ES"},{"@type":"Organization","@id":"https:\/\/www.opalco.com\/#organization","name":"Cooperativa de energ\u00eda y luz Orcas","url":"https:\/\/www.opalco.com\/","logo":{"@type":"ImageObject","inLanguage":"es-ES","@id":"https:\/\/www.opalco.com\/#\/schema\/logo\/image\/","url":"https:\/\/www.opalco.com\/wp-content\/uploads\/2015\/10\/09-full-color-logo.jpg","contentUrl":"https:\/\/www.opalco.com\/wp-content\/uploads\/2015\/10\/09-full-color-logo.jpg","width":788,"height":624,"caption":"Orcas Power & Light Cooperative"},"image":{"@id":"https:\/\/www.opalco.com\/#\/schema\/logo\/image\/"},"sameAs":["https:\/\/www.facebook.com\/orcaspower","https:\/\/x.com\/orcaspower"]},{"@type":"Person","@id":"https:\/\/www.opalco.com\/#\/schema\/person\/cebe1a1e7d66316c1c1dd7911b9f7ad3","name":"Krista Bouchey","image":{"@type":"ImageObject","inLanguage":"es-ES","@id":"https:\/\/secure.gravatar.com\/avatar\/55520213b4e552fa8135f4e16078d94b4ff2df5da73caf284df5a1280b02195a?s=96&d=mm&r=g","url":"https:\/\/secure.gravatar.com\/avatar\/55520213b4e552fa8135f4e16078d94b4ff2df5da73caf284df5a1280b02195a?s=96&d=mm&r=g","contentUrl":"https:\/\/secure.gravatar.com\/avatar\/55520213b4e552fa8135f4e16078d94b4ff2df5da73caf284df5a1280b02195a?s=96&d=mm&r=g","caption":"Krista Bouchey"},"sameAs":["https:\/\/x.com\/OrcasPower"],"url":"https:\/\/www.opalco.com\/es\/author\/kbouchey\/"}]}},"_links":{"self":[{"href":"https:\/\/www.opalco.com\/es\/wp-json\/wp\/v2\/posts\/14611","targetHints":{"allow":["GET"]}}],"collection":[{"href":"https:\/\/www.opalco.com\/es\/wp-json\/wp\/v2\/posts"}],"about":[{"href":"https:\/\/www.opalco.com\/es\/wp-json\/wp\/v2\/types\/post"}],"author":[{"embeddable":true,"href":"https:\/\/www.opalco.com\/es\/wp-json\/wp\/v2\/users\/34"}],"replies":[{"embeddable":true,"href":"https:\/\/www.opalco.com\/es\/wp-json\/wp\/v2\/comments?post=14611"}],"version-history":[{"count":0,"href":"https:\/\/www.opalco.com\/es\/wp-json\/wp\/v2\/posts\/14611\/revisions"}],"wp:featuredmedia":[{"embeddable":true,"href":"https:\/\/www.opalco.com\/es\/wp-json\/wp\/v2\/media\/14612"}],"wp:attachment":[{"href":"https:\/\/www.opalco.com\/es\/wp-json\/wp\/v2\/media?parent=14611"}],"wp:term":[{"taxonomy":"category","embeddable":true,"href":"https:\/\/www.opalco.com\/es\/wp-json\/wp\/v2\/categories?post=14611"},{"taxonomy":"post_tag","embeddable":true,"href":"https:\/\/www.opalco.com\/es\/wp-json\/wp\/v2\/tags?post=14611"}],"curies":[{"name":"gracias","href":"https:\/\/api.w.org\/{rel}","templated":true}]}}