{"id":14445,"date":"2021-03-05T13:45:41","date_gmt":"2021-03-05T21:45:41","guid":{"rendered":"https:\/\/www.opalco.com\/?p=14445"},"modified":"2021-03-05T13:45:41","modified_gmt":"2021-03-05T21:45:41","slug":"dato-breve-sobre-la-estrategia-energetica-2021","status":"publish","type":"post","link":"https:\/\/www.opalco.com\/es\/dato-breve-sobre-la-estrategia-energetica-2021\/2021\/03\/","title":{"rendered":"Dato breve: estrategia energ\u00e9tica WA 2021"},"content":{"rendered":"<p class=\"p1\"><span class=\"s1\">Si ha le\u00eddo nuestro breve dato sobre<i> <\/i><a href=\"https:\/\/www.opalco.com\/wp-content\/uploads\/2020\/07\/quickfact-climate-impact-part-1.pdf\"><span class=\"s2\"><i>Impacto clim\u00e1tico y nuestro futuro energ\u00e9tico<\/i><\/span><\/a>, sabes:<\/span><\/p>\n<ul class=\"ul1\">\n<li class=\"li1\"><span class=\"s1\">Las emisiones globales de carbono han aumentado m\u00e1s de 30% durante los \u00faltimos 100 a\u00f1os.<\/span><\/li>\n<li class=\"li1\"><span class=\"s1\">Hasta un mill\u00f3n de especies est\u00e1n ahora en riesgo de extinci\u00f3n, muchas de ellas en cuesti\u00f3n de d\u00e9cadas.<\/span><\/li>\n<li class=\"li1\"><span class=\"s1\">Los oc\u00e9anos se han estado calentando r\u00e1pidamente en las \u00faltimas d\u00e9cadas, y aproximadamente la mitad del aumento desde 1865 se produjo en los \u00faltimos 20 a\u00f1os.<\/span><\/li>\n<\/ul>\n<p class=\"p1\"><span class=\"s1\">A nivel mundial, los gobiernos est\u00e1n acelerando sus planes para limitar la alteraci\u00f3n clim\u00e1tica. La clave es <a href=\"https:\/\/e360.yale.edu\/features\/deep-decarbonization-a-realistic-way-forward-on-climate-change\"><span class=\"s2\">descarbonizando<\/span><\/a>.<\/span><\/p>\n<p class=\"p1\"><span class=\"s1\">A la cabeza, el estado de Washington acaba de publicar su <a href=\"https:\/\/www.commerce.wa.gov\/wp-content\/uploads\/2020\/12\/Washington-State-2021-Energy-Strategy-Second-Draft-12-02-2020.pdf\"><span class=\"s2\"><i>Estrategia Energ\u00e9tica 2021<\/i><\/span><\/a>. Es un documento audaz con aspiraciones encaminado a construir una <b>equitativo<\/b>, <b>inclusivo<\/b>, <b>resiliente<\/b> <b>econom\u00eda de energ\u00eda limpia<\/b>.<\/span><\/p>\n<p class=\"p1\"><span class=\"s1\">La ley del estado de Washington declara que una estrategia energ\u00e9tica exitosa debe equilibrar tres objetivos:<\/span><\/p>\n<ul class=\"ul1\">\n<li class=\"li1\"><span class=\"s1\"><b>Mantener precios de energ\u00eda competitivos que sean justos y razonables.<\/b> para consumidores y empresas y apoyar el \u00e9xito econ\u00f3mico continuo de nuestro estado;<\/span><\/li>\n<li class=\"li1\"><span class=\"s1\"><b>Aumentar la competitividad fomentando una econom\u00eda de energ\u00eda limpia y empleos.<\/b> a trav\u00e9s del desarrollo empresarial y laboral; y<\/span><\/li>\n<li class=\"li2\"><span class=\"s1\"><b>Cumplir con las obligaciones del estado para reducir las emisiones de gases de efecto invernadero. <\/b>45% por debajo de los niveles de 1990 para 2030 y 95% por debajo para 2050.<\/span><\/li>\n<\/ul>\n<p class=\"p3\"><strong><span class=\"s1\">\u00bfC\u00f3mo cambiar\u00e1 el uso de energ\u00eda en Washington para 2050? <\/span><\/strong><\/p>\n<p class=\"p1\"><span class=\"s1\"><img loading=\"lazy\" decoding=\"async\" class=\"alignright wp-image-14443 size-medium\" src=\"https:\/\/www.opalco.com\/wp-content\/uploads\/2021\/03\/energy-demand-300x251.jpg\" alt=\"tabla de demanda de energ\u00eda\" width=\"300\" height=\"251\" srcset=\"https:\/\/www.opalco.com\/wp-content\/uploads\/2021\/03\/energy-demand-300x251.jpg 300w, https:\/\/www.opalco.com\/wp-content\/uploads\/2021\/03\/energy-demand-700x585.jpg 700w, https:\/\/www.opalco.com\/wp-content\/uploads\/2021\/03\/energy-demand-200x167.jpg 200w, https:\/\/www.opalco.com\/wp-content\/uploads\/2021\/03\/energy-demand-638x533.jpg 638w, https:\/\/www.opalco.com\/wp-content\/uploads\/2021\/03\/energy-demand-1110x927.jpg 1110w, https:\/\/www.opalco.com\/wp-content\/uploads\/2021\/03\/energy-demand.jpg 1149w\" sizes=\"auto, (max-width: 300px) 100vw, 300px\" \/>Para lograr esa reducci\u00f3n de emisiones de gases de efecto invernadero, la estrategia energ\u00e9tica de Washington reduce significativamente el uso de combustibles f\u00f3siles y los reemplaza por electricidad limpia. El resultado neto es <\/span><span class=\"s3\">Energ\u00eda Total<\/span><span class=\"s1\"> usar voluntad <\/span><span class=\"s3\">disminuir<\/span><span class=\"s1\"> por 28% (ver gr\u00e1fico a la derecha), pero <\/span><span class=\"s3\">electricidad<\/span><span class=\"s1\"> El uso crecer\u00e1 90%. Esa electricidad consistir\u00e1 principalmente de energ\u00eda hidr\u00e1ulica, e\u00f3lica y solar m\u00e1s almacenamiento. Washington est\u00e1 eliminando r\u00e1pidamente el carb\u00f3n de su mezcla de combustibles, seguido del gas natural.<\/span><\/p>\n<p class=\"p2\"><span class=\"s1\">El uso de la energ\u00eda ser\u00e1 mucho m\u00e1s eficiente, especialmente gracias a la electrificaci\u00f3n de la calefacci\u00f3n y el transporte. La friolera de 45% de las emisiones de gases de efecto invernadero de Washington provienen del transporte.<\/span><\/p>\n<p class=\"p3\"><strong><span class=\"s1\">\u00bfCu\u00e1nto costar\u00e1 el plan?<\/span><\/strong><\/p>\n<p class=\"p1\"><span class=\"s1\">Washington evalu\u00f3 una serie de escenarios y se encontr\u00f3 que el enfoque de \u201celectrificaci\u00f3n\u201d era el de menor costo. Si bien son vagos acerca de los detalles, parece que <\/span><span class=\"s3\">anual<\/span><span class=\"s1\"> Los costos netos de energ\u00eda aumentar\u00edan en alrededor de 1% del PIB para 2030 \u2013 alrededor de $6 mil millones por a\u00f1o \u2013 equivalente a un aumento de 11% en el presupuesto anual de Washington de $57 mil millones. No hay indicios de de d\u00f3nde provendr\u00e1 esta financiaci\u00f3n: \u00bfde los contribuyentes, de los impuestos, de los bonos, de los inversores, de las subvenciones, del impuesto al carbono?<\/span><\/p>\n<p class=\"p2\"><span class=\"s1\">\u00bfDesarrollar\u00e1 un salvaje oeste de inversores energ\u00e9ticos estos recursos y obligar\u00e1 a los ciudadanos de Washington a pagar \u201ctasas de mercado\u201d para satisfacer la demanda de energ\u00eda, similar a lo que hemos visto en Texas, donde el consumidor queda sujeto a precios predatorios durante las olas de fr\u00edo y calor? \u00bfondas?<\/span><\/p>\n<p class=\"p3\"><strong><span class=\"s1\">Enormes requisitos de tierra<\/span><\/strong><\/p>\n<p class=\"p1\"><span class=\"s1\">\u00bfLos detalles tambi\u00e9n son vagos con respecto a los supuestos de costos de terrenos y permisos para el despliegue de energ\u00eda solar, e\u00f3lica y de transmisi\u00f3n?<\/span><\/p>\n<p class=\"p1\"><span class=\"s1\">La tierra es un tema durmiente en la transformaci\u00f3n de la red. Desde una perspectiva nacional, se ha estimado que necesitamos construir tres l\u00edneas de transmisi\u00f3n de 1.000 millas de largo cada a\u00f1o durante los pr\u00f3ximos 30 a\u00f1os para interconectar la generaci\u00f3n solar y e\u00f3lica distribuida con la red. Y en los \u00faltimos 10 a\u00f1os no hemos construido ni uno solo. Ser\u00e1 un trabajo muy caro.<\/span><\/p>\n<p class=\"p1\"><span class=\"s1\">Para mantener la adecuaci\u00f3n de los recursos y evitar apagones continuos similares a los que hemos visto en <a href=\"https:\/\/www.wsj.com\/articles\/texas-freeze-power-grid-failure-electricity-market-incentives-11613777856\"><span class=\"s2\">Texas<\/span><\/a> y <a href=\"https:\/\/www.latimes.com\/environment\/story\/2020-10-06\/california-rolling-blackouts-climate-change-poor-planning\"><span class=\"s2\">California<\/span><\/a>, <a href=\"https:\/\/www.publicgeneratingpool.com\/studies-reports\"><span class=\"s2\">E3<\/span><\/a> estima que se necesitan 97.000 MW de nueva energ\u00eda e\u00f3lica y 46.000 MW de nueva energ\u00eda solar, lo que requiere aproximadamente de 3 a 14 millones de acres de tierra, o 100 veces la masa terrestre de Portland y Seattle juntas. No est\u00e1 claro si hay suficientes sitios que sean adecuados, adquiribles y permisibles para ese nivel de implementaci\u00f3n de energ\u00eda renovable. \u00a0<\/span><\/p>\n<p class=\"p2\"><span class=\"s1\">Y dependiendo de qu\u00e9 tan minucioso queramos reducir el uso de combustibles f\u00f3siles, Pacific Northwest National Labs estima que reemplazar el combustible para aviones en SeaTac requerir\u00eda 36% de la electricidad generada en Washington, equivalente a 5.000 nuevas turbinas e\u00f3licas.<\/span><\/p>\n<p class=\"p3\"><strong><span class=\"s1\">Enormes requisitos de transmisi\u00f3n<\/span><\/strong><\/p>\n<p class=\"p1\"><span class=\"s1\">Y una vez que se construye toda esa nueva generaci\u00f3n solar y e\u00f3lica en millones de acres de tierra occidental, \u00bfc\u00f3mo se lleva a donde se utilizar\u00e1?<\/span><\/p>\n<p class=\"p2\"><span class=\"s1\">La mayor\u00eda de los mejores sitios e\u00f3licos y solares se encuentran en Montana o Wyoming (para energ\u00eda e\u00f3lica) o en el sur de Idaho y Utah (para energ\u00eda solar). Entregar energ\u00eda de 140.000 MW de energ\u00eda e\u00f3lica y solar a los centros de carga requerir\u00eda docenas de nuevas l\u00edneas de transmisi\u00f3n de alto voltaje. \u00bfEsos estados estar\u00e1n dispuestos y ser\u00e1n capaces de comprar y permitir el terreno necesario y luego vender la energ\u00eda a Washington, en lugar de utilizarla ellos mismos? De hecho, impactando sus tierras naturales para el beneficio energ\u00e9tico de Washington. El Noroeste enfrenta el mismo problema cuando se trata de exportar nuestra preciosa energ\u00eda hidroel\u00e9ctrica a California para satisfacer su hambre de energ\u00eda firme para estabilizar su creciente cartera solar.<\/span><\/p>\n<p class=\"p4\"><strong><span class=\"s1\">Los nueve principios rectores de Washington<\/span><\/strong><\/p>\n<p class=\"p1\"><span class=\"s1\">Para alcanzar esos objetivos, la Legislatura de Washington establece nueve principios para guiar el desarrollo y la implementaci\u00f3n de estrategias.<\/span><\/p>\n<ol class=\"ul1\">\n<li class=\"li1\"><span class=\"s1\"><b>Perseguir toda eficiencia y conservaci\u00f3n energ\u00e9tica rentable<\/b> como recurso energ\u00e9tico preferido del estado, de conformidad con la ley estatal;<\/span><\/li>\n<li class=\"li1\"><span class=\"s1\"><b>Garantizar que el sistema energ\u00e9tico del estado satisfaga las necesidades de salud, bienestar y econ\u00f3micas de sus ciudadanos.<\/b> con especial \u00e9nfasis en satisfacer las necesidades de las poblaciones vulnerables y de bajos ingresos;<\/span><\/li>\n<li class=\"li1\"><span class=\"s1\"><b>Mantener y mejorar la competitividad econ\u00f3mica.<\/b> garantizando un suministro asequible y fiable de recursos energ\u00e9ticos y apoyando la innovaci\u00f3n en tecnolog\u00edas de energ\u00eda limpia, el acceso a los mercados de energ\u00eda limpia en todo el mundo y el desarrollo de empresas y mano de obra de energ\u00eda limpia;<\/span><\/li>\n<li class=\"li1\"><span class=\"s1\"><b>Reducir la dependencia de las fuentes de energ\u00eda de combustibles f\u00f3siles<\/b> mediante una mayor eficiencia y el desarrollo de fuentes de energ\u00eda m\u00e1s limpias, como la bioenerg\u00eda, fuentes de energ\u00eda bajas en carbono y gas natural, y aprovechando los recursos aut\u00f3ctonos del estado para la producci\u00f3n de energ\u00eda limpia;<\/span><\/li>\n<li class=\"li1\"><span class=\"s1\"><b>Mejorar la eficiencia del uso de energ\u00eda en el transporte.<\/b> a trav\u00e9s de avances en la tecnolog\u00eda de veh\u00edculos, mayor eficiencia del sistema, desarrollo de electricidad, biocombustibles y otros combustibles limpios, y planificaci\u00f3n del transporte regional para mejorar las opciones de transporte;<\/span><\/li>\n<li class=\"li1\"><span class=\"s1\"><b>Cumplir con los l\u00edmites legales de gases de efecto invernadero y los requisitos ambientales del estado.<\/b> a medida que el estado desarrolla y utiliza los recursos energ\u00e9ticos;<\/span><\/li>\n<li class=\"li1\"><span class=\"s1\"><b>Aprovechar la ventaja que brinda la red el\u00e9ctrica regional limpia del estado<\/b> ampliando e integrando generaci\u00f3n adicional libre de carbono y neutral en carbono, y mejorando la capacidad de transmisi\u00f3n que sirve al estado;<\/span><\/li>\n<li class=\"li1\"><span class=\"s1\"><b>Hacer del gobierno estatal un modelo de eficiencia energ\u00e9tica, uso de energ\u00eda limpia y renovable y operaciones neutrales en materia de gases de efecto invernadero.<\/b>; y<\/span><\/li>\n<li class=\"li2\"><span class=\"s1\"><b>Mantener y mejorar la infraestructura energ\u00e9tica existente de nuestro estado.<\/b>.<\/span><\/li>\n<\/ol>\n<p class=\"p4\"><strong><span class=\"s1\">No hay soluciones f\u00e1ciles<br \/>\n<\/span><\/strong><span class=\"s1\">Para descarbonizar el planeta, las naciones esencialmente est\u00e1n tratando de reemplazar una infraestructura de combustibles f\u00f3siles, desarrollada durante los \u00faltimos 100 a\u00f1os, con energ\u00eda renovable limpia, en menos de 30 a\u00f1os. Se trata de una tarea muy compleja y muy costosa, con muchas piezas m\u00f3viles y problemas que no tienen soluciones f\u00e1ciles. <\/span><\/p>\n<p class=\"p1\"><span class=\"s1\">Cada naci\u00f3n y cada estado se esfuerza por realizar un lanzamiento del Apolo a la luna y un proyecto de Manhattan, una y otra y otra vez, hasta que el trabajo est\u00e9 terminado. El presidente de la junta directiva de OPALCO, Vince Dauciunas, lo ha comparado con \u201c<i>reconstruyendo un DC-3 en un 787 Dreamliner, <\/i><\/span><span class=\"s3\"><i>mientras est\u00e1 en vuelo<\/i><\/span><span class=\"s1\"><i>, sin perder altitud ni direcci\u00f3n, y manteniendo a los pasajeros seguros y c\u00f3modos al mismo tiempo.<\/i>\u201c<\/span><\/p>\n<p class=\"p2\"><span class=\"s1\">OPALCO aplaude el papel de liderazgo de Washington en el trabajo para descarbonizar el planeta. El diablo est\u00e1 en los detalles y continuaremos monitoreando los desarrollos y compartiendo nuestra visi\u00f3n y an\u00e1lisis con los miembros de la cooperativa.<\/span><\/p>","protected":false},"excerpt":{"rendered":"<p>Si ha le\u00eddo nuestro dato breve sobre el impacto clim\u00e1tico y nuestro futuro energ\u00e9tico, lo sabr\u00e1: las emisiones globales de carbono han aumentado m\u00e1s de 30% durante los \u00faltimos 100 a\u00f1os. Como \u2026 <a class=\"co-blog_post--morelink\" href=\"https:\/\/www.opalco.com\/es\/dato-breve-sobre-la-estrategia-energetica-2021\/2021\/03\/\" aria-label=\"Lea m\u00e1s sobre: Dato breve: Estrategia energ\u00e9tica WA 2021\">Leer m\u00e1s<\/a><\/p>","protected":false},"author":34,"featured_media":14443,"comment_status":"closed","ping_status":"closed","sticky":false,"template":"","format":"standard","meta":{"_acf_changed":false,"_searchwp_excluded":"","footnotes":""},"categories":[591,589,594,46,595],"tags":[],"class_list":["post-14445","post","type-post","status-publish","format-standard","has-post-thumbnail","hentry","category-our-energy-future","category-quick-fact","category-regional-issues","category-renewable-energy","category-renewables"],"acf":[],"yoast_head":"<!-- This site is optimized with the Yoast SEO plugin v27.2 - https:\/\/yoast.com\/product\/yoast-seo-wordpress\/ -->\n<title>Quick Fact - WA 2021 Energy Strategy - OPALCO<\/title>\n<meta name=\"robots\" content=\"index, follow, max-snippet:-1, max-image-preview:large, max-video-preview:-1\" \/>\n<link rel=\"canonical\" href=\"https:\/\/www.opalco.com\/es\/dato-breve-sobre-la-estrategia-energetica-2021\/2021\/03\/\" \/>\n<meta property=\"og:locale\" content=\"es_ES\" \/>\n<meta property=\"og:type\" content=\"article\" \/>\n<meta property=\"og:title\" content=\"Quick Fact - WA 2021 Energy Strategy - OPALCO\" \/>\n<meta property=\"og:description\" content=\"If you have read our quick fact on Climate Impact and Our Energy Future, you know: Global carbon emissions have jumped more than 30% during the last 100 years. As &hellip; Read more\" \/>\n<meta property=\"og:url\" content=\"https:\/\/www.opalco.com\/es\/dato-breve-sobre-la-estrategia-energetica-2021\/2021\/03\/\" \/>\n<meta property=\"og:site_name\" content=\"OPALCO\" \/>\n<meta property=\"article:publisher\" content=\"https:\/\/www.facebook.com\/orcaspower\" \/>\n<meta property=\"article:published_time\" content=\"2021-03-05T21:45:41+00:00\" \/>\n<meta property=\"og:image\" content=\"https:\/\/www.opalco.com\/wp-content\/uploads\/2021\/03\/energy-demand.jpg\" \/>\n\t<meta property=\"og:image:width\" content=\"1149\" \/>\n\t<meta property=\"og:image:height\" content=\"960\" \/>\n\t<meta property=\"og:image:type\" content=\"image\/jpeg\" \/>\n<meta name=\"author\" content=\"Krista Bouchey\" \/>\n<meta name=\"twitter:card\" content=\"summary_large_image\" \/>\n<meta name=\"twitter:creator\" content=\"@OrcasPower\" \/>\n<meta name=\"twitter:site\" content=\"@orcaspower\" \/>\n<meta name=\"twitter:label1\" content=\"Written by\" \/>\n\t<meta name=\"twitter:data1\" content=\"Krista Bouchey\" \/>\n\t<meta name=\"twitter:label2\" content=\"Est. reading time\" \/>\n\t<meta name=\"twitter:data2\" content=\"6 minutos\" \/>\n<script type=\"application\/ld+json\" class=\"yoast-schema-graph\">{\"@context\":\"https:\/\/schema.org\",\"@graph\":[{\"@type\":\"Article\",\"@id\":\"https:\/\/www.opalco.com\/quick-fact-wa-2021-energy-strategy\/2021\/03\/#article\",\"isPartOf\":{\"@id\":\"https:\/\/www.opalco.com\/quick-fact-wa-2021-energy-strategy\/2021\/03\/\"},\"author\":{\"name\":\"Krista Bouchey\",\"@id\":\"https:\/\/www.opalco.com\/#\/schema\/person\/cebe1a1e7d66316c1c1dd7911b9f7ad3\"},\"headline\":\"Quick Fact &#8211; WA 2021 Energy Strategy\",\"datePublished\":\"2021-03-05T21:45:41+00:00\",\"mainEntityOfPage\":{\"@id\":\"https:\/\/www.opalco.com\/quick-fact-wa-2021-energy-strategy\/2021\/03\/\"},\"wordCount\":1126,\"publisher\":{\"@id\":\"https:\/\/www.opalco.com\/#organization\"},\"image\":{\"@id\":\"https:\/\/www.opalco.com\/quick-fact-wa-2021-energy-strategy\/2021\/03\/#primaryimage\"},\"thumbnailUrl\":\"https:\/\/www.opalco.com\/wp-content\/uploads\/2021\/03\/energy-demand.jpg\",\"articleSection\":[\"Our Energy Future\",\"Quick Fact\",\"Regional Issues\",\"Renewable Energy\",\"Renewables\"],\"inLanguage\":\"es-ES\"},{\"@type\":\"WebPage\",\"@id\":\"https:\/\/www.opalco.com\/quick-fact-wa-2021-energy-strategy\/2021\/03\/\",\"url\":\"https:\/\/www.opalco.com\/quick-fact-wa-2021-energy-strategy\/2021\/03\/\",\"name\":\"Quick Fact - WA 2021 Energy Strategy - OPALCO\",\"isPartOf\":{\"@id\":\"https:\/\/www.opalco.com\/#website\"},\"primaryImageOfPage\":{\"@id\":\"https:\/\/www.opalco.com\/quick-fact-wa-2021-energy-strategy\/2021\/03\/#primaryimage\"},\"image\":{\"@id\":\"https:\/\/www.opalco.com\/quick-fact-wa-2021-energy-strategy\/2021\/03\/#primaryimage\"},\"thumbnailUrl\":\"https:\/\/www.opalco.com\/wp-content\/uploads\/2021\/03\/energy-demand.jpg\",\"datePublished\":\"2021-03-05T21:45:41+00:00\",\"breadcrumb\":{\"@id\":\"https:\/\/www.opalco.com\/quick-fact-wa-2021-energy-strategy\/2021\/03\/#breadcrumb\"},\"inLanguage\":\"es-ES\",\"potentialAction\":[{\"@type\":\"ReadAction\",\"target\":[\"https:\/\/www.opalco.com\/quick-fact-wa-2021-energy-strategy\/2021\/03\/\"]}]},{\"@type\":\"ImageObject\",\"inLanguage\":\"es-ES\",\"@id\":\"https:\/\/www.opalco.com\/quick-fact-wa-2021-energy-strategy\/2021\/03\/#primaryimage\",\"url\":\"https:\/\/www.opalco.com\/wp-content\/uploads\/2021\/03\/energy-demand.jpg\",\"contentUrl\":\"https:\/\/www.opalco.com\/wp-content\/uploads\/2021\/03\/energy-demand.jpg\",\"width\":1149,\"height\":960,\"caption\":\"energy demand chart\"},{\"@type\":\"BreadcrumbList\",\"@id\":\"https:\/\/www.opalco.com\/quick-fact-wa-2021-energy-strategy\/2021\/03\/#breadcrumb\",\"itemListElement\":[{\"@type\":\"ListItem\",\"position\":1,\"name\":\"Home\",\"item\":\"https:\/\/www.opalco.com\/\"},{\"@type\":\"ListItem\",\"position\":2,\"name\":\"Quick Fact &#8211; WA 2021 Energy Strategy\"}]},{\"@type\":\"WebSite\",\"@id\":\"https:\/\/www.opalco.com\/#website\",\"url\":\"https:\/\/www.opalco.com\/\",\"name\":\"OPALCO\",\"description\":\"Orcas Power &amp; Light Co-op\",\"publisher\":{\"@id\":\"https:\/\/www.opalco.com\/#organization\"},\"potentialAction\":[{\"@type\":\"SearchAction\",\"target\":{\"@type\":\"EntryPoint\",\"urlTemplate\":\"https:\/\/www.opalco.com\/?s={search_term_string}\"},\"query-input\":{\"@type\":\"PropertyValueSpecification\",\"valueRequired\":true,\"valueName\":\"search_term_string\"}}],\"inLanguage\":\"es-ES\"},{\"@type\":\"Organization\",\"@id\":\"https:\/\/www.opalco.com\/#organization\",\"name\":\"Orcas Power & Light Cooperative\",\"url\":\"https:\/\/www.opalco.com\/\",\"logo\":{\"@type\":\"ImageObject\",\"inLanguage\":\"es-ES\",\"@id\":\"https:\/\/www.opalco.com\/#\/schema\/logo\/image\/\",\"url\":\"https:\/\/www.opalco.com\/wp-content\/uploads\/2015\/10\/09-full-color-logo.jpg\",\"contentUrl\":\"https:\/\/www.opalco.com\/wp-content\/uploads\/2015\/10\/09-full-color-logo.jpg\",\"width\":788,\"height\":624,\"caption\":\"Orcas Power & Light Cooperative\"},\"image\":{\"@id\":\"https:\/\/www.opalco.com\/#\/schema\/logo\/image\/\"},\"sameAs\":[\"https:\/\/www.facebook.com\/orcaspower\",\"https:\/\/x.com\/orcaspower\"]},{\"@type\":\"Person\",\"@id\":\"https:\/\/www.opalco.com\/#\/schema\/person\/cebe1a1e7d66316c1c1dd7911b9f7ad3\",\"name\":\"Krista Bouchey\",\"image\":{\"@type\":\"ImageObject\",\"inLanguage\":\"es-ES\",\"@id\":\"https:\/\/secure.gravatar.com\/avatar\/55520213b4e552fa8135f4e16078d94b4ff2df5da73caf284df5a1280b02195a?s=96&d=mm&r=g\",\"url\":\"https:\/\/secure.gravatar.com\/avatar\/55520213b4e552fa8135f4e16078d94b4ff2df5da73caf284df5a1280b02195a?s=96&d=mm&r=g\",\"contentUrl\":\"https:\/\/secure.gravatar.com\/avatar\/55520213b4e552fa8135f4e16078d94b4ff2df5da73caf284df5a1280b02195a?s=96&d=mm&r=g\",\"caption\":\"Krista Bouchey\"},\"sameAs\":[\"https:\/\/x.com\/OrcasPower\"],\"url\":\"https:\/\/www.opalco.com\/es\/author\/kbouchey\/\"}]}<\/script>\n<!-- \/ Yoast SEO plugin. -->","yoast_head_json":{"title":"Dato breve: Estrategia Energ\u00e9tica WA 2021 - OPALCO","robots":{"index":"index","follow":"follow","max-snippet":"max-snippet:-1","max-image-preview":"max-image-preview:large","max-video-preview":"max-video-preview:-1"},"canonical":"https:\/\/www.opalco.com\/es\/dato-breve-sobre-la-estrategia-energetica-2021\/2021\/03\/","og_locale":"es_ES","og_type":"article","og_title":"Quick Fact - WA 2021 Energy Strategy - OPALCO","og_description":"If you have read our quick fact on Climate Impact and Our Energy Future, you know: Global carbon emissions have jumped more than 30% during the last 100 years. As &hellip; Read more","og_url":"https:\/\/www.opalco.com\/es\/dato-breve-sobre-la-estrategia-energetica-2021\/2021\/03\/","og_site_name":"OPALCO","article_publisher":"https:\/\/www.facebook.com\/orcaspower","article_published_time":"2021-03-05T21:45:41+00:00","og_image":[{"width":1149,"height":960,"url":"https:\/\/www.opalco.com\/wp-content\/uploads\/2021\/03\/energy-demand.jpg","type":"image\/jpeg"}],"author":"Krista Bouchey","twitter_card":"summary_large_image","twitter_creator":"@OrcasPower","twitter_site":"@orcaspower","twitter_misc":{"Written by":"Krista Bouchey","Est. reading time":"6 minutos"},"schema":{"@context":"https:\/\/schema.org","@graph":[{"@type":"Article","@id":"https:\/\/www.opalco.com\/quick-fact-wa-2021-energy-strategy\/2021\/03\/#article","isPartOf":{"@id":"https:\/\/www.opalco.com\/quick-fact-wa-2021-energy-strategy\/2021\/03\/"},"author":{"name":"Krista Bouchey","@id":"https:\/\/www.opalco.com\/#\/schema\/person\/cebe1a1e7d66316c1c1dd7911b9f7ad3"},"headline":"Quick Fact &#8211; WA 2021 Energy Strategy","datePublished":"2021-03-05T21:45:41+00:00","mainEntityOfPage":{"@id":"https:\/\/www.opalco.com\/quick-fact-wa-2021-energy-strategy\/2021\/03\/"},"wordCount":1126,"publisher":{"@id":"https:\/\/www.opalco.com\/#organization"},"image":{"@id":"https:\/\/www.opalco.com\/quick-fact-wa-2021-energy-strategy\/2021\/03\/#primaryimage"},"thumbnailUrl":"https:\/\/www.opalco.com\/wp-content\/uploads\/2021\/03\/energy-demand.jpg","articleSection":["Our Energy Future","Quick Fact","Regional Issues","Renewable Energy","Renewables"],"inLanguage":"es-ES"},{"@type":"WebPage","@id":"https:\/\/www.opalco.com\/quick-fact-wa-2021-energy-strategy\/2021\/03\/","url":"https:\/\/www.opalco.com\/quick-fact-wa-2021-energy-strategy\/2021\/03\/","name":"Dato breve: Estrategia Energ\u00e9tica WA 2021 - OPALCO","isPartOf":{"@id":"https:\/\/www.opalco.com\/#website"},"primaryImageOfPage":{"@id":"https:\/\/www.opalco.com\/quick-fact-wa-2021-energy-strategy\/2021\/03\/#primaryimage"},"image":{"@id":"https:\/\/www.opalco.com\/quick-fact-wa-2021-energy-strategy\/2021\/03\/#primaryimage"},"thumbnailUrl":"https:\/\/www.opalco.com\/wp-content\/uploads\/2021\/03\/energy-demand.jpg","datePublished":"2021-03-05T21:45:41+00:00","breadcrumb":{"@id":"https:\/\/www.opalco.com\/quick-fact-wa-2021-energy-strategy\/2021\/03\/#breadcrumb"},"inLanguage":"es-ES","potentialAction":[{"@type":"ReadAction","target":["https:\/\/www.opalco.com\/quick-fact-wa-2021-energy-strategy\/2021\/03\/"]}]},{"@type":"ImageObject","inLanguage":"es-ES","@id":"https:\/\/www.opalco.com\/quick-fact-wa-2021-energy-strategy\/2021\/03\/#primaryimage","url":"https:\/\/www.opalco.com\/wp-content\/uploads\/2021\/03\/energy-demand.jpg","contentUrl":"https:\/\/www.opalco.com\/wp-content\/uploads\/2021\/03\/energy-demand.jpg","width":1149,"height":960,"caption":"energy demand chart"},{"@type":"BreadcrumbList","@id":"https:\/\/www.opalco.com\/quick-fact-wa-2021-energy-strategy\/2021\/03\/#breadcrumb","itemListElement":[{"@type":"ListItem","position":1,"name":"Home","item":"https:\/\/www.opalco.com\/"},{"@type":"ListItem","position":2,"name":"Quick Fact &#8211; WA 2021 Energy Strategy"}]},{"@type":"WebSite","@id":"https:\/\/www.opalco.com\/#website","url":"https:\/\/www.opalco.com\/","name":"OPALCO","description":"Cooperativa de energ\u00eda y luz Orcas","publisher":{"@id":"https:\/\/www.opalco.com\/#organization"},"potentialAction":[{"@type":"SearchAction","target":{"@type":"EntryPoint","urlTemplate":"https:\/\/www.opalco.com\/?s={search_term_string}"},"query-input":{"@type":"PropertyValueSpecification","valueRequired":true,"valueName":"search_term_string"}}],"inLanguage":"es-ES"},{"@type":"Organization","@id":"https:\/\/www.opalco.com\/#organization","name":"Cooperativa de energ\u00eda y luz Orcas","url":"https:\/\/www.opalco.com\/","logo":{"@type":"ImageObject","inLanguage":"es-ES","@id":"https:\/\/www.opalco.com\/#\/schema\/logo\/image\/","url":"https:\/\/www.opalco.com\/wp-content\/uploads\/2015\/10\/09-full-color-logo.jpg","contentUrl":"https:\/\/www.opalco.com\/wp-content\/uploads\/2015\/10\/09-full-color-logo.jpg","width":788,"height":624,"caption":"Orcas Power & Light Cooperative"},"image":{"@id":"https:\/\/www.opalco.com\/#\/schema\/logo\/image\/"},"sameAs":["https:\/\/www.facebook.com\/orcaspower","https:\/\/x.com\/orcaspower"]},{"@type":"Person","@id":"https:\/\/www.opalco.com\/#\/schema\/person\/cebe1a1e7d66316c1c1dd7911b9f7ad3","name":"Krista Bouchey","image":{"@type":"ImageObject","inLanguage":"es-ES","@id":"https:\/\/secure.gravatar.com\/avatar\/55520213b4e552fa8135f4e16078d94b4ff2df5da73caf284df5a1280b02195a?s=96&d=mm&r=g","url":"https:\/\/secure.gravatar.com\/avatar\/55520213b4e552fa8135f4e16078d94b4ff2df5da73caf284df5a1280b02195a?s=96&d=mm&r=g","contentUrl":"https:\/\/secure.gravatar.com\/avatar\/55520213b4e552fa8135f4e16078d94b4ff2df5da73caf284df5a1280b02195a?s=96&d=mm&r=g","caption":"Krista Bouchey"},"sameAs":["https:\/\/x.com\/OrcasPower"],"url":"https:\/\/www.opalco.com\/es\/author\/kbouchey\/"}]}},"_links":{"self":[{"href":"https:\/\/www.opalco.com\/es\/wp-json\/wp\/v2\/posts\/14445","targetHints":{"allow":["GET"]}}],"collection":[{"href":"https:\/\/www.opalco.com\/es\/wp-json\/wp\/v2\/posts"}],"about":[{"href":"https:\/\/www.opalco.com\/es\/wp-json\/wp\/v2\/types\/post"}],"author":[{"embeddable":true,"href":"https:\/\/www.opalco.com\/es\/wp-json\/wp\/v2\/users\/34"}],"replies":[{"embeddable":true,"href":"https:\/\/www.opalco.com\/es\/wp-json\/wp\/v2\/comments?post=14445"}],"version-history":[{"count":1,"href":"https:\/\/www.opalco.com\/es\/wp-json\/wp\/v2\/posts\/14445\/revisions"}],"predecessor-version":[{"id":14449,"href":"https:\/\/www.opalco.com\/es\/wp-json\/wp\/v2\/posts\/14445\/revisions\/14449"}],"wp:featuredmedia":[{"embeddable":true,"href":"https:\/\/www.opalco.com\/es\/wp-json\/wp\/v2\/media\/14443"}],"wp:attachment":[{"href":"https:\/\/www.opalco.com\/es\/wp-json\/wp\/v2\/media?parent=14445"}],"wp:term":[{"taxonomy":"category","embeddable":true,"href":"https:\/\/www.opalco.com\/es\/wp-json\/wp\/v2\/categories?post=14445"},{"taxonomy":"post_tag","embeddable":true,"href":"https:\/\/www.opalco.com\/es\/wp-json\/wp\/v2\/tags?post=14445"}],"curies":[{"name":"gracias","href":"https:\/\/api.w.org\/{rel}","templated":true}]}}