{"id":14368,"date":"2021-02-03T14:36:25","date_gmt":"2021-02-03T22:36:25","guid":{"rendered":"https:\/\/www.opalco.com\/?p=14368"},"modified":"2021-02-03T14:57:47","modified_gmt":"2021-02-03T22:57:47","slug":"egc-nombra-candidatos-para-las-nominaciones-electorales-de-opalco-mediante-peticion-que-vence-el-19-de-febrero","status":"publish","type":"post","link":"https:\/\/www.opalco.com\/es\/egc-nombra-candidatos-para-las-nominaciones-electorales-de-opalco-mediante-peticion-que-vence-el-19-de-febrero\/2021\/02\/","title":{"rendered":"EGC nombra candidatos para la elecci\u00f3n de OPALCO; Las nominaciones por petici\u00f3n deben entregarse el 19 de febrero"},"content":{"rendered":"<p>El Comit\u00e9 de Gobernanza y Elecciones (EGC) miembro voluntario complet\u00f3 su proceso de nominaciones y seleccion\u00f3 una lista de candidatos para la elecci\u00f3n de la Junta Directiva de OPALCO. Hay dos posiciones abiertas en el Distrito 2 (islas Orcas, Armitage, Big Double, Blakely, Fawn, Little Double y Obstruction) y una posici\u00f3n abierta (3B) en el Distrito 3 (islas L\u00f3pez, Decatur, Centro y Charles). Los siguientes fueron nominados por votaci\u00f3n del comit\u00e9:<\/p>\n<ul>\n<li>Distrito 2 (dos posiciones abiertas): Rick Christmas, Joseph Cohen, Rick Fant y Jeffrey Struthers<\/li>\n<li>Distrito 3 (un puesto vacante): Eric Beckman y Peter Garlock<\/li>\n<\/ul>\n<p>Todav\u00eda hay tiempo para que los miembros declaren su candidatura para la elecci\u00f3n de la junta directiva. Las nominaciones por petici\u00f3n vencen el 19 de febrero de 2021 a las 12:00 PT (mediod\u00eda). Los miembros de la cooperativa de los Distritos 2 o 3 pueden presentar su candidatura 1) recopilando no menos de 20 nombres y firmas de miembros aut\u00e9nticos de OPALCO que viven en su distrito en una petici\u00f3n; y 2) completar la aplicaci\u00f3n de nominaciones en <a href=\"https:\/\/www.opalco.com\/es\/solicitud-de-candidato\/\">https:\/\/www.opalco.com\/candidate-application\/<\/a>. La lista final de candidatos se publicar\u00e1 en el sitio web de OPALCO el 26 de febrero.<\/p>\n<p>Obtenga m\u00e1s informaci\u00f3n sobre el proceso de nominaciones de OPALCO en l\u00ednea: www.opalco.com\/why-run. TODOS los miembros de OPALCO votan en todas las elecciones independientemente de su distrito de origen.<\/p>\n<p>Los foros de candidatos est\u00e1n programados para el 17 de marzo a trav\u00e9s de Zoom. Las boletas y los materiales de votaci\u00f3n se enviar\u00e1n a los miembros el 22 de marzo, d\u00eda de apertura de las elecciones, y tambi\u00e9n se publicar\u00e1n en l\u00ednea en www.opalco.com. Los miembros recibir\u00e1n sus boletas por correo electr\u00f3nico o mediante USPS, seg\u00fan la preferencia indicada por cada miembro. Las boletas deben entregarse en l\u00ednea o por correo a m\u00e1s tardar a las 10:00 am (hora del Pac\u00edfico) del 21 de abril. Los resultados de las elecciones se anunciar\u00e1n el s\u00e1bado 24 de abril en la Reuni\u00f3n Anual de OPALCO (que ser\u00e1 virtual este a\u00f1o).<\/p>\n<p>Los miembros actuales del Comit\u00e9 de Elecciones y Gobernanza (EGC) son Doug Marshall, Rob Thesman, Ray Glaze, Bill Appel y Bill Severson. Hay posiciones abiertas en el CGE. Para obtener m\u00e1s informaci\u00f3n sobre el EGC o para solicitar unirse al comit\u00e9 de voluntarios, env\u00ede un correo electr\u00f3nico a comunicaciones@opalco.com.<\/p>","protected":false},"excerpt":{"rendered":"<p>El Comit\u00e9 de Gobernanza y Elecciones (EGC) miembro voluntario complet\u00f3 su proceso de nominaciones y seleccion\u00f3 una lista de candidatos para la elecci\u00f3n de la Junta Directiva de OPALCO. Hay dos abiertos... <a class=\"co-blog_post--morelink\" href=\"https:\/\/www.opalco.com\/es\/egc-nombra-candidatos-para-las-nominaciones-electorales-de-opalco-mediante-peticion-que-vence-el-19-de-febrero\/2021\/02\/\" aria-label=\"Lea m\u00e1s sobre: EGC nombra candidatos para la elecci\u00f3n de OPALCO; Las nominaciones por petici\u00f3n deben entregarse el 19 de febrero\">Leer m\u00e1s<\/a><\/p>","protected":false},"author":34,"featured_media":14369,"comment_status":"closed","ping_status":"closed","sticky":false,"template":"","format":"standard","meta":{"_acf_changed":false,"_searchwp_excluded":"","footnotes":""},"categories":[29,30,219],"tags":[],"class_list":["post-14368","post","type-post","status-publish","format-standard","has-post-thumbnail","hentry","category-board","category-board-news","category-election"],"acf":[],"yoast_head":"<!-- This site is optimized with the Yoast SEO plugin v27.2 - https:\/\/yoast.com\/product\/yoast-seo-wordpress\/ -->\n<title>EGC Names Candidates for OPALCO Election; Nominations by Petition Due Feb 19th - OPALCO<\/title>\n<meta name=\"robots\" content=\"index, follow, max-snippet:-1, max-image-preview:large, max-video-preview:-1\" \/>\n<link rel=\"canonical\" href=\"https:\/\/www.opalco.com\/es\/egc-nombra-candidatos-para-las-nominaciones-electorales-de-opalco-mediante-peticion-que-vence-el-19-de-febrero\/2021\/02\/\" \/>\n<meta property=\"og:locale\" content=\"es_ES\" \/>\n<meta property=\"og:type\" content=\"article\" \/>\n<meta property=\"og:title\" content=\"EGC Names Candidates for OPALCO Election; Nominations by Petition Due Feb 19th - OPALCO\" \/>\n<meta property=\"og:description\" content=\"The volunteer member Elections &amp; Governance Committee (EGC) has completed their nominations process and selected a slate of candidates for the OPALCO Board of Directors election. There are two open &hellip; Read more\" \/>\n<meta property=\"og:url\" content=\"https:\/\/www.opalco.com\/es\/egc-nombra-candidatos-para-las-nominaciones-electorales-de-opalco-mediante-peticion-que-vence-el-19-de-febrero\/2021\/02\/\" \/>\n<meta property=\"og:site_name\" content=\"OPALCO\" \/>\n<meta property=\"article:publisher\" content=\"https:\/\/www.facebook.com\/orcaspower\" \/>\n<meta property=\"article:published_time\" content=\"2021-02-03T22:36:25+00:00\" \/>\n<meta property=\"article:modified_time\" content=\"2021-02-03T22:57:47+00:00\" \/>\n<meta property=\"og:image\" content=\"https:\/\/www.opalco.com\/wp-content\/uploads\/2021\/02\/nominationsannouncement2021.jpg\" \/>\n\t<meta property=\"og:image:width\" content=\"612\" \/>\n\t<meta property=\"og:image:height\" content=\"792\" \/>\n\t<meta property=\"og:image:type\" content=\"image\/jpeg\" \/>\n<meta name=\"author\" content=\"Krista Bouchey\" \/>\n<meta name=\"twitter:card\" content=\"summary_large_image\" \/>\n<meta name=\"twitter:creator\" content=\"@OrcasPower\" \/>\n<meta name=\"twitter:site\" content=\"@orcaspower\" \/>\n<meta name=\"twitter:label1\" content=\"Written by\" \/>\n\t<meta name=\"twitter:data1\" content=\"Krista Bouchey\" \/>\n\t<meta name=\"twitter:label2\" content=\"Est. reading time\" \/>\n\t<meta name=\"twitter:data2\" content=\"2 minutos\" \/>\n<script type=\"application\/ld+json\" class=\"yoast-schema-graph\">{\"@context\":\"https:\/\/schema.org\",\"@graph\":[{\"@type\":\"Article\",\"@id\":\"https:\/\/www.opalco.com\/egc-names-candidates-for-opalco-election-nominations-by-petition-due-feb-19h\/2021\/02\/#article\",\"isPartOf\":{\"@id\":\"https:\/\/www.opalco.com\/egc-names-candidates-for-opalco-election-nominations-by-petition-due-feb-19h\/2021\/02\/\"},\"author\":{\"name\":\"Krista Bouchey\",\"@id\":\"https:\/\/www.opalco.com\/#\/schema\/person\/cebe1a1e7d66316c1c1dd7911b9f7ad3\"},\"headline\":\"EGC Names Candidates for OPALCO Election; Nominations by Petition Due Feb 19th\",\"datePublished\":\"2021-02-03T22:36:25+00:00\",\"dateModified\":\"2021-02-03T22:57:47+00:00\",\"mainEntityOfPage\":{\"@id\":\"https:\/\/www.opalco.com\/egc-names-candidates-for-opalco-election-nominations-by-petition-due-feb-19h\/2021\/02\/\"},\"wordCount\":338,\"publisher\":{\"@id\":\"https:\/\/www.opalco.com\/#organization\"},\"image\":{\"@id\":\"https:\/\/www.opalco.com\/egc-names-candidates-for-opalco-election-nominations-by-petition-due-feb-19h\/2021\/02\/#primaryimage\"},\"thumbnailUrl\":\"https:\/\/www.opalco.com\/wp-content\/uploads\/2021\/02\/nominationsannouncement2021.jpg\",\"articleSection\":[\"Board\",\"Board News\",\"Election\"],\"inLanguage\":\"es-ES\"},{\"@type\":\"WebPage\",\"@id\":\"https:\/\/www.opalco.com\/egc-names-candidates-for-opalco-election-nominations-by-petition-due-feb-19h\/2021\/02\/\",\"url\":\"https:\/\/www.opalco.com\/egc-names-candidates-for-opalco-election-nominations-by-petition-due-feb-19h\/2021\/02\/\",\"name\":\"EGC Names Candidates for OPALCO Election; Nominations by Petition Due Feb 19th - OPALCO\",\"isPartOf\":{\"@id\":\"https:\/\/www.opalco.com\/#website\"},\"primaryImageOfPage\":{\"@id\":\"https:\/\/www.opalco.com\/egc-names-candidates-for-opalco-election-nominations-by-petition-due-feb-19h\/2021\/02\/#primaryimage\"},\"image\":{\"@id\":\"https:\/\/www.opalco.com\/egc-names-candidates-for-opalco-election-nominations-by-petition-due-feb-19h\/2021\/02\/#primaryimage\"},\"thumbnailUrl\":\"https:\/\/www.opalco.com\/wp-content\/uploads\/2021\/02\/nominationsannouncement2021.jpg\",\"datePublished\":\"2021-02-03T22:36:25+00:00\",\"dateModified\":\"2021-02-03T22:57:47+00:00\",\"breadcrumb\":{\"@id\":\"https:\/\/www.opalco.com\/egc-names-candidates-for-opalco-election-nominations-by-petition-due-feb-19h\/2021\/02\/#breadcrumb\"},\"inLanguage\":\"es-ES\",\"potentialAction\":[{\"@type\":\"ReadAction\",\"target\":[\"https:\/\/www.opalco.com\/egc-names-candidates-for-opalco-election-nominations-by-petition-due-feb-19h\/2021\/02\/\"]}]},{\"@type\":\"ImageObject\",\"inLanguage\":\"es-ES\",\"@id\":\"https:\/\/www.opalco.com\/egc-names-candidates-for-opalco-election-nominations-by-petition-due-feb-19h\/2021\/02\/#primaryimage\",\"url\":\"https:\/\/www.opalco.com\/wp-content\/uploads\/2021\/02\/nominationsannouncement2021.jpg\",\"contentUrl\":\"https:\/\/www.opalco.com\/wp-content\/uploads\/2021\/02\/nominationsannouncement2021.jpg\",\"width\":612,\"height\":792,\"caption\":\"nominations\"},{\"@type\":\"BreadcrumbList\",\"@id\":\"https:\/\/www.opalco.com\/egc-names-candidates-for-opalco-election-nominations-by-petition-due-feb-19h\/2021\/02\/#breadcrumb\",\"itemListElement\":[{\"@type\":\"ListItem\",\"position\":1,\"name\":\"Home\",\"item\":\"https:\/\/www.opalco.com\/\"},{\"@type\":\"ListItem\",\"position\":2,\"name\":\"EGC Names Candidates for OPALCO Election; Nominations by Petition Due Feb 19th\"}]},{\"@type\":\"WebSite\",\"@id\":\"https:\/\/www.opalco.com\/#website\",\"url\":\"https:\/\/www.opalco.com\/\",\"name\":\"OPALCO\",\"description\":\"Orcas Power &amp; Light Co-op\",\"publisher\":{\"@id\":\"https:\/\/www.opalco.com\/#organization\"},\"potentialAction\":[{\"@type\":\"SearchAction\",\"target\":{\"@type\":\"EntryPoint\",\"urlTemplate\":\"https:\/\/www.opalco.com\/?s={search_term_string}\"},\"query-input\":{\"@type\":\"PropertyValueSpecification\",\"valueRequired\":true,\"valueName\":\"search_term_string\"}}],\"inLanguage\":\"es-ES\"},{\"@type\":\"Organization\",\"@id\":\"https:\/\/www.opalco.com\/#organization\",\"name\":\"Orcas Power & Light Cooperative\",\"url\":\"https:\/\/www.opalco.com\/\",\"logo\":{\"@type\":\"ImageObject\",\"inLanguage\":\"es-ES\",\"@id\":\"https:\/\/www.opalco.com\/#\/schema\/logo\/image\/\",\"url\":\"https:\/\/www.opalco.com\/wp-content\/uploads\/2015\/10\/09-full-color-logo.jpg\",\"contentUrl\":\"https:\/\/www.opalco.com\/wp-content\/uploads\/2015\/10\/09-full-color-logo.jpg\",\"width\":788,\"height\":624,\"caption\":\"Orcas Power & Light Cooperative\"},\"image\":{\"@id\":\"https:\/\/www.opalco.com\/#\/schema\/logo\/image\/\"},\"sameAs\":[\"https:\/\/www.facebook.com\/orcaspower\",\"https:\/\/x.com\/orcaspower\"]},{\"@type\":\"Person\",\"@id\":\"https:\/\/www.opalco.com\/#\/schema\/person\/cebe1a1e7d66316c1c1dd7911b9f7ad3\",\"name\":\"Krista Bouchey\",\"image\":{\"@type\":\"ImageObject\",\"inLanguage\":\"es-ES\",\"@id\":\"https:\/\/secure.gravatar.com\/avatar\/55520213b4e552fa8135f4e16078d94b4ff2df5da73caf284df5a1280b02195a?s=96&d=mm&r=g\",\"url\":\"https:\/\/secure.gravatar.com\/avatar\/55520213b4e552fa8135f4e16078d94b4ff2df5da73caf284df5a1280b02195a?s=96&d=mm&r=g\",\"contentUrl\":\"https:\/\/secure.gravatar.com\/avatar\/55520213b4e552fa8135f4e16078d94b4ff2df5da73caf284df5a1280b02195a?s=96&d=mm&r=g\",\"caption\":\"Krista Bouchey\"},\"sameAs\":[\"https:\/\/x.com\/OrcasPower\"],\"url\":\"https:\/\/www.opalco.com\/es\/author\/kbouchey\/\"}]}<\/script>\n<!-- \/ Yoast SEO plugin. -->","yoast_head_json":{"title":"EGC nombra candidatos para la elecci\u00f3n de OPALCO; Nominaciones por petici\u00f3n vencen el 19 de febrero - OPALCO","robots":{"index":"index","follow":"follow","max-snippet":"max-snippet:-1","max-image-preview":"max-image-preview:large","max-video-preview":"max-video-preview:-1"},"canonical":"https:\/\/www.opalco.com\/es\/egc-nombra-candidatos-para-las-nominaciones-electorales-de-opalco-mediante-peticion-que-vence-el-19-de-febrero\/2021\/02\/","og_locale":"es_ES","og_type":"article","og_title":"EGC Names Candidates for OPALCO Election; Nominations by Petition Due Feb 19th - OPALCO","og_description":"The volunteer member Elections &amp; Governance Committee (EGC) has completed their nominations process and selected a slate of candidates for the OPALCO Board of Directors election. There are two open &hellip; Read more","og_url":"https:\/\/www.opalco.com\/es\/egc-nombra-candidatos-para-las-nominaciones-electorales-de-opalco-mediante-peticion-que-vence-el-19-de-febrero\/2021\/02\/","og_site_name":"OPALCO","article_publisher":"https:\/\/www.facebook.com\/orcaspower","article_published_time":"2021-02-03T22:36:25+00:00","article_modified_time":"2021-02-03T22:57:47+00:00","og_image":[{"width":612,"height":792,"url":"https:\/\/www.opalco.com\/wp-content\/uploads\/2021\/02\/nominationsannouncement2021.jpg","type":"image\/jpeg"}],"author":"Krista Bouchey","twitter_card":"summary_large_image","twitter_creator":"@OrcasPower","twitter_site":"@orcaspower","twitter_misc":{"Written by":"Krista Bouchey","Est. reading time":"2 minutos"},"schema":{"@context":"https:\/\/schema.org","@graph":[{"@type":"Article","@id":"https:\/\/www.opalco.com\/egc-names-candidates-for-opalco-election-nominations-by-petition-due-feb-19h\/2021\/02\/#article","isPartOf":{"@id":"https:\/\/www.opalco.com\/egc-names-candidates-for-opalco-election-nominations-by-petition-due-feb-19h\/2021\/02\/"},"author":{"name":"Krista Bouchey","@id":"https:\/\/www.opalco.com\/#\/schema\/person\/cebe1a1e7d66316c1c1dd7911b9f7ad3"},"headline":"EGC Names Candidates for OPALCO Election; Nominations by Petition Due Feb 19th","datePublished":"2021-02-03T22:36:25+00:00","dateModified":"2021-02-03T22:57:47+00:00","mainEntityOfPage":{"@id":"https:\/\/www.opalco.com\/egc-names-candidates-for-opalco-election-nominations-by-petition-due-feb-19h\/2021\/02\/"},"wordCount":338,"publisher":{"@id":"https:\/\/www.opalco.com\/#organization"},"image":{"@id":"https:\/\/www.opalco.com\/egc-names-candidates-for-opalco-election-nominations-by-petition-due-feb-19h\/2021\/02\/#primaryimage"},"thumbnailUrl":"https:\/\/www.opalco.com\/wp-content\/uploads\/2021\/02\/nominationsannouncement2021.jpg","articleSection":["Board","Board News","Election"],"inLanguage":"es-ES"},{"@type":"WebPage","@id":"https:\/\/www.opalco.com\/egc-names-candidates-for-opalco-election-nominations-by-petition-due-feb-19h\/2021\/02\/","url":"https:\/\/www.opalco.com\/egc-names-candidates-for-opalco-election-nominations-by-petition-due-feb-19h\/2021\/02\/","name":"EGC nombra candidatos para la elecci\u00f3n de OPALCO; Nominaciones por petici\u00f3n vencen el 19 de febrero - OPALCO","isPartOf":{"@id":"https:\/\/www.opalco.com\/#website"},"primaryImageOfPage":{"@id":"https:\/\/www.opalco.com\/egc-names-candidates-for-opalco-election-nominations-by-petition-due-feb-19h\/2021\/02\/#primaryimage"},"image":{"@id":"https:\/\/www.opalco.com\/egc-names-candidates-for-opalco-election-nominations-by-petition-due-feb-19h\/2021\/02\/#primaryimage"},"thumbnailUrl":"https:\/\/www.opalco.com\/wp-content\/uploads\/2021\/02\/nominationsannouncement2021.jpg","datePublished":"2021-02-03T22:36:25+00:00","dateModified":"2021-02-03T22:57:47+00:00","breadcrumb":{"@id":"https:\/\/www.opalco.com\/egc-names-candidates-for-opalco-election-nominations-by-petition-due-feb-19h\/2021\/02\/#breadcrumb"},"inLanguage":"es-ES","potentialAction":[{"@type":"ReadAction","target":["https:\/\/www.opalco.com\/egc-names-candidates-for-opalco-election-nominations-by-petition-due-feb-19h\/2021\/02\/"]}]},{"@type":"ImageObject","inLanguage":"es-ES","@id":"https:\/\/www.opalco.com\/egc-names-candidates-for-opalco-election-nominations-by-petition-due-feb-19h\/2021\/02\/#primaryimage","url":"https:\/\/www.opalco.com\/wp-content\/uploads\/2021\/02\/nominationsannouncement2021.jpg","contentUrl":"https:\/\/www.opalco.com\/wp-content\/uploads\/2021\/02\/nominationsannouncement2021.jpg","width":612,"height":792,"caption":"nominations"},{"@type":"BreadcrumbList","@id":"https:\/\/www.opalco.com\/egc-names-candidates-for-opalco-election-nominations-by-petition-due-feb-19h\/2021\/02\/#breadcrumb","itemListElement":[{"@type":"ListItem","position":1,"name":"Home","item":"https:\/\/www.opalco.com\/"},{"@type":"ListItem","position":2,"name":"EGC Names Candidates for OPALCO Election; Nominations by Petition Due Feb 19th"}]},{"@type":"WebSite","@id":"https:\/\/www.opalco.com\/#website","url":"https:\/\/www.opalco.com\/","name":"OPALCO","description":"Cooperativa de energ\u00eda y luz Orcas","publisher":{"@id":"https:\/\/www.opalco.com\/#organization"},"potentialAction":[{"@type":"SearchAction","target":{"@type":"EntryPoint","urlTemplate":"https:\/\/www.opalco.com\/?s={search_term_string}"},"query-input":{"@type":"PropertyValueSpecification","valueRequired":true,"valueName":"search_term_string"}}],"inLanguage":"es-ES"},{"@type":"Organization","@id":"https:\/\/www.opalco.com\/#organization","name":"Cooperativa de energ\u00eda y luz Orcas","url":"https:\/\/www.opalco.com\/","logo":{"@type":"ImageObject","inLanguage":"es-ES","@id":"https:\/\/www.opalco.com\/#\/schema\/logo\/image\/","url":"https:\/\/www.opalco.com\/wp-content\/uploads\/2015\/10\/09-full-color-logo.jpg","contentUrl":"https:\/\/www.opalco.com\/wp-content\/uploads\/2015\/10\/09-full-color-logo.jpg","width":788,"height":624,"caption":"Orcas Power & Light Cooperative"},"image":{"@id":"https:\/\/www.opalco.com\/#\/schema\/logo\/image\/"},"sameAs":["https:\/\/www.facebook.com\/orcaspower","https:\/\/x.com\/orcaspower"]},{"@type":"Person","@id":"https:\/\/www.opalco.com\/#\/schema\/person\/cebe1a1e7d66316c1c1dd7911b9f7ad3","name":"Krista Bouchey","image":{"@type":"ImageObject","inLanguage":"es-ES","@id":"https:\/\/secure.gravatar.com\/avatar\/55520213b4e552fa8135f4e16078d94b4ff2df5da73caf284df5a1280b02195a?s=96&d=mm&r=g","url":"https:\/\/secure.gravatar.com\/avatar\/55520213b4e552fa8135f4e16078d94b4ff2df5da73caf284df5a1280b02195a?s=96&d=mm&r=g","contentUrl":"https:\/\/secure.gravatar.com\/avatar\/55520213b4e552fa8135f4e16078d94b4ff2df5da73caf284df5a1280b02195a?s=96&d=mm&r=g","caption":"Krista Bouchey"},"sameAs":["https:\/\/x.com\/OrcasPower"],"url":"https:\/\/www.opalco.com\/es\/author\/kbouchey\/"}]}},"_links":{"self":[{"href":"https:\/\/www.opalco.com\/es\/wp-json\/wp\/v2\/posts\/14368","targetHints":{"allow":["GET"]}}],"collection":[{"href":"https:\/\/www.opalco.com\/es\/wp-json\/wp\/v2\/posts"}],"about":[{"href":"https:\/\/www.opalco.com\/es\/wp-json\/wp\/v2\/types\/post"}],"author":[{"embeddable":true,"href":"https:\/\/www.opalco.com\/es\/wp-json\/wp\/v2\/users\/34"}],"replies":[{"embeddable":true,"href":"https:\/\/www.opalco.com\/es\/wp-json\/wp\/v2\/comments?post=14368"}],"version-history":[{"count":0,"href":"https:\/\/www.opalco.com\/es\/wp-json\/wp\/v2\/posts\/14368\/revisions"}],"wp:featuredmedia":[{"embeddable":true,"href":"https:\/\/www.opalco.com\/es\/wp-json\/wp\/v2\/media\/14369"}],"wp:attachment":[{"href":"https:\/\/www.opalco.com\/es\/wp-json\/wp\/v2\/media?parent=14368"}],"wp:term":[{"taxonomy":"category","embeddable":true,"href":"https:\/\/www.opalco.com\/es\/wp-json\/wp\/v2\/categories?post=14368"},{"taxonomy":"post_tag","embeddable":true,"href":"https:\/\/www.opalco.com\/es\/wp-json\/wp\/v2\/tags?post=14368"}],"curies":[{"name":"gracias","href":"https:\/\/api.w.org\/{rel}","templated":true}]}}