{"id":13719,"date":"2020-04-27T09:05:19","date_gmt":"2020-04-27T16:05:19","guid":{"rendered":"https:\/\/www.opalco.com\/?p=13719"},"modified":"2022-08-29T11:31:05","modified_gmt":"2022-08-29T18:31:05","slug":"la-junta-de-opalco-aprueba-medidas-adicionales-de-ayuda-para-el-covid-19","status":"publish","type":"post","link":"https:\/\/www.opalco.com\/es\/la-junta-de-opalco-aprueba-medidas-adicionales-de-ayuda-para-el-covid-19\/2020\/04\/","title":{"rendered":"LA JUNTA DE OPALCO APRUEBA MEDIDAS ADICIONALES DE ALIVIO POR COVID-19"},"content":{"rendered":"<p><strong>Los miembros comerciales que lo necesiten pueden solicitar la exenci\u00f3n de la tarifa base<\/strong><\/p>\n<p>Estamos todos juntos en esto. OPALCO est\u00e1 muy preocupada por c\u00f3mo les est\u00e1 yendo a sus miembros durante esta pandemia y est\u00e1 investigando profundamente para destinar todos los recursos disponibles a ayudar a los miembros a pagar sus facturas de energ\u00eda. La Junta aprob\u00f3 medidas de alivio adicionales en su reuni\u00f3n ordinaria del jueves 23 de abril<sup>tercero<\/sup> \u2013 y hay algo para todos.<\/p>\n<p>La energ\u00eda y la banda ancha son servicios esenciales, especialmente cr\u00edticos durante esta gran disrupci\u00f3n. OPALCO est\u00e1 haciendo todo lo posible para ayudar, sin poner en riesgo la viabilidad de la Cooperativa. Esto es lo que est\u00e1 disponible actualmente para los miembros que necesitan ayuda:<\/p>\n<p>Los miembros residenciales necesitados tienen varias formas de buscar alivio en sus facturas de energ\u00eda:<\/p>\n<ul>\n<li>Exenciones de tarifas y desconexi\u00f3n<\/li>\n<li>Proyecto PAL (<strong><em>NUEVO<\/em><\/strong>: extendido hasta el 30 de junio<sup>th<\/sup>, hasta dos becas esta temporada)<\/li>\n<li>Asistencia energ\u00e9tica (<strong><em>NUEVO<\/em><\/strong>: califica marcando la casilla COVID-19)<\/li>\n<li>Isla Roca (<strong><em>NUEVO<\/em><\/strong>: cr\u00e9dito en la factura $25 si est\u00e1 en EAP)<\/li>\n<li><strong><em>NUEVO<\/em><\/strong>: \u00a1Enci\u00e9ndelo! aplazamiento de pago<\/li>\n<\/ul>\n<p>Los socios comerciales (requiere medidor comercial y tarifa) que lo necesiten pueden beneficiarse de:<\/p>\n<ul>\n<li>Exenciones de tarifas y desconexi\u00f3n<\/li>\n<li>Desconectar temporalmente el medidor (no se facturar\u00e1 durante la interrupci\u00f3n)<\/li>\n<li><strong><em>NUEVO<\/em><\/strong>: EAP-C (exenci\u00f3n de cargo base\/cargo de acceso al servicio)<\/li>\n<li>Isla Roca (<strong><em>NUEVO<\/em><\/strong>: Cr\u00e9dito en la factura $25 si est\u00e1 en EAP-C)<\/li>\n<li><strong><em>NUEVO<\/em><\/strong>: \u00a1Enci\u00e9ndelo! aplazamiento de pago<\/li>\n<\/ul>\n<p>Por favor mira <a href=\"https:\/\/www.opalco.com\/es\/instantanea-de-las-medidas-de-alivio-del-covid-19\/2020\/04\/\">cuadro<\/a> detalles completos en l\u00ednea. La forma m\u00e1s f\u00e1cil para que los miembros residenciales soliciten asistencia (PAL y EAP) es a trav\u00e9s del Centro de Recursos Familiares\/Comunitarios de su isla. Los miembros comerciales deben completar un Formulario de ayuda COVID-19 (<a href=\"https:\/\/www.opalco.com\/es\/bill-payment-plan\/\">https:\/\/www.opalco.com\/bill-payment-plan\/<\/a>) para el cr\u00e9dito en la factura EAP-C y se requerir\u00e1 un plan de pago si hay un saldo impago en la cuenta. Para obtener un cr\u00e9dito en la factura en su cuenta de Rock Island, simplemente mu\u00e9streles su factura de OPALCO con el cr\u00e9dito EAP aplicado. Para diferir sus cargos financieros en la factura de Switch it Up, comun\u00edquese con\u00a0<a href=\"mailto:energysavings@opalco.com\">energysavings@opalco.com<\/a>.<\/p>\n<p>OPALCO est\u00e1 evaluando de cerca las necesidades de los miembros y reevaluar\u00e1 las medidas disponibles cada 60 d\u00edas, seg\u00fan las necesidades de los miembros y los fondos disponibles. Los miembros siguen siendo responsables de pagar su factura; Hay planes de pago disponibles y pueden ser necesarios para determinadas medidas.<\/p>\n<p>Todos nos vemos afectados por el COVID-19, pero no todos necesitan ayuda. Si puede ayudar a sus vecinos de la cooperativa, considere lo siguiente:<\/p>\n<ul>\n<li><a href=\"https:\/\/www.opalco.com\/es\/about-your-account\/energy-assistance-program\/contribute-to-project-pal-2\/\">Resumen del Proyecto PAL<\/a><\/li>\n<li><a href=\"https:\/\/www.opalco.com\/es\/about-your-account\/energy-assistance-program\/contribute-to-project-pal-2\/\">Haga una donaci\u00f3n \u00fanica o recurrente a PAL<\/a><\/li>\n<li>Done sus cr\u00e9ditos de producci\u00f3n solar comunitaria a asistencia para personas de bajos ingresos<\/li>\n<li>Done su cheque de reembolso de eficiencia a asistencia para personas de bajos ingresos<\/li>\n<li>Done su cheque de est\u00edmulo a asistencia para personas de bajos ingresos (o especifique ayuda para empresas locales)<\/li>\n<\/ul>\n<p>Cuidarnos unos a otros es la costumbre de la isla y est\u00e1 en nuestro ADN cooperativo. Saldremos de esto mejor trabajando juntos.<\/p>\n<p>&nbsp;<\/p>","protected":false},"excerpt":{"rendered":"<p>Los miembros comerciales que lo necesiten pueden solicitar la exenci\u00f3n de la tarifa base. Estamos todos juntos en esto. OPALCO est\u00e1 muy preocupado por c\u00f3mo se est\u00e1n llevando sus integrantes durante esta pandemia\u2026 <a class=\"co-blog_post--morelink\" href=\"https:\/\/www.opalco.com\/es\/la-junta-de-opalco-aprueba-medidas-adicionales-de-ayuda-para-el-covid-19\/2020\/04\/\" aria-label=\"Leer m\u00e1s sobre: JUNTA DE OPALCO APRUEBA MEDIDAS ADICIONALES DE ALIVIO COVID-19\">Leer m\u00e1s<\/a><\/p>","protected":false},"author":34,"featured_media":0,"comment_status":"closed","ping_status":"closed","sticky":false,"template":"","format":"standard","meta":{"_acf_changed":false,"_searchwp_excluded":"","footnotes":""},"categories":[30,532,672],"tags":[533],"class_list":["post-13719","post","type-post","status-publish","format-standard","hentry","category-board-news","category-covid","category-newsroom","tag-covid-relief"],"acf":[],"yoast_head":"<!-- This site is optimized with the Yoast SEO plugin v27.2 - https:\/\/yoast.com\/product\/yoast-seo-wordpress\/ -->\n<title>OPALCO BOARD APPROVES ADDITIONAL COVID-19 RELIEF MEASURES - OPALCO<\/title>\n<meta name=\"robots\" content=\"index, follow, max-snippet:-1, max-image-preview:large, max-video-preview:-1\" \/>\n<link rel=\"canonical\" href=\"https:\/\/www.opalco.com\/es\/la-junta-de-opalco-aprueba-medidas-adicionales-de-ayuda-para-el-covid-19\/2020\/04\/\" \/>\n<meta property=\"og:locale\" content=\"es_ES\" \/>\n<meta property=\"og:type\" content=\"article\" \/>\n<meta property=\"og:title\" content=\"OPALCO BOARD APPROVES ADDITIONAL COVID-19 RELIEF MEASURES - OPALCO\" \/>\n<meta property=\"og:description\" content=\"Commercial members in need can apply for base fee waiver We are all in this together.\u00a0 OPALCO is very concerned about how its members are getting along during this pandemic &hellip; Read more\" \/>\n<meta property=\"og:url\" content=\"https:\/\/www.opalco.com\/es\/la-junta-de-opalco-aprueba-medidas-adicionales-de-ayuda-para-el-covid-19\/2020\/04\/\" \/>\n<meta property=\"og:site_name\" content=\"OPALCO\" \/>\n<meta property=\"article:publisher\" content=\"https:\/\/www.facebook.com\/orcaspower\" \/>\n<meta property=\"article:published_time\" content=\"2020-04-27T16:05:19+00:00\" \/>\n<meta property=\"article:modified_time\" content=\"2022-08-29T18:31:05+00:00\" \/>\n<meta name=\"author\" content=\"Krista Bouchey\" \/>\n<meta name=\"twitter:card\" content=\"summary_large_image\" \/>\n<meta name=\"twitter:creator\" content=\"@OrcasPower\" \/>\n<meta name=\"twitter:site\" content=\"@orcaspower\" \/>\n<meta name=\"twitter:label1\" content=\"Written by\" \/>\n\t<meta name=\"twitter:data1\" content=\"Krista Bouchey\" \/>\n\t<meta name=\"twitter:label2\" content=\"Est. reading time\" \/>\n\t<meta name=\"twitter:data2\" content=\"2 minutos\" \/>\n<script type=\"application\/ld+json\" class=\"yoast-schema-graph\">{\"@context\":\"https:\/\/schema.org\",\"@graph\":[{\"@type\":\"Article\",\"@id\":\"https:\/\/www.opalco.com\/opalco-board-approves-additional-covid-19-relief-measures\/2020\/04\/#article\",\"isPartOf\":{\"@id\":\"https:\/\/www.opalco.com\/opalco-board-approves-additional-covid-19-relief-measures\/2020\/04\/\"},\"author\":{\"name\":\"Krista Bouchey\",\"@id\":\"https:\/\/www.opalco.com\/#\/schema\/person\/a5686fb5efc9d7787dad40e35b56abad\"},\"headline\":\"OPALCO BOARD APPROVES ADDITIONAL COVID-19 RELIEF MEASURES\",\"datePublished\":\"2020-04-27T16:05:19+00:00\",\"dateModified\":\"2022-08-29T18:31:05+00:00\",\"mainEntityOfPage\":{\"@id\":\"https:\/\/www.opalco.com\/opalco-board-approves-additional-covid-19-relief-measures\/2020\/04\/\"},\"wordCount\":440,\"publisher\":{\"@id\":\"https:\/\/www.opalco.com\/#organization\"},\"keywords\":[\"covid-relief\"],\"articleSection\":[\"Board News\",\"COVID\",\"Newsroom\"],\"inLanguage\":\"es-ES\"},{\"@type\":\"WebPage\",\"@id\":\"https:\/\/www.opalco.com\/opalco-board-approves-additional-covid-19-relief-measures\/2020\/04\/\",\"url\":\"https:\/\/www.opalco.com\/opalco-board-approves-additional-covid-19-relief-measures\/2020\/04\/\",\"name\":\"OPALCO BOARD APPROVES ADDITIONAL COVID-19 RELIEF MEASURES - OPALCO\",\"isPartOf\":{\"@id\":\"https:\/\/www.opalco.com\/#website\"},\"datePublished\":\"2020-04-27T16:05:19+00:00\",\"dateModified\":\"2022-08-29T18:31:05+00:00\",\"breadcrumb\":{\"@id\":\"https:\/\/www.opalco.com\/opalco-board-approves-additional-covid-19-relief-measures\/2020\/04\/#breadcrumb\"},\"inLanguage\":\"es-ES\",\"potentialAction\":[{\"@type\":\"ReadAction\",\"target\":[\"https:\/\/www.opalco.com\/opalco-board-approves-additional-covid-19-relief-measures\/2020\/04\/\"]}]},{\"@type\":\"BreadcrumbList\",\"@id\":\"https:\/\/www.opalco.com\/opalco-board-approves-additional-covid-19-relief-measures\/2020\/04\/#breadcrumb\",\"itemListElement\":[{\"@type\":\"ListItem\",\"position\":1,\"name\":\"Home\",\"item\":\"https:\/\/www.opalco.com\/\"},{\"@type\":\"ListItem\",\"position\":2,\"name\":\"OPALCO BOARD APPROVES ADDITIONAL COVID-19 RELIEF MEASURES\"}]},{\"@type\":\"WebSite\",\"@id\":\"https:\/\/www.opalco.com\/#website\",\"url\":\"https:\/\/www.opalco.com\/\",\"name\":\"OPALCO\",\"description\":\"Orcas Power &amp; Light Co-op\",\"publisher\":{\"@id\":\"https:\/\/www.opalco.com\/#organization\"},\"potentialAction\":[{\"@type\":\"SearchAction\",\"target\":{\"@type\":\"EntryPoint\",\"urlTemplate\":\"https:\/\/www.opalco.com\/?s={search_term_string}\"},\"query-input\":{\"@type\":\"PropertyValueSpecification\",\"valueRequired\":true,\"valueName\":\"search_term_string\"}}],\"inLanguage\":\"es-ES\"},{\"@type\":\"Organization\",\"@id\":\"https:\/\/www.opalco.com\/#organization\",\"name\":\"Orcas Power & Light Cooperative\",\"url\":\"https:\/\/www.opalco.com\/\",\"logo\":{\"@type\":\"ImageObject\",\"inLanguage\":\"es-ES\",\"@id\":\"https:\/\/www.opalco.com\/#\/schema\/logo\/image\/\",\"url\":\"https:\/\/www.opalco.com\/wp-content\/uploads\/2015\/10\/09-full-color-logo.jpg\",\"contentUrl\":\"https:\/\/www.opalco.com\/wp-content\/uploads\/2015\/10\/09-full-color-logo.jpg\",\"width\":788,\"height\":624,\"caption\":\"Orcas Power & Light Cooperative\"},\"image\":{\"@id\":\"https:\/\/www.opalco.com\/#\/schema\/logo\/image\/\"},\"sameAs\":[\"https:\/\/www.facebook.com\/orcaspower\",\"https:\/\/x.com\/orcaspower\"]},{\"@type\":\"Person\",\"@id\":\"https:\/\/www.opalco.com\/#\/schema\/person\/a5686fb5efc9d7787dad40e35b56abad\",\"name\":\"Krista Bouchey\",\"image\":{\"@type\":\"ImageObject\",\"inLanguage\":\"es-ES\",\"@id\":\"https:\/\/secure.gravatar.com\/avatar\/55520213b4e552fa8135f4e16078d94b4ff2df5da73caf284df5a1280b02195a?s=96&d=mm&r=g\",\"url\":\"https:\/\/secure.gravatar.com\/avatar\/55520213b4e552fa8135f4e16078d94b4ff2df5da73caf284df5a1280b02195a?s=96&d=mm&r=g\",\"contentUrl\":\"https:\/\/secure.gravatar.com\/avatar\/55520213b4e552fa8135f4e16078d94b4ff2df5da73caf284df5a1280b02195a?s=96&d=mm&r=g\",\"caption\":\"Krista Bouchey\"},\"sameAs\":[\"https:\/\/x.com\/OrcasPower\"],\"url\":\"https:\/\/www.opalco.com\/es\/author\/kbouchey\/\"}]}<\/script>\n<!-- \/ Yoast SEO plugin. -->","yoast_head_json":{"title":"LA JUNTA DE OPALCO APRUEBA MEDIDAS ADICIONALES DE ALIVIO COVID-19 - OPALCO","robots":{"index":"index","follow":"follow","max-snippet":"max-snippet:-1","max-image-preview":"max-image-preview:large","max-video-preview":"max-video-preview:-1"},"canonical":"https:\/\/www.opalco.com\/es\/la-junta-de-opalco-aprueba-medidas-adicionales-de-ayuda-para-el-covid-19\/2020\/04\/","og_locale":"es_ES","og_type":"article","og_title":"OPALCO BOARD APPROVES ADDITIONAL COVID-19 RELIEF MEASURES - OPALCO","og_description":"Commercial members in need can apply for base fee waiver We are all in this together.\u00a0 OPALCO is very concerned about how its members are getting along during this pandemic &hellip; Read more","og_url":"https:\/\/www.opalco.com\/es\/la-junta-de-opalco-aprueba-medidas-adicionales-de-ayuda-para-el-covid-19\/2020\/04\/","og_site_name":"OPALCO","article_publisher":"https:\/\/www.facebook.com\/orcaspower","article_published_time":"2020-04-27T16:05:19+00:00","article_modified_time":"2022-08-29T18:31:05+00:00","author":"Krista Bouchey","twitter_card":"summary_large_image","twitter_creator":"@OrcasPower","twitter_site":"@orcaspower","twitter_misc":{"Written by":"Krista Bouchey","Est. reading time":"2 minutos"},"schema":{"@context":"https:\/\/schema.org","@graph":[{"@type":"Article","@id":"https:\/\/www.opalco.com\/opalco-board-approves-additional-covid-19-relief-measures\/2020\/04\/#article","isPartOf":{"@id":"https:\/\/www.opalco.com\/opalco-board-approves-additional-covid-19-relief-measures\/2020\/04\/"},"author":{"name":"Krista Bouchey","@id":"https:\/\/www.opalco.com\/#\/schema\/person\/a5686fb5efc9d7787dad40e35b56abad"},"headline":"OPALCO BOARD APPROVES ADDITIONAL COVID-19 RELIEF MEASURES","datePublished":"2020-04-27T16:05:19+00:00","dateModified":"2022-08-29T18:31:05+00:00","mainEntityOfPage":{"@id":"https:\/\/www.opalco.com\/opalco-board-approves-additional-covid-19-relief-measures\/2020\/04\/"},"wordCount":440,"publisher":{"@id":"https:\/\/www.opalco.com\/#organization"},"keywords":["covid-relief"],"articleSection":["Board News","COVID","Newsroom"],"inLanguage":"es-ES"},{"@type":"WebPage","@id":"https:\/\/www.opalco.com\/opalco-board-approves-additional-covid-19-relief-measures\/2020\/04\/","url":"https:\/\/www.opalco.com\/opalco-board-approves-additional-covid-19-relief-measures\/2020\/04\/","name":"LA JUNTA DE OPALCO APRUEBA MEDIDAS ADICIONALES DE ALIVIO COVID-19 - OPALCO","isPartOf":{"@id":"https:\/\/www.opalco.com\/#website"},"datePublished":"2020-04-27T16:05:19+00:00","dateModified":"2022-08-29T18:31:05+00:00","breadcrumb":{"@id":"https:\/\/www.opalco.com\/opalco-board-approves-additional-covid-19-relief-measures\/2020\/04\/#breadcrumb"},"inLanguage":"es-ES","potentialAction":[{"@type":"ReadAction","target":["https:\/\/www.opalco.com\/opalco-board-approves-additional-covid-19-relief-measures\/2020\/04\/"]}]},{"@type":"BreadcrumbList","@id":"https:\/\/www.opalco.com\/opalco-board-approves-additional-covid-19-relief-measures\/2020\/04\/#breadcrumb","itemListElement":[{"@type":"ListItem","position":1,"name":"Home","item":"https:\/\/www.opalco.com\/"},{"@type":"ListItem","position":2,"name":"OPALCO BOARD APPROVES ADDITIONAL COVID-19 RELIEF MEASURES"}]},{"@type":"WebSite","@id":"https:\/\/www.opalco.com\/#website","url":"https:\/\/www.opalco.com\/","name":"OPALCO","description":"Cooperativa de energ\u00eda y luz Orcas","publisher":{"@id":"https:\/\/www.opalco.com\/#organization"},"potentialAction":[{"@type":"SearchAction","target":{"@type":"EntryPoint","urlTemplate":"https:\/\/www.opalco.com\/?s={search_term_string}"},"query-input":{"@type":"PropertyValueSpecification","valueRequired":true,"valueName":"search_term_string"}}],"inLanguage":"es-ES"},{"@type":"Organization","@id":"https:\/\/www.opalco.com\/#organization","name":"Cooperativa de energ\u00eda y luz Orcas","url":"https:\/\/www.opalco.com\/","logo":{"@type":"ImageObject","inLanguage":"es-ES","@id":"https:\/\/www.opalco.com\/#\/schema\/logo\/image\/","url":"https:\/\/www.opalco.com\/wp-content\/uploads\/2015\/10\/09-full-color-logo.jpg","contentUrl":"https:\/\/www.opalco.com\/wp-content\/uploads\/2015\/10\/09-full-color-logo.jpg","width":788,"height":624,"caption":"Orcas Power & Light Cooperative"},"image":{"@id":"https:\/\/www.opalco.com\/#\/schema\/logo\/image\/"},"sameAs":["https:\/\/www.facebook.com\/orcaspower","https:\/\/x.com\/orcaspower"]},{"@type":"Person","@id":"https:\/\/www.opalco.com\/#\/schema\/person\/a5686fb5efc9d7787dad40e35b56abad","name":"Krista Bouchey","image":{"@type":"ImageObject","inLanguage":"es-ES","@id":"https:\/\/secure.gravatar.com\/avatar\/55520213b4e552fa8135f4e16078d94b4ff2df5da73caf284df5a1280b02195a?s=96&d=mm&r=g","url":"https:\/\/secure.gravatar.com\/avatar\/55520213b4e552fa8135f4e16078d94b4ff2df5da73caf284df5a1280b02195a?s=96&d=mm&r=g","contentUrl":"https:\/\/secure.gravatar.com\/avatar\/55520213b4e552fa8135f4e16078d94b4ff2df5da73caf284df5a1280b02195a?s=96&d=mm&r=g","caption":"Krista Bouchey"},"sameAs":["https:\/\/x.com\/OrcasPower"],"url":"https:\/\/www.opalco.com\/es\/author\/kbouchey\/"}]}},"_links":{"self":[{"href":"https:\/\/www.opalco.com\/es\/wp-json\/wp\/v2\/posts\/13719","targetHints":{"allow":["GET"]}}],"collection":[{"href":"https:\/\/www.opalco.com\/es\/wp-json\/wp\/v2\/posts"}],"about":[{"href":"https:\/\/www.opalco.com\/es\/wp-json\/wp\/v2\/types\/post"}],"author":[{"embeddable":true,"href":"https:\/\/www.opalco.com\/es\/wp-json\/wp\/v2\/users\/34"}],"replies":[{"embeddable":true,"href":"https:\/\/www.opalco.com\/es\/wp-json\/wp\/v2\/comments?post=13719"}],"version-history":[{"count":1,"href":"https:\/\/www.opalco.com\/es\/wp-json\/wp\/v2\/posts\/13719\/revisions"}],"predecessor-version":[{"id":18237,"href":"https:\/\/www.opalco.com\/es\/wp-json\/wp\/v2\/posts\/13719\/revisions\/18237"}],"wp:attachment":[{"href":"https:\/\/www.opalco.com\/es\/wp-json\/wp\/v2\/media?parent=13719"}],"wp:term":[{"taxonomy":"category","embeddable":true,"href":"https:\/\/www.opalco.com\/es\/wp-json\/wp\/v2\/categories?post=13719"},{"taxonomy":"post_tag","embeddable":true,"href":"https:\/\/www.opalco.com\/es\/wp-json\/wp\/v2\/tags?post=13719"}],"curies":[{"name":"gracias","href":"https:\/\/api.w.org\/{rel}","templated":true}]}}