{"id":12387,"date":"2018-09-21T15:41:38","date_gmt":"2018-09-21T15:41:38","guid":{"rendered":"https:\/\/www.opalco.com\/?p=12387"},"modified":"2018-09-21T15:41:38","modified_gmt":"2018-09-21T15:41:38","slug":"cooperativas-votan-cooperativas-del-condado-de-san-juan-celebran-el-mes-cooperativo-nacional","status":"publish","type":"post","link":"https:\/\/www.opalco.com\/es\/cooperativas-votan-cooperativas-del-condado-de-san-juan-celebran-el-mes-cooperativo-nacional\/2018\/09\/","title":{"rendered":"\u00a1VOTO COOPERATIVO! Las cooperativas del condado de San Juan celebran el Mes Cooperativo Nacional"},"content":{"rendered":"<p>Los miembros de la cooperativa comprenden el poder del voto: est\u00e1 en nuestro ADN. Con estadounidenses que poseen m\u00e1s de 350 millones de membres\u00edas en cooperativas y cooperativas el\u00e9ctricas rurales que prestan servicio a 75% de la masa terrestre de nuestro pa\u00eds: \u00a1tenemos el poder! OPALCO, Orcas Food Co-op y San Juan Island Food Co-op lo alientan a registrarse para votar, emitir su voto y abogar para que amigos y familiares tambi\u00e9n se presenten el d\u00eda de las elecciones.<\/p>\n<p>Octubre es el Mes Nacional de las Cooperativas y un buen momento para celebrar lo que significa ser miembro de una cooperativa: democracia, comunidad y resiliencia. \u00danase a nosotros para recibir obsequios, refrigerios y registrarse para votar en los eventos de agradecimiento a los miembros de la cooperativa en octubre:<\/p>\n<p><strong>Jueves 4 de octubre<sup>th<\/sup> <\/strong><\/p>\n<ul>\n<li>Cooperativa de alimentos Orcas: 10 a. m. a 2 p. m.<\/li>\n<li>Cooperativa de alimentos de la isla de San Juan: 10 a. m. a 7 p. m.<\/li>\n<li>Estaci\u00f3n de tripulaci\u00f3n OPALCO de Isla L\u00f3pez: 12 \u2013 2pm<\/li>\n<li>Sede de Eastsound OPALCO: 9 a.m. \u2013 3 p.m.<\/li>\n<\/ul>\n<p><strong>Jueves 11 de octubre<sup>th<\/sup><\/strong><\/p>\n<ul>\n<li>Cooperativa de alimentos de la isla de San Juan @ Panader\u00eda San Juan: 5:30 p.m.<\/li>\n<\/ul>\n<p><strong>Jueves 18 de octubre<sup>th<\/sup><\/strong><\/p>\n<ul>\n<li>Oficina de Friday Harbor OPALCO: 9 a. m. a 3 p. m.<\/li>\n<\/ul>\n<p>Los formularios de registro de votantes tambi\u00e9n estar\u00e1n disponibles en las oficinas de OPALCO y puede registrarse en l\u00ednea en <a href=\"https:\/\/www.sanjuanco.com\/1225\/Voter-Information\">www.sanjuanco.com\/1225\/Voter-Information<\/a> con MiVoto. Con\u00e9ctese hoy en l\u00ednea para verificar su nombre y direcci\u00f3n en busca de cambios para que su boleta llegue a tiempo.<\/p>\n<p>Voto de cooperativas (<a href=\"https:\/\/www.vote.coop\">www.voto.coop<\/a>) es un programa no partidista desarrollado por la Asociaci\u00f3n Nacional de Cooperativas El\u00e9ctricas Rurales (NRECA), la organizaci\u00f3n de servicio nacional que representa a las m\u00e1s de 900 cooperativas el\u00e9ctricas privadas, sin fines de lucro y propiedad de los consumidores del pa\u00eds.<\/p>","protected":false},"excerpt":{"rendered":"<p>Los miembros de la cooperativa comprenden el poder del voto: est\u00e1 en nuestro ADN. Con estadounidenses que poseen m\u00e1s de 350 millones de membres\u00edas cooperativas y cooperativas el\u00e9ctricas rurales que prestan servicio a 75% de nuestra... <a class=\"co-blog_post--morelink\" href=\"https:\/\/www.opalco.com\/es\/cooperativas-votan-cooperativas-del-condado-de-san-juan-celebran-el-mes-cooperativo-nacional\/2018\/09\/\" aria-label=\"Leer m\u00e1s sobre: \u00a1VOTO COOPERATIVO! Las cooperativas del condado de San Juan celebran el Mes Cooperativo Nacional\">Leer m\u00e1s<\/a><\/p>","protected":false},"author":34,"featured_media":12388,"comment_status":"closed","ping_status":"closed","sticky":false,"template":"","format":"standard","meta":{"_acf_changed":false,"_searchwp_excluded":"","footnotes":""},"categories":[38],"tags":[456,149,457,209],"class_list":["post-12387","post","type-post","status-publish","format-standard","has-post-thumbnail","hentry","category-events","tag-co-op","tag-election","tag-events","tag-vote"],"acf":[],"yoast_head":"<!-- This site is optimized with the Yoast SEO plugin v27.2 - https:\/\/yoast.com\/product\/yoast-seo-wordpress\/ -->\n<title>CO-OPS VOTE! San Juan County Co-ops Celebrate National Cooperative Month - OPALCO<\/title>\n<meta name=\"robots\" content=\"index, follow, max-snippet:-1, max-image-preview:large, max-video-preview:-1\" \/>\n<link rel=\"canonical\" href=\"https:\/\/www.opalco.com\/es\/cooperativas-votan-cooperativas-del-condado-de-san-juan-celebran-el-mes-cooperativo-nacional\/2018\/09\/\" \/>\n<meta property=\"og:locale\" content=\"es_ES\" \/>\n<meta property=\"og:type\" content=\"article\" \/>\n<meta property=\"og:title\" content=\"CO-OPS VOTE! San Juan County Co-ops Celebrate National Cooperative Month - OPALCO\" \/>\n<meta property=\"og:description\" content=\"Co-op members understand the power of the vote \u2013 it\u2019s in our DNA. With Americans holding more than 350 million co-op memberships and rural electric cooperatives serving 75% of our &hellip; Read more\" \/>\n<meta property=\"og:url\" content=\"https:\/\/www.opalco.com\/es\/cooperativas-votan-cooperativas-del-condado-de-san-juan-celebran-el-mes-cooperativo-nacional\/2018\/09\/\" \/>\n<meta property=\"og:site_name\" content=\"OPALCO\" \/>\n<meta property=\"article:publisher\" content=\"https:\/\/www.facebook.com\/orcaspower\" \/>\n<meta property=\"article:published_time\" content=\"2018-09-21T15:41:38+00:00\" \/>\n<meta name=\"author\" content=\"Krista Bouchey\" \/>\n<meta name=\"twitter:card\" content=\"summary_large_image\" \/>\n<meta name=\"twitter:creator\" content=\"@OrcasPower\" \/>\n<meta name=\"twitter:site\" content=\"@orcaspower\" \/>\n<meta name=\"twitter:label1\" content=\"Written by\" \/>\n\t<meta name=\"twitter:data1\" content=\"Krista Bouchey\" \/>\n\t<meta name=\"twitter:label2\" content=\"Est. reading time\" \/>\n\t<meta name=\"twitter:data2\" content=\"1 minuto\" \/>\n<script type=\"application\/ld+json\" class=\"yoast-schema-graph\">{\"@context\":\"https:\/\/schema.org\",\"@graph\":[{\"@type\":\"Article\",\"@id\":\"https:\/\/www.opalco.com\/co-ops-vote-san-juan-county-co-ops-celebrate-national-cooperative-month\/2018\/09\/#article\",\"isPartOf\":{\"@id\":\"https:\/\/www.opalco.com\/co-ops-vote-san-juan-county-co-ops-celebrate-national-cooperative-month\/2018\/09\/\"},\"author\":{\"name\":\"Krista Bouchey\",\"@id\":\"https:\/\/www.opalco.com\/#\/schema\/person\/a5686fb5efc9d7787dad40e35b56abad\"},\"headline\":\"CO-OPS VOTE! San Juan County Co-ops Celebrate National Cooperative Month\",\"datePublished\":\"2018-09-21T15:41:38+00:00\",\"mainEntityOfPage\":{\"@id\":\"https:\/\/www.opalco.com\/co-ops-vote-san-juan-county-co-ops-celebrate-national-cooperative-month\/2018\/09\/\"},\"wordCount\":243,\"publisher\":{\"@id\":\"https:\/\/www.opalco.com\/#organization\"},\"image\":{\"@id\":\"https:\/\/www.opalco.com\/co-ops-vote-san-juan-county-co-ops-celebrate-national-cooperative-month\/2018\/09\/#primaryimage\"},\"thumbnailUrl\":\"https:\/\/www.opalco.com\/wp-content\/uploads\/2018\/09\/coops-vote-pdf.jpg\",\"keywords\":[\"co-op\",\"election\",\"events\",\"vote\"],\"articleSection\":[\"Events\"],\"inLanguage\":\"es-ES\"},{\"@type\":\"WebPage\",\"@id\":\"https:\/\/www.opalco.com\/co-ops-vote-san-juan-county-co-ops-celebrate-national-cooperative-month\/2018\/09\/\",\"url\":\"https:\/\/www.opalco.com\/co-ops-vote-san-juan-county-co-ops-celebrate-national-cooperative-month\/2018\/09\/\",\"name\":\"CO-OPS VOTE! San Juan County Co-ops Celebrate National Cooperative Month - OPALCO\",\"isPartOf\":{\"@id\":\"https:\/\/www.opalco.com\/#website\"},\"primaryImageOfPage\":{\"@id\":\"https:\/\/www.opalco.com\/co-ops-vote-san-juan-county-co-ops-celebrate-national-cooperative-month\/2018\/09\/#primaryimage\"},\"image\":{\"@id\":\"https:\/\/www.opalco.com\/co-ops-vote-san-juan-county-co-ops-celebrate-national-cooperative-month\/2018\/09\/#primaryimage\"},\"thumbnailUrl\":\"https:\/\/www.opalco.com\/wp-content\/uploads\/2018\/09\/coops-vote-pdf.jpg\",\"datePublished\":\"2018-09-21T15:41:38+00:00\",\"breadcrumb\":{\"@id\":\"https:\/\/www.opalco.com\/co-ops-vote-san-juan-county-co-ops-celebrate-national-cooperative-month\/2018\/09\/#breadcrumb\"},\"inLanguage\":\"es-ES\",\"potentialAction\":[{\"@type\":\"ReadAction\",\"target\":[\"https:\/\/www.opalco.com\/co-ops-vote-san-juan-county-co-ops-celebrate-national-cooperative-month\/2018\/09\/\"]}]},{\"@type\":\"ImageObject\",\"inLanguage\":\"es-ES\",\"@id\":\"https:\/\/www.opalco.com\/co-ops-vote-san-juan-county-co-ops-celebrate-national-cooperative-month\/2018\/09\/#primaryimage\",\"url\":\"https:\/\/www.opalco.com\/wp-content\/uploads\/2018\/09\/coops-vote-pdf.jpg\",\"contentUrl\":\"https:\/\/www.opalco.com\/wp-content\/uploads\/2018\/09\/coops-vote-pdf.jpg\",\"caption\":\"coops vote image\"},{\"@type\":\"BreadcrumbList\",\"@id\":\"https:\/\/www.opalco.com\/co-ops-vote-san-juan-county-co-ops-celebrate-national-cooperative-month\/2018\/09\/#breadcrumb\",\"itemListElement\":[{\"@type\":\"ListItem\",\"position\":1,\"name\":\"Home\",\"item\":\"https:\/\/www.opalco.com\/\"},{\"@type\":\"ListItem\",\"position\":2,\"name\":\"CO-OPS VOTE! San Juan County Co-ops Celebrate National Cooperative Month\"}]},{\"@type\":\"WebSite\",\"@id\":\"https:\/\/www.opalco.com\/#website\",\"url\":\"https:\/\/www.opalco.com\/\",\"name\":\"OPALCO\",\"description\":\"Orcas Power &amp; Light Co-op\",\"publisher\":{\"@id\":\"https:\/\/www.opalco.com\/#organization\"},\"potentialAction\":[{\"@type\":\"SearchAction\",\"target\":{\"@type\":\"EntryPoint\",\"urlTemplate\":\"https:\/\/www.opalco.com\/?s={search_term_string}\"},\"query-input\":{\"@type\":\"PropertyValueSpecification\",\"valueRequired\":true,\"valueName\":\"search_term_string\"}}],\"inLanguage\":\"es-ES\"},{\"@type\":\"Organization\",\"@id\":\"https:\/\/www.opalco.com\/#organization\",\"name\":\"Orcas Power & Light Cooperative\",\"url\":\"https:\/\/www.opalco.com\/\",\"logo\":{\"@type\":\"ImageObject\",\"inLanguage\":\"es-ES\",\"@id\":\"https:\/\/www.opalco.com\/#\/schema\/logo\/image\/\",\"url\":\"https:\/\/www.opalco.com\/wp-content\/uploads\/2015\/10\/09-full-color-logo.jpg\",\"contentUrl\":\"https:\/\/www.opalco.com\/wp-content\/uploads\/2015\/10\/09-full-color-logo.jpg\",\"width\":788,\"height\":624,\"caption\":\"Orcas Power & Light Cooperative\"},\"image\":{\"@id\":\"https:\/\/www.opalco.com\/#\/schema\/logo\/image\/\"},\"sameAs\":[\"https:\/\/www.facebook.com\/orcaspower\",\"https:\/\/x.com\/orcaspower\"]},{\"@type\":\"Person\",\"@id\":\"https:\/\/www.opalco.com\/#\/schema\/person\/a5686fb5efc9d7787dad40e35b56abad\",\"name\":\"Krista Bouchey\",\"image\":{\"@type\":\"ImageObject\",\"inLanguage\":\"es-ES\",\"@id\":\"https:\/\/secure.gravatar.com\/avatar\/55520213b4e552fa8135f4e16078d94b4ff2df5da73caf284df5a1280b02195a?s=96&d=mm&r=g\",\"url\":\"https:\/\/secure.gravatar.com\/avatar\/55520213b4e552fa8135f4e16078d94b4ff2df5da73caf284df5a1280b02195a?s=96&d=mm&r=g\",\"contentUrl\":\"https:\/\/secure.gravatar.com\/avatar\/55520213b4e552fa8135f4e16078d94b4ff2df5da73caf284df5a1280b02195a?s=96&d=mm&r=g\",\"caption\":\"Krista Bouchey\"},\"sameAs\":[\"https:\/\/x.com\/OrcasPower\"],\"url\":\"https:\/\/www.opalco.com\/es\/author\/kbouchey\/\"}]}<\/script>\n<!-- \/ Yoast SEO plugin. -->","yoast_head_json":{"title":"\u00a1VOTO COOPERATIVO! Cooperativas del Condado de San Juan celebran el Mes Cooperativo Nacional - OPALCO","robots":{"index":"index","follow":"follow","max-snippet":"max-snippet:-1","max-image-preview":"max-image-preview:large","max-video-preview":"max-video-preview:-1"},"canonical":"https:\/\/www.opalco.com\/es\/cooperativas-votan-cooperativas-del-condado-de-san-juan-celebran-el-mes-cooperativo-nacional\/2018\/09\/","og_locale":"es_ES","og_type":"article","og_title":"CO-OPS VOTE! San Juan County Co-ops Celebrate National Cooperative Month - OPALCO","og_description":"Co-op members understand the power of the vote \u2013 it\u2019s in our DNA. With Americans holding more than 350 million co-op memberships and rural electric cooperatives serving 75% of our &hellip; Read more","og_url":"https:\/\/www.opalco.com\/es\/cooperativas-votan-cooperativas-del-condado-de-san-juan-celebran-el-mes-cooperativo-nacional\/2018\/09\/","og_site_name":"OPALCO","article_publisher":"https:\/\/www.facebook.com\/orcaspower","article_published_time":"2018-09-21T15:41:38+00:00","author":"Krista Bouchey","twitter_card":"summary_large_image","twitter_creator":"@OrcasPower","twitter_site":"@orcaspower","twitter_misc":{"Written by":"Krista Bouchey","Est. reading time":"1 minuto"},"schema":{"@context":"https:\/\/schema.org","@graph":[{"@type":"Article","@id":"https:\/\/www.opalco.com\/co-ops-vote-san-juan-county-co-ops-celebrate-national-cooperative-month\/2018\/09\/#article","isPartOf":{"@id":"https:\/\/www.opalco.com\/co-ops-vote-san-juan-county-co-ops-celebrate-national-cooperative-month\/2018\/09\/"},"author":{"name":"Krista Bouchey","@id":"https:\/\/www.opalco.com\/#\/schema\/person\/a5686fb5efc9d7787dad40e35b56abad"},"headline":"CO-OPS VOTE! San Juan County Co-ops Celebrate National Cooperative Month","datePublished":"2018-09-21T15:41:38+00:00","mainEntityOfPage":{"@id":"https:\/\/www.opalco.com\/co-ops-vote-san-juan-county-co-ops-celebrate-national-cooperative-month\/2018\/09\/"},"wordCount":243,"publisher":{"@id":"https:\/\/www.opalco.com\/#organization"},"image":{"@id":"https:\/\/www.opalco.com\/co-ops-vote-san-juan-county-co-ops-celebrate-national-cooperative-month\/2018\/09\/#primaryimage"},"thumbnailUrl":"https:\/\/www.opalco.com\/wp-content\/uploads\/2018\/09\/coops-vote-pdf.jpg","keywords":["co-op","election","events","vote"],"articleSection":["Events"],"inLanguage":"es-ES"},{"@type":"WebPage","@id":"https:\/\/www.opalco.com\/co-ops-vote-san-juan-county-co-ops-celebrate-national-cooperative-month\/2018\/09\/","url":"https:\/\/www.opalco.com\/co-ops-vote-san-juan-county-co-ops-celebrate-national-cooperative-month\/2018\/09\/","name":"\u00a1VOTO COOPERATIVO! Cooperativas del Condado de San Juan celebran el Mes Cooperativo Nacional - OPALCO","isPartOf":{"@id":"https:\/\/www.opalco.com\/#website"},"primaryImageOfPage":{"@id":"https:\/\/www.opalco.com\/co-ops-vote-san-juan-county-co-ops-celebrate-national-cooperative-month\/2018\/09\/#primaryimage"},"image":{"@id":"https:\/\/www.opalco.com\/co-ops-vote-san-juan-county-co-ops-celebrate-national-cooperative-month\/2018\/09\/#primaryimage"},"thumbnailUrl":"https:\/\/www.opalco.com\/wp-content\/uploads\/2018\/09\/coops-vote-pdf.jpg","datePublished":"2018-09-21T15:41:38+00:00","breadcrumb":{"@id":"https:\/\/www.opalco.com\/co-ops-vote-san-juan-county-co-ops-celebrate-national-cooperative-month\/2018\/09\/#breadcrumb"},"inLanguage":"es-ES","potentialAction":[{"@type":"ReadAction","target":["https:\/\/www.opalco.com\/co-ops-vote-san-juan-county-co-ops-celebrate-national-cooperative-month\/2018\/09\/"]}]},{"@type":"ImageObject","inLanguage":"es-ES","@id":"https:\/\/www.opalco.com\/co-ops-vote-san-juan-county-co-ops-celebrate-national-cooperative-month\/2018\/09\/#primaryimage","url":"https:\/\/www.opalco.com\/wp-content\/uploads\/2018\/09\/coops-vote-pdf.jpg","contentUrl":"https:\/\/www.opalco.com\/wp-content\/uploads\/2018\/09\/coops-vote-pdf.jpg","caption":"coops vote image"},{"@type":"BreadcrumbList","@id":"https:\/\/www.opalco.com\/co-ops-vote-san-juan-county-co-ops-celebrate-national-cooperative-month\/2018\/09\/#breadcrumb","itemListElement":[{"@type":"ListItem","position":1,"name":"Home","item":"https:\/\/www.opalco.com\/"},{"@type":"ListItem","position":2,"name":"CO-OPS VOTE! San Juan County Co-ops Celebrate National Cooperative Month"}]},{"@type":"WebSite","@id":"https:\/\/www.opalco.com\/#website","url":"https:\/\/www.opalco.com\/","name":"OPALCO","description":"Cooperativa de energ\u00eda y luz Orcas","publisher":{"@id":"https:\/\/www.opalco.com\/#organization"},"potentialAction":[{"@type":"SearchAction","target":{"@type":"EntryPoint","urlTemplate":"https:\/\/www.opalco.com\/?s={search_term_string}"},"query-input":{"@type":"PropertyValueSpecification","valueRequired":true,"valueName":"search_term_string"}}],"inLanguage":"es-ES"},{"@type":"Organization","@id":"https:\/\/www.opalco.com\/#organization","name":"Cooperativa de energ\u00eda y luz Orcas","url":"https:\/\/www.opalco.com\/","logo":{"@type":"ImageObject","inLanguage":"es-ES","@id":"https:\/\/www.opalco.com\/#\/schema\/logo\/image\/","url":"https:\/\/www.opalco.com\/wp-content\/uploads\/2015\/10\/09-full-color-logo.jpg","contentUrl":"https:\/\/www.opalco.com\/wp-content\/uploads\/2015\/10\/09-full-color-logo.jpg","width":788,"height":624,"caption":"Orcas Power & Light Cooperative"},"image":{"@id":"https:\/\/www.opalco.com\/#\/schema\/logo\/image\/"},"sameAs":["https:\/\/www.facebook.com\/orcaspower","https:\/\/x.com\/orcaspower"]},{"@type":"Person","@id":"https:\/\/www.opalco.com\/#\/schema\/person\/a5686fb5efc9d7787dad40e35b56abad","name":"Krista Bouchey","image":{"@type":"ImageObject","inLanguage":"es-ES","@id":"https:\/\/secure.gravatar.com\/avatar\/55520213b4e552fa8135f4e16078d94b4ff2df5da73caf284df5a1280b02195a?s=96&d=mm&r=g","url":"https:\/\/secure.gravatar.com\/avatar\/55520213b4e552fa8135f4e16078d94b4ff2df5da73caf284df5a1280b02195a?s=96&d=mm&r=g","contentUrl":"https:\/\/secure.gravatar.com\/avatar\/55520213b4e552fa8135f4e16078d94b4ff2df5da73caf284df5a1280b02195a?s=96&d=mm&r=g","caption":"Krista Bouchey"},"sameAs":["https:\/\/x.com\/OrcasPower"],"url":"https:\/\/www.opalco.com\/es\/author\/kbouchey\/"}]}},"_links":{"self":[{"href":"https:\/\/www.opalco.com\/es\/wp-json\/wp\/v2\/posts\/12387","targetHints":{"allow":["GET"]}}],"collection":[{"href":"https:\/\/www.opalco.com\/es\/wp-json\/wp\/v2\/posts"}],"about":[{"href":"https:\/\/www.opalco.com\/es\/wp-json\/wp\/v2\/types\/post"}],"author":[{"embeddable":true,"href":"https:\/\/www.opalco.com\/es\/wp-json\/wp\/v2\/users\/34"}],"replies":[{"embeddable":true,"href":"https:\/\/www.opalco.com\/es\/wp-json\/wp\/v2\/comments?post=12387"}],"version-history":[{"count":0,"href":"https:\/\/www.opalco.com\/es\/wp-json\/wp\/v2\/posts\/12387\/revisions"}],"wp:featuredmedia":[{"embeddable":true,"href":"https:\/\/www.opalco.com\/es\/wp-json\/wp\/v2\/media\/12388"}],"wp:attachment":[{"href":"https:\/\/www.opalco.com\/es\/wp-json\/wp\/v2\/media?parent=12387"}],"wp:term":[{"taxonomy":"category","embeddable":true,"href":"https:\/\/www.opalco.com\/es\/wp-json\/wp\/v2\/categories?post=12387"},{"taxonomy":"post_tag","embeddable":true,"href":"https:\/\/www.opalco.com\/es\/wp-json\/wp\/v2\/tags?post=12387"}],"curies":[{"name":"gracias","href":"https:\/\/api.w.org\/{rel}","templated":true}]}}