{"id":11208,"date":"2017-10-26T17:04:14","date_gmt":"2017-10-27T00:04:14","guid":{"rendered":"https:\/\/www.opalco.com\/?p=11208"},"modified":"2019-08-26T23:01:04","modified_gmt":"2019-08-26T23:01:04","slug":"el-miembro-de-la-junta-directiva-de-opalco-jim-lett-se-jubilo-los-candidatos-buscaron-ser-nombrados-en-la-junta-directiva","status":"publish","type":"post","link":"https:\/\/www.opalco.com\/es\/el-miembro-de-la-junta-directiva-de-opalco-jim-lett-se-jubilo-los-candidatos-buscaron-ser-nombrados-en-la-junta-directiva\/2017\/10\/","title":{"rendered":"Jim Lett, miembro de la junta directiva de OPALCO, se jubilar\u00e1; Se buscan candidatos para el nombramiento de la junta"},"content":{"rendered":"<p>Jim Lett, miembro de la junta directiva de OPALCO, anunci\u00f3 su retiro para pasar m\u00e1s tiempo con su \u201cmultitud de nietos\u201d. Lett se jubilar\u00e1 el 31 de enero de 2018 y el miembro del Comit\u00e9 de Elecciones y Gobernanza est\u00e1 buscando solicitudes de candidatos del Distrito 3 (Islas L\u00f3pez, Decatur, Centro y Charles) interesados en cubrir la vacante. Las solicitudes deben presentarse el 20 de noviembre de 2017.<\/p>\n<p>&quot;Extra\u00f1aremos la toma de decisiones reflexiva y firme de Jim&quot;, dijo Foster Hildreth, Gerente General. &quot;El enfoque de Jim en la seguridad y la responsabilidad fiscal seguir\u00e1 siendo de gran utilidad para nuestros miembros de la cooperativa en los a\u00f1os venideros&quot;.<\/p>\n<p>Lett se uni\u00f3 a la Junta en 2009 y se desempe\u00f1\u00f3 como Presidente de la Junta en 2015-2016. Obtuvo su Certificaci\u00f3n de Director Cooperativo Acreditado de la Asociaci\u00f3n Nacional de Electricidad Rural y es un defensor de la diferencia cooperativa. &quot;Cualquier persona interesada en postularse para la Junta Directiva de OPALCO debe estar dispuesta a tomarse el tiempo para comprender y apreciar c\u00f3mo funciona una cooperativa&quot;, dijo Lett. &quot;Es necesario equilibrar la gesti\u00f3n de un negocio sano y salvo con los principios cooperativos que nos gu\u00edan en el cuidado de nuestros miembros y la protecci\u00f3n de nuestro entorno sensible&quot;.<\/p>\n<p>Durante su mandato, Lett ayud\u00f3 a impulsar algunos cambios importantes. &quot;Estoy muy orgulloso de nuestra perseverancia y \u00e9xito final en la entrega de una soluci\u00f3n de banda ancha para el condado de San Juan&quot;, dijo Lett. &quot;Felicitaciones a mis compa\u00f1eros miembros de la Junta, Foster Hildreth y a todo el equipo de OPALCO por su arduo trabajo e ingenio para brindar accesibilidad al mundo real a todos, manteniendo al mismo tiempo finanzas saludables y las luces encendidas&quot;.<\/p>\n<p>En cuanto al futuro de OPALCO, Lett conf\u00eda en que el Comit\u00e9 de Elecci\u00f3n y Gobernanza de miembros est\u00e1 en camino de formar a los miembros de la junta m\u00e1s calificados y otorga las mejores calificaciones a la Junta actual por su dedicaci\u00f3n, logros y compromiso de servir a los miembros. &quot;La industria est\u00e1 cambiando r\u00e1pidamente&quot;, dijo Lett, &quot;los miembros de la junta deben estar alerta para mantenerse al d\u00eda con los desaf\u00edos venideros: desarrollar resiliencia local con los proyectos solares comunitarios y fortalecer nuestro sistema en las islas y en el continente&quot;.<\/p>\n<p>Se aceptar\u00e1n solicitudes para este puesto abierto hasta el 20 de noviembre de 2017. Los candidatos deben ser residentes del Distrito 3, como lo demuestra una membres\u00eda de OPALCO con un medidor residencial a su nombre. Para conocer todos los requisitos, consulte los Estatutos de OPALCO, Art\u00edculo III, Secci\u00f3n 2.<\/p>\n<p>El Comit\u00e9 de Elecciones y Gobernanza seleccionar\u00e1 una lista de candidatos calificados para presentarlos a la junta. Como se establece en los estatutos de OPALCO, Art\u00edculo III, Secci\u00f3n 4, \u201cUna vacante que ocurra en la Junta Directiva se cubrir\u00e1 mediante la elecci\u00f3n de un miembro de energ\u00eda residente del mismo distrito que el director cuyo cargo queda vacante, por la mayor\u00eda de votos de los restantes directores, y un director as\u00ed elegido desempe\u00f1ar\u00e1 sus funciones por la parte restante del mandato o hasta que su sucesor haya sido elegido y haya calificado\u201d.<\/p>\n<p>El pr\u00f3ximo ciclo electoral para el Distrito 3 cae en 2019. Para postularse, env\u00ede la carta de presentaci\u00f3n y la Solicitud de OPALCO para puestos en la Junta Directiva al EGC c\/o Bev Madan: bmadan@opalco.com.<\/p>\n<p>La fecha l\u00edmite para los solicitantes de la junta es<strong>\u00a020 de noviembre de 2017<\/strong>. La solicitud, los documentos de referencia y m\u00e1s informaci\u00f3n se pueden encontrar en el\u00a0<a href=\"https:\/\/www.opalco.com\/es\/resource-library\/#rlfboardmeetingsandmaterials\">Biblioteca de recursos<\/a>\u00a0en\u00a0<strong>www.opalco.com.<\/strong><\/p>","protected":false},"excerpt":{"rendered":"<p>Jim Lett, miembro de la junta directiva de OPALCO, anunci\u00f3 su retiro para pasar m\u00e1s tiempo con su \u201cmultitud de nietos\u201d. Lett se jubilar\u00e1 el 31 de enero de 2018 y el miembro... <a class=\"co-blog_post--morelink\" href=\"https:\/\/www.opalco.com\/es\/el-miembro-de-la-junta-directiva-de-opalco-jim-lett-se-jubilo-los-candidatos-buscaron-ser-nombrados-en-la-junta-directiva\/2017\/10\/\" aria-label=\"Leer m\u00e1s sobre: Jim Lett, miembro de la junta directiva de OPALCO, se jubila; se buscan candidatos para su nombramiento en la junta.\">Leer m\u00e1s<\/a><\/p>","protected":false},"author":34,"featured_media":11209,"comment_status":"closed","ping_status":"closed","sticky":false,"template":"","format":"standard","meta":{"_acf_changed":false,"_searchwp_excluded":"","footnotes":""},"categories":[30],"tags":[231,12,16],"class_list":["post-11208","post","type-post","status-publish","format-standard","has-post-thumbnail","hentry","category-board-news","tag-application","tag-board","tag-board-of-directors"],"acf":[],"yoast_head":"<!-- This site is optimized with the Yoast SEO plugin v27.2 - https:\/\/yoast.com\/product\/yoast-seo-wordpress\/ -->\n<title>OPALCO Board Member Jim Lett to Retire; Candidates Sought for Board Appointment - OPALCO<\/title>\n<meta name=\"robots\" content=\"index, follow, max-snippet:-1, max-image-preview:large, max-video-preview:-1\" \/>\n<link rel=\"canonical\" href=\"https:\/\/www.opalco.com\/es\/el-miembro-de-la-junta-directiva-de-opalco-jim-lett-se-jubilo-los-candidatos-buscaron-ser-nombrados-en-la-junta-directiva\/2017\/10\/\" \/>\n<meta property=\"og:locale\" content=\"es_ES\" \/>\n<meta property=\"og:type\" content=\"article\" \/>\n<meta property=\"og:title\" content=\"OPALCO Board Member Jim Lett to Retire; Candidates Sought for Board Appointment - OPALCO\" \/>\n<meta property=\"og:description\" content=\"OPALCO Board Member Jim Lett has announced his retirement in order to spend more time with his \u201ccrowd of grandchildren.\u201d Lett will retire on January 31, 2018 and the member &hellip; Read more\" \/>\n<meta property=\"og:url\" content=\"https:\/\/www.opalco.com\/es\/el-miembro-de-la-junta-directiva-de-opalco-jim-lett-se-jubilo-los-candidatos-buscaron-ser-nombrados-en-la-junta-directiva\/2017\/10\/\" \/>\n<meta property=\"og:site_name\" content=\"OPALCO\" \/>\n<meta property=\"article:publisher\" content=\"https:\/\/www.facebook.com\/orcaspower\" \/>\n<meta property=\"article:published_time\" content=\"2017-10-27T00:04:14+00:00\" \/>\n<meta property=\"article:modified_time\" content=\"2019-08-26T23:01:04+00:00\" \/>\n<meta property=\"og:image\" content=\"https:\/\/www.opalco.com\/wp-content\/uploads\/2017\/10\/Jim-Lett-grandkids.jpg\" \/>\n\t<meta property=\"og:image:width\" content=\"1800\" \/>\n\t<meta property=\"og:image:height\" content=\"1357\" \/>\n\t<meta property=\"og:image:type\" content=\"image\/jpeg\" \/>\n<meta name=\"author\" content=\"Krista Bouchey\" \/>\n<meta name=\"twitter:card\" content=\"summary_large_image\" \/>\n<meta name=\"twitter:creator\" content=\"@OrcasPower\" \/>\n<meta name=\"twitter:site\" content=\"@orcaspower\" \/>\n<meta name=\"twitter:label1\" content=\"Written by\" \/>\n\t<meta name=\"twitter:data1\" content=\"Krista Bouchey\" \/>\n\t<meta name=\"twitter:label2\" content=\"Est. reading time\" \/>\n\t<meta name=\"twitter:data2\" content=\"3 minutos\" \/>\n<script type=\"application\/ld+json\" class=\"yoast-schema-graph\">{\"@context\":\"https:\/\/schema.org\",\"@graph\":[{\"@type\":\"Article\",\"@id\":\"https:\/\/www.opalco.com\/opalco-board-member-jim-lett-retire-candidates-sought-board-appointment\/2017\/10\/#article\",\"isPartOf\":{\"@id\":\"https:\/\/www.opalco.com\/opalco-board-member-jim-lett-retire-candidates-sought-board-appointment\/2017\/10\/\"},\"author\":{\"name\":\"Krista Bouchey\",\"@id\":\"https:\/\/www.opalco.com\/#\/schema\/person\/cebe1a1e7d66316c1c1dd7911b9f7ad3\"},\"headline\":\"OPALCO Board Member Jim Lett to Retire; Candidates Sought for Board Appointment\",\"datePublished\":\"2017-10-27T00:04:14+00:00\",\"dateModified\":\"2019-08-26T23:01:04+00:00\",\"mainEntityOfPage\":{\"@id\":\"https:\/\/www.opalco.com\/opalco-board-member-jim-lett-retire-candidates-sought-board-appointment\/2017\/10\/\"},\"wordCount\":525,\"publisher\":{\"@id\":\"https:\/\/www.opalco.com\/#organization\"},\"image\":{\"@id\":\"https:\/\/www.opalco.com\/opalco-board-member-jim-lett-retire-candidates-sought-board-appointment\/2017\/10\/#primaryimage\"},\"thumbnailUrl\":\"https:\/\/www.opalco.com\/wp-content\/uploads\/2017\/10\/Jim-Lett-grandkids.jpg\",\"keywords\":[\"application\",\"board\",\"Board of Directors\"],\"articleSection\":[\"Board News\"],\"inLanguage\":\"es-ES\"},{\"@type\":\"WebPage\",\"@id\":\"https:\/\/www.opalco.com\/opalco-board-member-jim-lett-retire-candidates-sought-board-appointment\/2017\/10\/\",\"url\":\"https:\/\/www.opalco.com\/opalco-board-member-jim-lett-retire-candidates-sought-board-appointment\/2017\/10\/\",\"name\":\"OPALCO Board Member Jim Lett to Retire; Candidates Sought for Board Appointment - OPALCO\",\"isPartOf\":{\"@id\":\"https:\/\/www.opalco.com\/#website\"},\"primaryImageOfPage\":{\"@id\":\"https:\/\/www.opalco.com\/opalco-board-member-jim-lett-retire-candidates-sought-board-appointment\/2017\/10\/#primaryimage\"},\"image\":{\"@id\":\"https:\/\/www.opalco.com\/opalco-board-member-jim-lett-retire-candidates-sought-board-appointment\/2017\/10\/#primaryimage\"},\"thumbnailUrl\":\"https:\/\/www.opalco.com\/wp-content\/uploads\/2017\/10\/Jim-Lett-grandkids.jpg\",\"datePublished\":\"2017-10-27T00:04:14+00:00\",\"dateModified\":\"2019-08-26T23:01:04+00:00\",\"breadcrumb\":{\"@id\":\"https:\/\/www.opalco.com\/opalco-board-member-jim-lett-retire-candidates-sought-board-appointment\/2017\/10\/#breadcrumb\"},\"inLanguage\":\"es-ES\",\"potentialAction\":[{\"@type\":\"ReadAction\",\"target\":[\"https:\/\/www.opalco.com\/opalco-board-member-jim-lett-retire-candidates-sought-board-appointment\/2017\/10\/\"]}]},{\"@type\":\"ImageObject\",\"inLanguage\":\"es-ES\",\"@id\":\"https:\/\/www.opalco.com\/opalco-board-member-jim-lett-retire-candidates-sought-board-appointment\/2017\/10\/#primaryimage\",\"url\":\"https:\/\/www.opalco.com\/wp-content\/uploads\/2017\/10\/Jim-Lett-grandkids.jpg\",\"contentUrl\":\"https:\/\/www.opalco.com\/wp-content\/uploads\/2017\/10\/Jim-Lett-grandkids.jpg\",\"width\":1800,\"height\":1357,\"caption\":\"Jim Lett with some of the grandkid crowd\"},{\"@type\":\"BreadcrumbList\",\"@id\":\"https:\/\/www.opalco.com\/opalco-board-member-jim-lett-retire-candidates-sought-board-appointment\/2017\/10\/#breadcrumb\",\"itemListElement\":[{\"@type\":\"ListItem\",\"position\":1,\"name\":\"Home\",\"item\":\"https:\/\/www.opalco.com\/\"},{\"@type\":\"ListItem\",\"position\":2,\"name\":\"OPALCO Board Member Jim Lett to Retire; Candidates Sought for Board Appointment\"}]},{\"@type\":\"WebSite\",\"@id\":\"https:\/\/www.opalco.com\/#website\",\"url\":\"https:\/\/www.opalco.com\/\",\"name\":\"OPALCO\",\"description\":\"Orcas Power &amp; Light Co-op\",\"publisher\":{\"@id\":\"https:\/\/www.opalco.com\/#organization\"},\"potentialAction\":[{\"@type\":\"SearchAction\",\"target\":{\"@type\":\"EntryPoint\",\"urlTemplate\":\"https:\/\/www.opalco.com\/?s={search_term_string}\"},\"query-input\":{\"@type\":\"PropertyValueSpecification\",\"valueRequired\":true,\"valueName\":\"search_term_string\"}}],\"inLanguage\":\"es-ES\"},{\"@type\":\"Organization\",\"@id\":\"https:\/\/www.opalco.com\/#organization\",\"name\":\"Orcas Power & Light Cooperative\",\"url\":\"https:\/\/www.opalco.com\/\",\"logo\":{\"@type\":\"ImageObject\",\"inLanguage\":\"es-ES\",\"@id\":\"https:\/\/www.opalco.com\/#\/schema\/logo\/image\/\",\"url\":\"https:\/\/www.opalco.com\/wp-content\/uploads\/2015\/10\/09-full-color-logo.jpg\",\"contentUrl\":\"https:\/\/www.opalco.com\/wp-content\/uploads\/2015\/10\/09-full-color-logo.jpg\",\"width\":788,\"height\":624,\"caption\":\"Orcas Power & Light Cooperative\"},\"image\":{\"@id\":\"https:\/\/www.opalco.com\/#\/schema\/logo\/image\/\"},\"sameAs\":[\"https:\/\/www.facebook.com\/orcaspower\",\"https:\/\/x.com\/orcaspower\"]},{\"@type\":\"Person\",\"@id\":\"https:\/\/www.opalco.com\/#\/schema\/person\/cebe1a1e7d66316c1c1dd7911b9f7ad3\",\"name\":\"Krista Bouchey\",\"image\":{\"@type\":\"ImageObject\",\"inLanguage\":\"es-ES\",\"@id\":\"https:\/\/secure.gravatar.com\/avatar\/55520213b4e552fa8135f4e16078d94b4ff2df5da73caf284df5a1280b02195a?s=96&d=mm&r=g\",\"url\":\"https:\/\/secure.gravatar.com\/avatar\/55520213b4e552fa8135f4e16078d94b4ff2df5da73caf284df5a1280b02195a?s=96&d=mm&r=g\",\"contentUrl\":\"https:\/\/secure.gravatar.com\/avatar\/55520213b4e552fa8135f4e16078d94b4ff2df5da73caf284df5a1280b02195a?s=96&d=mm&r=g\",\"caption\":\"Krista Bouchey\"},\"sameAs\":[\"https:\/\/x.com\/OrcasPower\"],\"url\":\"https:\/\/www.opalco.com\/es\/author\/kbouchey\/\"}]}<\/script>\n<!-- \/ Yoast SEO plugin. -->","yoast_head_json":{"title":"Jim Lett, miembro de la junta directiva de OPALCO, se jubilar\u00e1; Se buscan candidatos para nombramiento de junta directiva - OPALCO","robots":{"index":"index","follow":"follow","max-snippet":"max-snippet:-1","max-image-preview":"max-image-preview:large","max-video-preview":"max-video-preview:-1"},"canonical":"https:\/\/www.opalco.com\/es\/el-miembro-de-la-junta-directiva-de-opalco-jim-lett-se-jubilo-los-candidatos-buscaron-ser-nombrados-en-la-junta-directiva\/2017\/10\/","og_locale":"es_ES","og_type":"article","og_title":"OPALCO Board Member Jim Lett to Retire; Candidates Sought for Board Appointment - OPALCO","og_description":"OPALCO Board Member Jim Lett has announced his retirement in order to spend more time with his \u201ccrowd of grandchildren.\u201d Lett will retire on January 31, 2018 and the member &hellip; Read more","og_url":"https:\/\/www.opalco.com\/es\/el-miembro-de-la-junta-directiva-de-opalco-jim-lett-se-jubilo-los-candidatos-buscaron-ser-nombrados-en-la-junta-directiva\/2017\/10\/","og_site_name":"OPALCO","article_publisher":"https:\/\/www.facebook.com\/orcaspower","article_published_time":"2017-10-27T00:04:14+00:00","article_modified_time":"2019-08-26T23:01:04+00:00","og_image":[{"width":1800,"height":1357,"url":"https:\/\/www.opalco.com\/wp-content\/uploads\/2017\/10\/Jim-Lett-grandkids.jpg","type":"image\/jpeg"}],"author":"Krista Bouchey","twitter_card":"summary_large_image","twitter_creator":"@OrcasPower","twitter_site":"@orcaspower","twitter_misc":{"Written by":"Krista Bouchey","Est. reading time":"3 minutos"},"schema":{"@context":"https:\/\/schema.org","@graph":[{"@type":"Article","@id":"https:\/\/www.opalco.com\/opalco-board-member-jim-lett-retire-candidates-sought-board-appointment\/2017\/10\/#article","isPartOf":{"@id":"https:\/\/www.opalco.com\/opalco-board-member-jim-lett-retire-candidates-sought-board-appointment\/2017\/10\/"},"author":{"name":"Krista Bouchey","@id":"https:\/\/www.opalco.com\/#\/schema\/person\/cebe1a1e7d66316c1c1dd7911b9f7ad3"},"headline":"OPALCO Board Member Jim Lett to Retire; Candidates Sought for Board Appointment","datePublished":"2017-10-27T00:04:14+00:00","dateModified":"2019-08-26T23:01:04+00:00","mainEntityOfPage":{"@id":"https:\/\/www.opalco.com\/opalco-board-member-jim-lett-retire-candidates-sought-board-appointment\/2017\/10\/"},"wordCount":525,"publisher":{"@id":"https:\/\/www.opalco.com\/#organization"},"image":{"@id":"https:\/\/www.opalco.com\/opalco-board-member-jim-lett-retire-candidates-sought-board-appointment\/2017\/10\/#primaryimage"},"thumbnailUrl":"https:\/\/www.opalco.com\/wp-content\/uploads\/2017\/10\/Jim-Lett-grandkids.jpg","keywords":["application","board","Board of Directors"],"articleSection":["Board News"],"inLanguage":"es-ES"},{"@type":"WebPage","@id":"https:\/\/www.opalco.com\/opalco-board-member-jim-lett-retire-candidates-sought-board-appointment\/2017\/10\/","url":"https:\/\/www.opalco.com\/opalco-board-member-jim-lett-retire-candidates-sought-board-appointment\/2017\/10\/","name":"Jim Lett, miembro de la junta directiva de OPALCO, se jubilar\u00e1; Se buscan candidatos para nombramiento de junta directiva - OPALCO","isPartOf":{"@id":"https:\/\/www.opalco.com\/#website"},"primaryImageOfPage":{"@id":"https:\/\/www.opalco.com\/opalco-board-member-jim-lett-retire-candidates-sought-board-appointment\/2017\/10\/#primaryimage"},"image":{"@id":"https:\/\/www.opalco.com\/opalco-board-member-jim-lett-retire-candidates-sought-board-appointment\/2017\/10\/#primaryimage"},"thumbnailUrl":"https:\/\/www.opalco.com\/wp-content\/uploads\/2017\/10\/Jim-Lett-grandkids.jpg","datePublished":"2017-10-27T00:04:14+00:00","dateModified":"2019-08-26T23:01:04+00:00","breadcrumb":{"@id":"https:\/\/www.opalco.com\/opalco-board-member-jim-lett-retire-candidates-sought-board-appointment\/2017\/10\/#breadcrumb"},"inLanguage":"es-ES","potentialAction":[{"@type":"ReadAction","target":["https:\/\/www.opalco.com\/opalco-board-member-jim-lett-retire-candidates-sought-board-appointment\/2017\/10\/"]}]},{"@type":"ImageObject","inLanguage":"es-ES","@id":"https:\/\/www.opalco.com\/opalco-board-member-jim-lett-retire-candidates-sought-board-appointment\/2017\/10\/#primaryimage","url":"https:\/\/www.opalco.com\/wp-content\/uploads\/2017\/10\/Jim-Lett-grandkids.jpg","contentUrl":"https:\/\/www.opalco.com\/wp-content\/uploads\/2017\/10\/Jim-Lett-grandkids.jpg","width":1800,"height":1357,"caption":"Jim Lett with some of the grandkid crowd"},{"@type":"BreadcrumbList","@id":"https:\/\/www.opalco.com\/opalco-board-member-jim-lett-retire-candidates-sought-board-appointment\/2017\/10\/#breadcrumb","itemListElement":[{"@type":"ListItem","position":1,"name":"Home","item":"https:\/\/www.opalco.com\/"},{"@type":"ListItem","position":2,"name":"OPALCO Board Member Jim Lett to Retire; Candidates Sought for Board Appointment"}]},{"@type":"WebSite","@id":"https:\/\/www.opalco.com\/#website","url":"https:\/\/www.opalco.com\/","name":"OPALCO","description":"Cooperativa de energ\u00eda y luz Orcas","publisher":{"@id":"https:\/\/www.opalco.com\/#organization"},"potentialAction":[{"@type":"SearchAction","target":{"@type":"EntryPoint","urlTemplate":"https:\/\/www.opalco.com\/?s={search_term_string}"},"query-input":{"@type":"PropertyValueSpecification","valueRequired":true,"valueName":"search_term_string"}}],"inLanguage":"es-ES"},{"@type":"Organization","@id":"https:\/\/www.opalco.com\/#organization","name":"Cooperativa de energ\u00eda y luz Orcas","url":"https:\/\/www.opalco.com\/","logo":{"@type":"ImageObject","inLanguage":"es-ES","@id":"https:\/\/www.opalco.com\/#\/schema\/logo\/image\/","url":"https:\/\/www.opalco.com\/wp-content\/uploads\/2015\/10\/09-full-color-logo.jpg","contentUrl":"https:\/\/www.opalco.com\/wp-content\/uploads\/2015\/10\/09-full-color-logo.jpg","width":788,"height":624,"caption":"Orcas Power & Light Cooperative"},"image":{"@id":"https:\/\/www.opalco.com\/#\/schema\/logo\/image\/"},"sameAs":["https:\/\/www.facebook.com\/orcaspower","https:\/\/x.com\/orcaspower"]},{"@type":"Person","@id":"https:\/\/www.opalco.com\/#\/schema\/person\/cebe1a1e7d66316c1c1dd7911b9f7ad3","name":"Krista Bouchey","image":{"@type":"ImageObject","inLanguage":"es-ES","@id":"https:\/\/secure.gravatar.com\/avatar\/55520213b4e552fa8135f4e16078d94b4ff2df5da73caf284df5a1280b02195a?s=96&d=mm&r=g","url":"https:\/\/secure.gravatar.com\/avatar\/55520213b4e552fa8135f4e16078d94b4ff2df5da73caf284df5a1280b02195a?s=96&d=mm&r=g","contentUrl":"https:\/\/secure.gravatar.com\/avatar\/55520213b4e552fa8135f4e16078d94b4ff2df5da73caf284df5a1280b02195a?s=96&d=mm&r=g","caption":"Krista Bouchey"},"sameAs":["https:\/\/x.com\/OrcasPower"],"url":"https:\/\/www.opalco.com\/es\/author\/kbouchey\/"}]}},"_links":{"self":[{"href":"https:\/\/www.opalco.com\/es\/wp-json\/wp\/v2\/posts\/11208","targetHints":{"allow":["GET"]}}],"collection":[{"href":"https:\/\/www.opalco.com\/es\/wp-json\/wp\/v2\/posts"}],"about":[{"href":"https:\/\/www.opalco.com\/es\/wp-json\/wp\/v2\/types\/post"}],"author":[{"embeddable":true,"href":"https:\/\/www.opalco.com\/es\/wp-json\/wp\/v2\/users\/34"}],"replies":[{"embeddable":true,"href":"https:\/\/www.opalco.com\/es\/wp-json\/wp\/v2\/comments?post=11208"}],"version-history":[{"count":0,"href":"https:\/\/www.opalco.com\/es\/wp-json\/wp\/v2\/posts\/11208\/revisions"}],"wp:featuredmedia":[{"embeddable":true,"href":"https:\/\/www.opalco.com\/es\/wp-json\/wp\/v2\/media\/11209"}],"wp:attachment":[{"href":"https:\/\/www.opalco.com\/es\/wp-json\/wp\/v2\/media?parent=11208"}],"wp:term":[{"taxonomy":"category","embeddable":true,"href":"https:\/\/www.opalco.com\/es\/wp-json\/wp\/v2\/categories?post=11208"},{"taxonomy":"post_tag","embeddable":true,"href":"https:\/\/www.opalco.com\/es\/wp-json\/wp\/v2\/tags?post=11208"}],"curies":[{"name":"gracias","href":"https:\/\/api.w.org\/{rel}","templated":true}]}}