{"id":10191,"date":"2017-02-09T10:49:56","date_gmt":"2017-02-09T18:49:56","guid":{"rendered":"https:\/\/www.opalco.com\/?p=10191"},"modified":"2017-02-09T10:49:56","modified_gmt":"2017-02-09T18:49:56","slug":"foro-comunitario-preparacion-para-emergencias-isla-orcas","status":"publish","type":"post","link":"https:\/\/www.opalco.com\/es\/foro-comunitario-preparacion-para-emergencias-isla-orcas\/2017\/02\/","title":{"rendered":"FORO COMUNITARIO SOBRE PREPARACI\u00d3N PARA EMERGENCIAS EN LA ISLA ORCAS"},"content":{"rendered":"<p>Organizado por representantes de OPALCO, Orcas Fire &amp; Rescue, Manejo de Emergencias del Condado de San Juan y el Departamento del Sheriff del Condado de San Juan, este foro comunitario compartir\u00e1 las mejores pr\u00e1cticas y discutir\u00e1 la planificaci\u00f3n individual y vecinal para mejorar nuestra capacidad como isle\u00f1os para afrontar emergencias.<\/p>\n<p><strong>MARTES 21 DE FEBRERO<sup>CALLE<\/sup><\/strong><\/p>\n<p><strong>CENTRO DE MAYORES ORCAS<\/strong><\/p>\n<p><strong>4:00 \u2013 6:30 p.m.<\/strong><\/p>\n<p>Despu\u00e9s de breves presentaciones de los socorristas de emergencias locales, habr\u00e1 una discusi\u00f3n abierta y una invitaci\u00f3n para compartir sus ideas sobre preparaci\u00f3n y organizaci\u00f3n para emergencias. Cuando la preparaci\u00f3n individual del hogar y los sistemas de emergencia del vecindario se combinan con los servicios de primeros auxilios, todos nos volvemos m\u00e1s eficaces y, como comunidad, nos convertimos en un nosotros m\u00e1s grande.<\/p>\n<p>Estas presentaciones y debates mejorar\u00e1n nuestra comprensi\u00f3n de c\u00f3mo los propios preparativos, habilidades, recursos, acceso r\u00e1pido a equipos y conciencia de la comunicaci\u00f3n comunitaria pueden aumentar el \u00e9xito de la respuesta a emergencias. Los participantes se llevar\u00e1n una idea del papel importante que desempe\u00f1an y una lista de acciones que pueden tomar para mejorar su preparaci\u00f3n para emergencias.<\/p>","protected":false},"excerpt":{"rendered":"<p>Organizado por representantes de OPALCO, Orcas Fire &amp; Rescue, Manejo de Emergencias del Condado de San Juan y el Departamento del Sheriff del Condado de San Juan, este foro comunitario compartir\u00e1 las mejores pr\u00e1cticas y discutir\u00e1 individuos... <a class=\"co-blog_post--morelink\" href=\"https:\/\/www.opalco.com\/es\/foro-comunitario-preparacion-para-emergencias-isla-orcas\/2017\/02\/\" aria-label=\"Leer m\u00e1s sobre: FORO COMUNITARIO SOBRE PREPARACI\u00d3N PARA EMERGENCIAS EN LA ISLA ORCAS\">Leer m\u00e1s<\/a><\/p>","protected":false},"author":34,"featured_media":0,"comment_status":"closed","ping_status":"closed","sticky":false,"template":"","format":"standard","meta":{"_acf_changed":false,"_searchwp_excluded":"","footnotes":""},"categories":[38,43],"tags":[],"class_list":["post-10191","post","type-post","status-publish","format-standard","hentry","category-events","category-outages"],"acf":[],"yoast_head":"<!-- This site is optimized with the Yoast SEO plugin v27.2 - https:\/\/yoast.com\/product\/yoast-seo-wordpress\/ -->\n<title>COMMUNITY FORUM ON EMERGENCY PREPAREDNESS FOR ORCAS ISLAND - OPALCO<\/title>\n<meta name=\"robots\" content=\"index, follow, max-snippet:-1, max-image-preview:large, max-video-preview:-1\" \/>\n<link rel=\"canonical\" href=\"https:\/\/www.opalco.com\/es\/foro-comunitario-preparacion-para-emergencias-isla-orcas\/2017\/02\/\" \/>\n<meta property=\"og:locale\" content=\"es_ES\" \/>\n<meta property=\"og:type\" content=\"article\" \/>\n<meta property=\"og:title\" content=\"COMMUNITY FORUM ON EMERGENCY PREPAREDNESS FOR ORCAS ISLAND - OPALCO\" \/>\n<meta property=\"og:description\" content=\"Hosted by representatives from OPALCO, Orcas Fire &amp; Rescue, San Juan County Emergency Management and San Juan County Sheriff Department, this community forum will share best practices and discuss individual &hellip; Read more\" \/>\n<meta property=\"og:url\" content=\"https:\/\/www.opalco.com\/es\/foro-comunitario-preparacion-para-emergencias-isla-orcas\/2017\/02\/\" \/>\n<meta property=\"og:site_name\" content=\"OPALCO\" \/>\n<meta property=\"article:publisher\" content=\"https:\/\/www.facebook.com\/orcaspower\" \/>\n<meta property=\"article:published_time\" content=\"2017-02-09T18:49:56+00:00\" \/>\n<meta name=\"author\" content=\"Krista Bouchey\" \/>\n<meta name=\"twitter:card\" content=\"summary_large_image\" \/>\n<meta name=\"twitter:creator\" content=\"@OrcasPower\" \/>\n<meta name=\"twitter:site\" content=\"@orcaspower\" \/>\n<meta name=\"twitter:label1\" content=\"Written by\" \/>\n\t<meta name=\"twitter:data1\" content=\"Krista Bouchey\" \/>\n\t<meta name=\"twitter:label2\" content=\"Est. reading time\" \/>\n\t<meta name=\"twitter:data2\" content=\"1 minuto\" \/>\n<script type=\"application\/ld+json\" class=\"yoast-schema-graph\">{\"@context\":\"https:\/\/schema.org\",\"@graph\":[{\"@type\":\"Article\",\"@id\":\"https:\/\/www.opalco.com\/community-forum-emergency-preparedness-orcas-island\/2017\/02\/#article\",\"isPartOf\":{\"@id\":\"https:\/\/www.opalco.com\/community-forum-emergency-preparedness-orcas-island\/2017\/02\/\"},\"author\":{\"name\":\"Krista Bouchey\",\"@id\":\"https:\/\/www.opalco.com\/#\/schema\/person\/a5686fb5efc9d7787dad40e35b56abad\"},\"headline\":\"COMMUNITY FORUM ON EMERGENCY PREPAREDNESS FOR ORCAS ISLAND\",\"datePublished\":\"2017-02-09T18:49:56+00:00\",\"mainEntityOfPage\":{\"@id\":\"https:\/\/www.opalco.com\/community-forum-emergency-preparedness-orcas-island\/2017\/02\/\"},\"wordCount\":165,\"publisher\":{\"@id\":\"https:\/\/www.opalco.com\/#organization\"},\"articleSection\":[\"Events\",\"Outages\"],\"inLanguage\":\"es-ES\"},{\"@type\":\"WebPage\",\"@id\":\"https:\/\/www.opalco.com\/community-forum-emergency-preparedness-orcas-island\/2017\/02\/\",\"url\":\"https:\/\/www.opalco.com\/community-forum-emergency-preparedness-orcas-island\/2017\/02\/\",\"name\":\"COMMUNITY FORUM ON EMERGENCY PREPAREDNESS FOR ORCAS ISLAND - OPALCO\",\"isPartOf\":{\"@id\":\"https:\/\/www.opalco.com\/#website\"},\"datePublished\":\"2017-02-09T18:49:56+00:00\",\"breadcrumb\":{\"@id\":\"https:\/\/www.opalco.com\/community-forum-emergency-preparedness-orcas-island\/2017\/02\/#breadcrumb\"},\"inLanguage\":\"es-ES\",\"potentialAction\":[{\"@type\":\"ReadAction\",\"target\":[\"https:\/\/www.opalco.com\/community-forum-emergency-preparedness-orcas-island\/2017\/02\/\"]}]},{\"@type\":\"BreadcrumbList\",\"@id\":\"https:\/\/www.opalco.com\/community-forum-emergency-preparedness-orcas-island\/2017\/02\/#breadcrumb\",\"itemListElement\":[{\"@type\":\"ListItem\",\"position\":1,\"name\":\"Home\",\"item\":\"https:\/\/www.opalco.com\/\"},{\"@type\":\"ListItem\",\"position\":2,\"name\":\"COMMUNITY FORUM ON EMERGENCY PREPAREDNESS FOR ORCAS ISLAND\"}]},{\"@type\":\"WebSite\",\"@id\":\"https:\/\/www.opalco.com\/#website\",\"url\":\"https:\/\/www.opalco.com\/\",\"name\":\"OPALCO\",\"description\":\"Orcas Power &amp; Light Co-op\",\"publisher\":{\"@id\":\"https:\/\/www.opalco.com\/#organization\"},\"potentialAction\":[{\"@type\":\"SearchAction\",\"target\":{\"@type\":\"EntryPoint\",\"urlTemplate\":\"https:\/\/www.opalco.com\/?s={search_term_string}\"},\"query-input\":{\"@type\":\"PropertyValueSpecification\",\"valueRequired\":true,\"valueName\":\"search_term_string\"}}],\"inLanguage\":\"es-ES\"},{\"@type\":\"Organization\",\"@id\":\"https:\/\/www.opalco.com\/#organization\",\"name\":\"Orcas Power & Light Cooperative\",\"url\":\"https:\/\/www.opalco.com\/\",\"logo\":{\"@type\":\"ImageObject\",\"inLanguage\":\"es-ES\",\"@id\":\"https:\/\/www.opalco.com\/#\/schema\/logo\/image\/\",\"url\":\"https:\/\/www.opalco.com\/wp-content\/uploads\/2015\/10\/09-full-color-logo.jpg\",\"contentUrl\":\"https:\/\/www.opalco.com\/wp-content\/uploads\/2015\/10\/09-full-color-logo.jpg\",\"width\":788,\"height\":624,\"caption\":\"Orcas Power & Light Cooperative\"},\"image\":{\"@id\":\"https:\/\/www.opalco.com\/#\/schema\/logo\/image\/\"},\"sameAs\":[\"https:\/\/www.facebook.com\/orcaspower\",\"https:\/\/x.com\/orcaspower\"]},{\"@type\":\"Person\",\"@id\":\"https:\/\/www.opalco.com\/#\/schema\/person\/a5686fb5efc9d7787dad40e35b56abad\",\"name\":\"Krista Bouchey\",\"image\":{\"@type\":\"ImageObject\",\"inLanguage\":\"es-ES\",\"@id\":\"https:\/\/secure.gravatar.com\/avatar\/55520213b4e552fa8135f4e16078d94b4ff2df5da73caf284df5a1280b02195a?s=96&d=mm&r=g\",\"url\":\"https:\/\/secure.gravatar.com\/avatar\/55520213b4e552fa8135f4e16078d94b4ff2df5da73caf284df5a1280b02195a?s=96&d=mm&r=g\",\"contentUrl\":\"https:\/\/secure.gravatar.com\/avatar\/55520213b4e552fa8135f4e16078d94b4ff2df5da73caf284df5a1280b02195a?s=96&d=mm&r=g\",\"caption\":\"Krista Bouchey\"},\"sameAs\":[\"https:\/\/x.com\/OrcasPower\"],\"url\":\"https:\/\/www.opalco.com\/es\/author\/kbouchey\/\"}]}<\/script>\n<!-- \/ Yoast SEO plugin. -->","yoast_head_json":{"title":"FORO COMUNITARIO SOBRE PREPARACI\u00d3N PARA EMERGENCIAS PARA LA ISLA ORCAS - OPALCO","robots":{"index":"index","follow":"follow","max-snippet":"max-snippet:-1","max-image-preview":"max-image-preview:large","max-video-preview":"max-video-preview:-1"},"canonical":"https:\/\/www.opalco.com\/es\/foro-comunitario-preparacion-para-emergencias-isla-orcas\/2017\/02\/","og_locale":"es_ES","og_type":"article","og_title":"COMMUNITY FORUM ON EMERGENCY PREPAREDNESS FOR ORCAS ISLAND - OPALCO","og_description":"Hosted by representatives from OPALCO, Orcas Fire &amp; Rescue, San Juan County Emergency Management and San Juan County Sheriff Department, this community forum will share best practices and discuss individual &hellip; Read more","og_url":"https:\/\/www.opalco.com\/es\/foro-comunitario-preparacion-para-emergencias-isla-orcas\/2017\/02\/","og_site_name":"OPALCO","article_publisher":"https:\/\/www.facebook.com\/orcaspower","article_published_time":"2017-02-09T18:49:56+00:00","author":"Krista Bouchey","twitter_card":"summary_large_image","twitter_creator":"@OrcasPower","twitter_site":"@orcaspower","twitter_misc":{"Written by":"Krista Bouchey","Est. reading time":"1 minuto"},"schema":{"@context":"https:\/\/schema.org","@graph":[{"@type":"Article","@id":"https:\/\/www.opalco.com\/community-forum-emergency-preparedness-orcas-island\/2017\/02\/#article","isPartOf":{"@id":"https:\/\/www.opalco.com\/community-forum-emergency-preparedness-orcas-island\/2017\/02\/"},"author":{"name":"Krista Bouchey","@id":"https:\/\/www.opalco.com\/#\/schema\/person\/a5686fb5efc9d7787dad40e35b56abad"},"headline":"COMMUNITY FORUM ON EMERGENCY PREPAREDNESS FOR ORCAS ISLAND","datePublished":"2017-02-09T18:49:56+00:00","mainEntityOfPage":{"@id":"https:\/\/www.opalco.com\/community-forum-emergency-preparedness-orcas-island\/2017\/02\/"},"wordCount":165,"publisher":{"@id":"https:\/\/www.opalco.com\/#organization"},"articleSection":["Events","Outages"],"inLanguage":"es-ES"},{"@type":"WebPage","@id":"https:\/\/www.opalco.com\/community-forum-emergency-preparedness-orcas-island\/2017\/02\/","url":"https:\/\/www.opalco.com\/community-forum-emergency-preparedness-orcas-island\/2017\/02\/","name":"FORO COMUNITARIO SOBRE PREPARACI\u00d3N PARA EMERGENCIAS PARA LA ISLA ORCAS - OPALCO","isPartOf":{"@id":"https:\/\/www.opalco.com\/#website"},"datePublished":"2017-02-09T18:49:56+00:00","breadcrumb":{"@id":"https:\/\/www.opalco.com\/community-forum-emergency-preparedness-orcas-island\/2017\/02\/#breadcrumb"},"inLanguage":"es-ES","potentialAction":[{"@type":"ReadAction","target":["https:\/\/www.opalco.com\/community-forum-emergency-preparedness-orcas-island\/2017\/02\/"]}]},{"@type":"BreadcrumbList","@id":"https:\/\/www.opalco.com\/community-forum-emergency-preparedness-orcas-island\/2017\/02\/#breadcrumb","itemListElement":[{"@type":"ListItem","position":1,"name":"Home","item":"https:\/\/www.opalco.com\/"},{"@type":"ListItem","position":2,"name":"COMMUNITY FORUM ON EMERGENCY PREPAREDNESS FOR ORCAS ISLAND"}]},{"@type":"WebSite","@id":"https:\/\/www.opalco.com\/#website","url":"https:\/\/www.opalco.com\/","name":"OPALCO","description":"Cooperativa de energ\u00eda y luz Orcas","publisher":{"@id":"https:\/\/www.opalco.com\/#organization"},"potentialAction":[{"@type":"SearchAction","target":{"@type":"EntryPoint","urlTemplate":"https:\/\/www.opalco.com\/?s={search_term_string}"},"query-input":{"@type":"PropertyValueSpecification","valueRequired":true,"valueName":"search_term_string"}}],"inLanguage":"es-ES"},{"@type":"Organization","@id":"https:\/\/www.opalco.com\/#organization","name":"Cooperativa de energ\u00eda y luz Orcas","url":"https:\/\/www.opalco.com\/","logo":{"@type":"ImageObject","inLanguage":"es-ES","@id":"https:\/\/www.opalco.com\/#\/schema\/logo\/image\/","url":"https:\/\/www.opalco.com\/wp-content\/uploads\/2015\/10\/09-full-color-logo.jpg","contentUrl":"https:\/\/www.opalco.com\/wp-content\/uploads\/2015\/10\/09-full-color-logo.jpg","width":788,"height":624,"caption":"Orcas Power & Light Cooperative"},"image":{"@id":"https:\/\/www.opalco.com\/#\/schema\/logo\/image\/"},"sameAs":["https:\/\/www.facebook.com\/orcaspower","https:\/\/x.com\/orcaspower"]},{"@type":"Person","@id":"https:\/\/www.opalco.com\/#\/schema\/person\/a5686fb5efc9d7787dad40e35b56abad","name":"Krista Bouchey","image":{"@type":"ImageObject","inLanguage":"es-ES","@id":"https:\/\/secure.gravatar.com\/avatar\/55520213b4e552fa8135f4e16078d94b4ff2df5da73caf284df5a1280b02195a?s=96&d=mm&r=g","url":"https:\/\/secure.gravatar.com\/avatar\/55520213b4e552fa8135f4e16078d94b4ff2df5da73caf284df5a1280b02195a?s=96&d=mm&r=g","contentUrl":"https:\/\/secure.gravatar.com\/avatar\/55520213b4e552fa8135f4e16078d94b4ff2df5da73caf284df5a1280b02195a?s=96&d=mm&r=g","caption":"Krista Bouchey"},"sameAs":["https:\/\/x.com\/OrcasPower"],"url":"https:\/\/www.opalco.com\/es\/author\/kbouchey\/"}]}},"_links":{"self":[{"href":"https:\/\/www.opalco.com\/es\/wp-json\/wp\/v2\/posts\/10191","targetHints":{"allow":["GET"]}}],"collection":[{"href":"https:\/\/www.opalco.com\/es\/wp-json\/wp\/v2\/posts"}],"about":[{"href":"https:\/\/www.opalco.com\/es\/wp-json\/wp\/v2\/types\/post"}],"author":[{"embeddable":true,"href":"https:\/\/www.opalco.com\/es\/wp-json\/wp\/v2\/users\/34"}],"replies":[{"embeddable":true,"href":"https:\/\/www.opalco.com\/es\/wp-json\/wp\/v2\/comments?post=10191"}],"version-history":[{"count":0,"href":"https:\/\/www.opalco.com\/es\/wp-json\/wp\/v2\/posts\/10191\/revisions"}],"wp:attachment":[{"href":"https:\/\/www.opalco.com\/es\/wp-json\/wp\/v2\/media?parent=10191"}],"wp:term":[{"taxonomy":"category","embeddable":true,"href":"https:\/\/www.opalco.com\/es\/wp-json\/wp\/v2\/categories?post=10191"},{"taxonomy":"post_tag","embeddable":true,"href":"https:\/\/www.opalco.com\/es\/wp-json\/wp\/v2\/tags?post=10191"}],"curies":[{"name":"gracias","href":"https:\/\/api.w.org\/{rel}","templated":true}]}}